{"id":650890,"date":"2026-01-09T04:11:28","date_gmt":"2026-01-09T04:11:28","guid":{"rendered":"https:\/\/www.europesays.com\/fr\/650890\/"},"modified":"2026-01-09T04:11:28","modified_gmt":"2026-01-09T04:11:28","slug":"noelie-chovin-convoquee-en-equipe-de-france-u17f","status":"publish","type":"post","link":"https:\/\/www.europesays.com\/fr\/650890\/","title":{"rendered":"No\u00e9lie Chovin convoqu\u00e9e en \u00c9quipe de France U17F"},"content":{"rendered":"<p>Capitaine des U19N de la section f\u00e9minine de l\u2019AS Saint-\u00c9tienne, No\u00e9lie Chovin rejoindra l\u2019\u00c9quipe de France U17F du 19 au 22 janvier prochain.\u00a0<\/p>\n<p>D\u00e9fenseure native de Saint-\u00c9tienne et pass\u00e9e par P\u00e9rigneux St-Maurice Foot, No\u00e9lie Chovin se rendra \u00e0 Clairefontaine pour plusieurs tests. L\u2019\u00c9quipe de France U17F pr\u00e9pare actuellement le 2e tour des \u00e9liminatoires de l&rsquo;Euro 2026.<\/p>\n","protected":false},"excerpt":{"rendered":"Capitaine des U19N de la section f\u00e9minine de l\u2019AS Saint-\u00c9tienne, No\u00e9lie Chovin rejoindra l\u2019\u00c9quipe de France U17F du&hellip;\n","protected":false},"author":2,"featured_media":650891,"comment_status":"","ping_status":"","sticky":false,"template":"","format":"standard","meta":{"footnotes":""},"categories":[9653],"tags":[1111,11,2430,1777,674,1011,27,12,25,4001],"class_list":{"0":"post-650890","1":"post","2":"type-post","3":"status-publish","4":"format-standard","5":"has-post-thumbnail","7":"category-saint-etienne","8":"tag-actu","9":"tag-actualites","10":"tag-auvergne-rhone-alpes","11":"tag-eu","12":"tag-europe","13":"tag-fr","14":"tag-france","15":"tag-news","16":"tag-republique-francaise","17":"tag-saint-etienne"},"share_on_mastodon":{"url":"https:\/\/pubeurope.com\/@fr\/115863190407504923","error":""},"_links":{"self":[{"href":"https:\/\/www.europesays.com\/fr\/wp-json\/wp\/v2\/posts\/650890","targetHints":{"allow":["GET"]}}],"collection":[{"href":"https:\/\/www.europesays.com\/fr\/wp-json\/wp\/v2\/posts"}],"about":[{"href":"https:\/\/www.europesays.com\/fr\/wp-json\/wp\/v2\/types\/post"}],"author":[{"embeddable":true,"href":"https:\/\/www.europesays.com\/fr\/wp-json\/wp\/v2\/users\/2"}],"replies":[{"embeddable":true,"href":"https:\/\/www.europesays.com\/fr\/wp-json\/wp\/v2\/comments?post=650890"}],"version-history":[{"count":0,"href":"https:\/\/www.europesays.com\/fr\/wp-json\/wp\/v2\/posts\/650890\/revisions"}],"wp:featuredmedia":[{"embeddable":true,"href":"https:\/\/www.europesays.com\/fr\/wp-json\/wp\/v2\/media\/650891"}],"wp:attachment":[{"href":"https:\/\/www.europesays.com\/fr\/wp-json\/wp\/v2\/media?parent=650890"}],"wp:term":[{"taxonomy":"category","embeddable":true,"href":"https:\/\/www.europesays.com\/fr\/wp-json\/wp\/v2\/categories?post=650890"},{"taxonomy":"post_tag","embeddable":true,"href":"https:\/\/www.europesays.com\/fr\/wp-json\/wp\/v2\/tags?post=650890"}],"curies":[{"name":"wp","href":"https:\/\/api.w.org\/{rel}","templated":true}]}}