{"id":650895,"date":"2026-01-09T04:18:30","date_gmt":"2026-01-09T04:18:30","guid":{"rendered":"https:\/\/www.europesays.com\/fr\/650895\/"},"modified":"2026-01-09T04:18:30","modified_gmt":"2026-01-09T04:18:30","slug":"jean-louis-gasset-ancien-entraineur-de-montpellier-et-figure-du-football-francais-est-mort","status":"publish","type":"post","link":"https:\/\/www.europesays.com\/fr\/650895\/","title":{"rendered":"Jean-Louis Gasset, ancien entra\u00eeneur de Montpellier et figure du football fran\u00e7ais, est mort"},"content":{"rendered":"<p>                      <img loading=\"lazy\" decoding=\"async\" src=\"https:\/\/www.europesays.com\/fr\/wp-content\/uploads\/2026\/01\/6aa8d08_upload-1-rs8lkgw6ybg0-000-sapa981207045850.jpg\" alt=\"L'entra\u00eeneur Jean-Louis Gasset, au stade de la Mosson \u00e0 Montpellier, le 4 d\u00e9cembre 1998.\"   width=\"664\" height=\"443\"\/>    L&rsquo;entra\u00eeneur Jean-Louis Gasset, au stade de la Mosson \u00e0 Montpellier, le 4 d\u00e9cembre 1998.  CHRISTOPHE SIMON\/AFP                          <\/p>\n<p class=\"article__paragraph  \">C\u2019est une figure embl\u00e9matique du football fran\u00e7ais, indissociable de son incontournable casquette, qui s\u2019en est all\u00e9. L\u2019ancien entra\u00eeneur et joueur Jean-Louis Gasset est mort, vendredi 26\u00a0d\u00e9cembre \u00e0 l\u2019\u00e2ge de 72\u00a0ans, a annonc\u00e9 en d\u00e9but d\u2019apr\u00e8s-midi le Montpellier H\u00e9rault SC, dont il avait port\u00e9 les couleurs avant d\u2019entra\u00eener le club. \u00ab\u00a0Le MHSC a appris ce jour avec une immense tristesse la disparition de Jean-Louis Gasset, \u00e9crit le club montpelli\u00e9rain dans un communiqu\u00e9. Enfant du club, il a marqu\u00e9 tous ceux qui l\u2019ont crois\u00e9 par son professionnalisme, sa gentillesse et sa soif de transmission.\u00a0\u00bb<\/p>\n<p class=\"article__paragraph  \">Avant de devenir cet entra\u00eeneur familier des \u00ab\u00a0causes perdues\u00a0\u00bb et des clubs en perdition, en fin de carri\u00e8re, Jean-Louis Gasset a port\u00e9 \u00e0 plus de 260\u00a0reprises les couleurs bleues et orange de Montpellier. Le milieu de terrain avait commenc\u00e9 sa carri\u00e8re \u00e0 l\u2019AS B\u00e9ziers avant de rallier la capitale languedocienne en\u00a01975, o\u00f9 il a raccroch\u00e9 les crampons dix ans plus tard. Pour se reconvertir rapidement sur le banc. D\u2019abord en tant qu\u2019adjoint, d\u00e8s 1985 \u00e0 Montpellier, avant d\u2019\u00eatre promu entra\u00eeneur principal du club de l\u2019H\u00e9rault une saison en\u00a01998.<\/p>\n<p class=\"article__paragraph  \">Apr\u00e8s diff\u00e9rentes piges l\u2019ayant men\u00e9 du banc du SM Caen (saison 2000-2001) \u00e0 celui de l\u2019Espanyol de Barcelone \u2013 comme adjoint de Luis Fernandez lors de la saison 2003-2004 \u2013, Jean-Louis Gasset est devenu indissociable de Laurent Blanc, qu\u2019il avait c\u00f4toy\u00e9 \u00e0 Montpellier comme joueur. Pendant pr\u00e8s de dix ans (2007\u00a0\u00e0 2016), l\u2019homme \u00e0 la casquette est devenu l\u2019ombre de l\u2019ancien d\u00e9fenseur des Bleus champions du monde en\u00a01998.<\/p>\n<p>                    Ombre de Laurent Blanc pendant pr\u00e8s de dix ans                    <\/p>\n<p class=\"article__paragraph  \">Commenc\u00e9e \u00e0 Bordeaux, o\u00f9 le bin\u00f4me a remport\u00e9 un titre de champion de France \u2013 ainsi que la Coupe de la Ligue et le Troph\u00e9e des champions \u2013 en\u00a02009, leur collaboration les a men\u00e9s sur le banc de l\u2019\u00e9quipe de France puis au PSG. A Paris, Jean-Louis Gasset a largement \u00e9toff\u00e9 son palmar\u00e8s, remportant \u2013 comme adjoint \u2013 trois championnats de titres, autant de Coupes de la Ligue et de Troph\u00e9es des champions, et deux Coupes de France.<\/p>\n<p class=\"article__paragraph  \">\u00ab\u00a0Un si beau chemin pass\u00e9 ensemble, des hauts et des bas mais que de bons souvenirs, s\u2019est \u00e9mu Laurent Blanc apr\u00e8s la disparition de son ancien adjoint. Grand amoureux et passionn\u00e9 du football, tu as laiss\u00e9 une belle empreinte de toi. Les gens viennent et partent, tu vas nous laisser un grand vide. Bon voyage Jean-Louis.\u00a0\u00bb<\/p>\n<p class=\"article__paragraph  \">Apr\u00e8s la fin de son duo avec le \u00ab\u00a0Pr\u00e9sident\u00a0\u00bb, Jean-Louis Gasset a continu\u00e9 \u00e0 \u00e9cumer la France et ses clubs, se faisant une sp\u00e9cialit\u00e9 de d\u00e9barquer \u00e0 la t\u00eate de clubs en perdition pour tenter de leur insuffler un souffle nouveau. D\u2019abord \u00e0 Montpellier, en\u00a02017, o\u00f9 arriv\u00e9 en cours de saison, il avait r\u00e9ussi \u00e0 maintenir l\u2019\u00e9quipe h\u00e9raultaise dans l\u2019\u00e9lite. Puis sur les bancs de Saint-Etienne (2017-2019) puis des Girondins de Bordeaux (2020-2021), avant une improbable fin de carri\u00e8re.<\/p>\n<p class=\"article__paragraph  \">Nomm\u00e9 \u00e0 la t\u00eate de la s\u00e9lection ivoirienne avec l\u2019objectif de gagner \u00e0 domicile la Coupe d\u2019Afrique des nations 2024, <a href=\"https:\/\/www.lemonde.fr\/afrique\/article\/2024\/01\/24\/can-2024-le-selectionneur-de-la-cote-d-ivoire-jean-louis-gasset-a-ete-limoge_6212752_3212.html\" target=\"_blank\" rel=\"noopener\">il \u00e9tait limog\u00e9<\/a> apr\u00e8s une phase de groupes marqu\u00e9e par une qualification in extremis mais aussi une lourde d\u00e9faite face \u00e0 la Guin\u00e9e \u00e9quatoriale (4-0). C\u2019est donc depuis son canap\u00e9 qu\u2019il a assist\u00e9 \u00e0 <a href=\"https:\/\/www.lemonde.fr\/afrique\/article\/2024\/02\/11\/can-2024-la-cote-d-ivoire-decroche-une-troisieme-etoile-contre-le-nigeria-lors-d-une-finale-de-prestige_6216023_3212.html\" target=\"_blank\" rel=\"noopener\">l\u2019inattendu titre des Elephants<\/a>, men\u00e9s par son ex-adjoint Emerse Fa\u00e9, qui n\u2019a pas manqu\u00e9 de lui rendre hommage.<\/p>\n<p> Newsletter  <\/p>\n<p> <a href=\"https:\/\/www.lemonde.fr\/newsletters\/sport\/\" class=\"inread__link js-services-inread-link\" target=\"_blank\" rel=\"noopener\">  <\/p>\n<p>\u00ab Sport \u00bb<\/p>\n<p>Enqu\u00eates, reportages, analyses : l&rsquo;actualit\u00e9 du sport dans votre bo\u00eete e-mail chaque samedi<\/p>\n<p>S&rsquo;inscrire<\/p>\n<p> <\/a>          <\/p>\n<p> Le Monde Guides d\u2019achat  <\/p>\n<p> <a href=\"https:\/\/www.lemonde.fr\/guides-d-achat\/article\/2018\/06\/30\/les-meilleurs-antivols-pour-attacher-son-velo_5323670_5306571.html\" class=\"inread__link js-services-inread-link\" target=\"_blank\" rel=\"noopener\">  <\/p>\n<p>Cadenas de v\u00e9lo<\/p>\n<p>Les meilleurs cadenas de v\u00e9lo<\/p>\n<p>Lire<\/p>\n<p> <\/a>      <\/p>\n<p> Newsletter  <\/p>\n<p> <a href=\"https:\/\/www.lemonde.fr\/newsletters\/sport\/\" class=\"inread__link js-services-inread-link\" target=\"_blank\" rel=\"noopener\">  <\/p>\n<p>\u00ab Sport \u00bb<\/p>\n<p>Enqu\u00eates, reportages, analyses : l&rsquo;actualit\u00e9 du sport dans votre bo\u00eete e-mail chaque samedi<\/p>\n<p>S&rsquo;inscrire<\/p>\n<p> <\/a>             <\/p>\n<p class=\"article__paragraph  \">Apr\u00e8s avoir effectu\u00e9 une pige \u00e0 l\u2019Olympique de Marseille, pour tenter de stabiliser un club en crise, c\u2019est finalement \u00e0 Montpellier que Jean-Louis Gasset, qui avait pourtant annonc\u00e9 la fin de sa carri\u00e8re, a effectu\u00e9 un ultime passage sur le banc. Pour tenter, une fois encore, de sauver le club de son c\u0153ur.<\/p>\n<p>                                       Lire aussi |  <a href=\"https:\/\/www.lemonde.fr\/sport\/article\/2024\/10\/22\/jean-louis-gasset-specialiste-des-clubs-en-perdition-sort-de-sa-retraite-pour-entrainer-un-montpellier-a-la-derive_6358251_3242.html\" class=\"js-article-read-also catcher--favoris__link\" data-premium=\"\" id=\"article-title-3394733\" target=\"_blank\" rel=\"noopener\">Jean-Louis Gasset, sp\u00e9cialiste des clubs en perdition, sort de sa retraite pour entra\u00eener un Montpellier \u00e0 la d\u00e9rive<\/a>    <\/p>\n<p>   Lire plus tard  <\/p>\n<p class=\"article__author-container\"> <a class=\"article__author-link\" href=\"https:\/\/www.lemonde.fr\/signataires\/service-sports\/\" target=\"_blank\" rel=\"noopener\"> Service Sports<\/a>  <\/p>\n","protected":false},"excerpt":{"rendered":"L&rsquo;entra\u00eeneur Jean-Louis Gasset, au stade de la Mosson \u00e0 Montpellier, le 4 d\u00e9cembre 1998. CHRISTOPHE SIMON\/AFP C\u2019est une&hellip;\n","protected":false},"author":2,"featured_media":650896,"comment_status":"","ping_status":"","sticky":false,"template":"","format":"standard","meta":{"footnotes":""},"categories":[9599],"tags":[1111,11,1777,674,1011,27,2208,12,2680,25],"class_list":{"0":"post-650895","1":"post","2":"type-post","3":"status-publish","4":"format-standard","5":"has-post-thumbnail","7":"category-montpellier","8":"tag-actu","9":"tag-actualites","10":"tag-eu","11":"tag-europe","12":"tag-fr","13":"tag-france","14":"tag-montpellier","15":"tag-news","16":"tag-occitanie","17":"tag-republique-francaise"},"share_on_mastodon":{"url":"https:\/\/pubeurope.com\/@fr\/115863217964326508","error":""},"_links":{"self":[{"href":"https:\/\/www.europesays.com\/fr\/wp-json\/wp\/v2\/posts\/650895","targetHints":{"allow":["GET"]}}],"collection":[{"href":"https:\/\/www.europesays.com\/fr\/wp-json\/wp\/v2\/posts"}],"about":[{"href":"https:\/\/www.europesays.com\/fr\/wp-json\/wp\/v2\/types\/post"}],"author":[{"embeddable":true,"href":"https:\/\/www.europesays.com\/fr\/wp-json\/wp\/v2\/users\/2"}],"replies":[{"embeddable":true,"href":"https:\/\/www.europesays.com\/fr\/wp-json\/wp\/v2\/comments?post=650895"}],"version-history":[{"count":0,"href":"https:\/\/www.europesays.com\/fr\/wp-json\/wp\/v2\/posts\/650895\/revisions"}],"wp:featuredmedia":[{"embeddable":true,"href":"https:\/\/www.europesays.com\/fr\/wp-json\/wp\/v2\/media\/650896"}],"wp:attachment":[{"href":"https:\/\/www.europesays.com\/fr\/wp-json\/wp\/v2\/media?parent=650895"}],"wp:term":[{"taxonomy":"category","embeddable":true,"href":"https:\/\/www.europesays.com\/fr\/wp-json\/wp\/v2\/categories?post=650895"},{"taxonomy":"post_tag","embeddable":true,"href":"https:\/\/www.europesays.com\/fr\/wp-json\/wp\/v2\/tags?post=650895"}],"curies":[{"name":"wp","href":"https:\/\/api.w.org\/{rel}","templated":true}]}}