{"id":650897,"date":"2026-01-09T04:20:53","date_gmt":"2026-01-09T04:20:53","guid":{"rendered":"https:\/\/www.europesays.com\/fr\/650897\/"},"modified":"2026-01-09T04:20:53","modified_gmt":"2026-01-09T04:20:53","slug":"le-maire-ps-nicolas-mayer-rossignol-candidat-a-sa-propre-succession","status":"publish","type":"post","link":"https:\/\/www.europesays.com\/fr\/650897\/","title":{"rendered":"le maire PS Nicolas Mayer-Rossignol candidat \u00e0 sa propre succession"},"content":{"rendered":"<p>\n    Celui qui a \u00e9chou\u00e9 \u00e0 prendre la t\u00eate du PS en juin 2025 nourrit l\u2019ambition de faire de sa ville \u00abaujourd\u2019hui dans le top 4, la ville la plus attractive de France\u00bb.<\/p>\n<p class=\"fig-paragraph\"><a href=\"http:\/\/www.lefigaro.fr\/politique\/ps-comment-olivier-faure-nicolas-mayer-rossignol-et-boris-vallaud-se-sont-ils-partage-la-france-socialiste-20250618\" data-fig-type=\"Article\" data-gtm-custom-categorie=\"navigation\" data-gtm-custom-action=\"crossclick\" data-gtm-custom-label=\"Contextuel\" data-gtm-event=\"customEventSPE\" data-fig-domain=\"LEFIGARO\" target=\"_blank\" rel=\"noopener\">Le maire PS de Rouen Nicolas Mayer-Rossignol<\/a>\u00a0a annonc\u00e9 \u00e0 l&rsquo;AFP \u00eatre candidat \u00e0 sa propre succession lors des \u00e9lections municipales de mars, une d\u00e9cision qu&rsquo;il avait conditionn\u00e9e aux r\u00e9sultats m\u00e9dicaux d&rsquo;un cancer trait\u00e9 depuis 2022. \u00abTous les voyants sont au vert, mes analyses ne pourraient pas \u00eatre meilleures, donc je suis candidat\u00bb \u00e0 un deuxi\u00e8me mandat, a d\u00e9clar\u00e9 dans un entretien \u00e0 l&rsquo;AFP Nicolas Mayer-Rossignol, op\u00e9r\u00e9 trois fois entre 2022 et 2024 pour une tumeur agressive \u00e0 la vessie.<\/p>\n<p class=\"fig-paragraph\">Nicolas Mayer-Rossignol souhaite incarner une \u00abmajorit\u00e9 de rassemblement\u00bb, pour porter \u00ables valeurs de la ville de Rouen, humaniste et f\u00e9ministe, progressiste et la\u00efque\u00bb. Celui qui a \u00e9chou\u00e9 \u00e0 prendre la t\u00eate du PS en juin 2025 nourrit l&rsquo;ambition de faire de sa ville \u00abaujourd&rsquo;hui dans le top 4, la ville la plus attractive de France\u00bb. Parmi les grands projets annonc\u00e9s, un nouveau tramway, \u00e9tendre la gratuit\u00e9 des transports aux moins de 25 ans ainsi qu&rsquo;aux retrait\u00e9s, et des mesures d&rsquo;aide \u00e0 la garde d&rsquo;enfants pour les familles monoparentales.<\/p>\n<p>                                            <a class=\"fig-a11y-skip\" href=\"#fig-a11y-skip-main-inarticle\" data-module=\"a11y-skip\" data-context=\"was @visible\"><br \/>\n    Passer la publicit\u00e9<br \/>\n<\/a>            <\/p>\n<p>                                            Insuffler un \u00abesprit de r\u00e9sistance\u00bb<\/p>\n<p class=\"fig-paragraph\">\u00c0 48 ans, Nicolas Mayer-Rossignol esp\u00e8re \u00abconserver une coh\u00e9rence\u00bb entre la mairie et la m\u00e9tropole, dont une gouvernance bic\u00e9phale n&rsquo;aurait selon lui \u00abaucun sens\u00bb. L&rsquo;ancien secr\u00e9taire d\u00e9l\u00e9gu\u00e9 du PS, qui a grandi au Mali, veut insuffler un \u00abesprit de r\u00e9sistance\u00bb contre son \u00abseul adversaire, la droite extr\u00eame et l&rsquo;extr\u00eame droite\u00bb. \u00c9lu au second tour avec 67% des voix en 2020, le maire de Rouen fera face notamment \u00e0 Marine Caron (union de la droite et du centre), Gr\u00e9goire Houdan (RN) et Maxime Da Silva (LFI).<\/p>\n<p class=\"fig-paragraph\">Au sujet du cancer, qui \u00abtouche de plus en plus de gens, de plus en plus jeunes\u00bb, le natif de Bordeaux veut \u00abbriser le tabou\u00bb. \u00abLe lien social et professionnel est d\u00e9cisif pour sortir d&rsquo;une maladie qui fait peur, il faut en parler\u00bb, a-t-il indiqu\u00e9, regrettant lui-m\u00eame de ne pas avoir averti ses proches plus t\u00f4t. La sant\u00e9 environnementale \u00abint\u00e9resse beaucoup\u00bb ce normalien, scientifique de formation et dipl\u00f4m\u00e9 en g\u00e9nomique.<\/p>\n<p class=\"fig-paragraph\">\u00abSur notre territoire, des probl\u00e8mes de sant\u00e9 sont li\u00e9s \u00e0 des pollutions historiques, \u00e0 l&rsquo;activit\u00e9 industrielle\u00bb, s&rsquo;est inqui\u00e9t\u00e9 le maire de\u00a0Rouen, touch\u00e9 juste avant son \u00e9lection par\u00a0<a href=\"http:\/\/www.lefigaro.fr\/actualite-france\/dossier\/incendie-de-l-usine-lubrizol-a-rouen-tout-comprendre-au-drame-et-a-ses-consequences\" data-fig-type=\"Topic\" data-gtm-custom-categorie=\"navigation\" data-gtm-custom-action=\"crossclick\" data-gtm-custom-label=\"Contextuel\" data-gtm-event=\"customEventSPE\" data-fig-domain=\"LEFIGARO\" target=\"_blank\" rel=\"noopener\">le gigantesque incendie de l&rsquo;usine Lubrizol<\/a>, en 2019. L&rsquo;ing\u00e9nieur du corps des mines a rappel\u00e9 la division par trois \u00e0 cinq de la pollution aux diff\u00e9rentes particules fines et \u00e0 l&rsquo;ozone durant sa mandature, par deux pour le dioxyde d&rsquo;azote, gr\u00e2ce aux mesures d&rsquo;incitation sur le v\u00e9lo, le covoiturage ou les transports en commun. \u00abIl me reste plein de choses \u00e0 faire\u00bb, a conclu Nicolas Mayer-Rossignol.<\/p>\n","protected":false},"excerpt":{"rendered":"Celui qui a \u00e9chou\u00e9 \u00e0 prendre la t\u00eate du PS en juin 2025 nourrit l\u2019ambition de faire de&hellip;\n","protected":false},"author":2,"featured_media":650898,"comment_status":"","ping_status":"","sticky":false,"template":"","format":"standard","meta":{"footnotes":""},"categories":[9587],"tags":[1111,11,1777,674,1011,27,12,13268,5161,25,9590],"class_list":{"0":"post-650897","1":"post","2":"type-post","3":"status-publish","4":"format-standard","5":"has-post-thumbnail","7":"category-rouen","8":"tag-actu","9":"tag-actualites","10":"tag-eu","11":"tag-europe","12":"tag-fr","13":"tag-france","14":"tag-news","15":"tag-nicolas-mayer-rossignol","16":"tag-normandie","17":"tag-republique-francaise","18":"tag-rouen"},"share_on_mastodon":{"url":"https:\/\/pubeurope.com\/@fr\/115863229756725488","error":""},"_links":{"self":[{"href":"https:\/\/www.europesays.com\/fr\/wp-json\/wp\/v2\/posts\/650897","targetHints":{"allow":["GET"]}}],"collection":[{"href":"https:\/\/www.europesays.com\/fr\/wp-json\/wp\/v2\/posts"}],"about":[{"href":"https:\/\/www.europesays.com\/fr\/wp-json\/wp\/v2\/types\/post"}],"author":[{"embeddable":true,"href":"https:\/\/www.europesays.com\/fr\/wp-json\/wp\/v2\/users\/2"}],"replies":[{"embeddable":true,"href":"https:\/\/www.europesays.com\/fr\/wp-json\/wp\/v2\/comments?post=650897"}],"version-history":[{"count":0,"href":"https:\/\/www.europesays.com\/fr\/wp-json\/wp\/v2\/posts\/650897\/revisions"}],"wp:featuredmedia":[{"embeddable":true,"href":"https:\/\/www.europesays.com\/fr\/wp-json\/wp\/v2\/media\/650898"}],"wp:attachment":[{"href":"https:\/\/www.europesays.com\/fr\/wp-json\/wp\/v2\/media?parent=650897"}],"wp:term":[{"taxonomy":"category","embeddable":true,"href":"https:\/\/www.europesays.com\/fr\/wp-json\/wp\/v2\/categories?post=650897"},{"taxonomy":"post_tag","embeddable":true,"href":"https:\/\/www.europesays.com\/fr\/wp-json\/wp\/v2\/tags?post=650897"}],"curies":[{"name":"wp","href":"https:\/\/api.w.org\/{rel}","templated":true}]}}