{"id":650901,"date":"2026-01-09T04:27:41","date_gmt":"2026-01-09T04:27:41","guid":{"rendered":"https:\/\/www.europesays.com\/fr\/650901\/"},"modified":"2026-01-09T04:27:41","modified_gmt":"2026-01-09T04:27:41","slug":"en-gare-de-rennes-les-conditions-meteo-perturbent-le-trafic-sncf-vers-ces-destinations","status":"publish","type":"post","link":"https:\/\/www.europesays.com\/fr\/650901\/","title":{"rendered":"en gare de Rennes, les conditions m\u00e9t\u00e9o perturbent le trafic SNCF vers ces destinations"},"content":{"rendered":"<p>                    Par<br \/>\n        <strong><br \/>\n            <a href=\"https:\/\/actu.fr\/auteur\/brian-legoff\" title=\"Consulter tous les articles de Brian Le Goff\" target=\"_blank\" rel=\"noopener\">Brian Le Goff<\/a><br \/>\n                    <\/strong><\/p>\n<p>        Publi\u00e9 le<\/p>\n<p>            8 janv. 2026 \u00e0 9h48        <\/p>\n<p>La <a href=\"https:\/\/actu.fr\/tag\/circulation\" target=\"_blank\" rel=\"noopener\">circulation<\/a> des <strong>trains<\/strong> <a href=\"https:\/\/actu.fr\/tag\/sncf\" target=\"_blank\" rel=\"noopener\">SNCF<\/a> entre les gares de <a href=\"https:\/\/actu.fr\/rennes\/\" target=\"_blank\" rel=\"noopener\">Rennes<\/a> et <a href=\"https:\/\/actu.fr\/le-journal-de-vitre\/\" target=\"_blank\" rel=\"noopener\">Vitr\u00e9<\/a> est <strong>perturb\u00e9e<\/strong> depuis le d\u00e9but de matin\u00e9e, jeudi 8 janvier.<\/p>\n<p class=\" wall-content\">En effet, sur son compte X, Ter BreizhGo indiquait vers <strong>7h30<\/strong> qu\u2019une <strong>absence d\u2019alimentation \u00e9lectrique<\/strong> est survenue vers <a href=\"https:\/\/actu.fr\/bretagne\/servon-sur-vilaine_35327\" target=\"_blank\" rel=\"noopener\">Servon-sur-Vilaine<\/a>, entre Rennes et <a href=\"https:\/\/actu.fr\/bretagne\/chateaubourg_35068\" target=\"_blank\" rel=\"noopener\">Ch\u00e2teaubourg<\/a>.<\/p>\n<p class=\" wall-content\">\n<p class=\" wall-content\"><strong>Des retards et suppressions sont donc \u00e0 pr\u00e9voir<\/strong>. Des \u00e9quipes sp\u00e9cialis\u00e9es se sont rendues sur place et ont constat\u00e9 qu\u2019il s\u2019agissait bien d\u2019une rupture d\u2019un c\u00e2ble d\u2019alimentation. La <strong>reprise normale<\/strong> du trafic est <strong>estim\u00e9e pour la fin de matin\u00e9e,<\/strong> selon TER BreizhGo.<\/p>\n<p>D\u2019autres perturbations \u00e0 pr\u00e9voir<\/p>\n<p class=\" wall-content\">Avec le <a href=\"https:\/\/actu.fr\/bretagne\/rennes_35238\/tempete-goretti-apres-la-neige-et-le-verglas-des-rafales-jusqu-a-140km-h-vont-secouer-la-bretagne_63660167.html\" target=\"_blank\" rel=\"noopener\">passage de la temp\u00eate Goretti<\/a> dans les prochaines heures et la <a href=\"https:\/\/actu.fr\/meteo\/tempete-goretti-la-manche-placee-en-vigilance-rouge-des-rafales-a-160-km-h-attendues_63667569.html\" target=\"_blank\" rel=\"noopener\">vigilance rouge dans la Manche<\/a>, SNCF R\u00e9seau a <strong>annonc\u00e9 suspendre les circulations ferroviaires en r\u00e9gion Normandie<\/strong> \u00e0 partir de la fin de journ\u00e9e du 8 janvier 2026.<\/p>\n<p class=\" wall-content\">La <strong>ligne Rennes-Avranches est concern\u00e9e<\/strong>. Les trains arr\u00eateront de circuler sur cette portion<strong> \u00e0 partir de 19h<\/strong>.<\/p>\n<p class=\" wall-content\">D\u2019autres perturbations pourraient aussi affecter le r\u00e9seau breton avec les conditions m\u00e9t\u00e9orologiques. Restez attentifs.<\/p>\n<p class=\" wall-content\">Personnalisez votre actualit\u00e9 en ajoutant vos villes et m\u00e9dias en favori avec <a href=\"https:\/\/moncompte.actu.fr\" title=\"D\u00e9couvez Mon Actu\" rel=\"nofollow noopener\" data-trk=\"{&quot;cta&quot;:{&quot;action&quot;:&quot;https:\\\/\\\/moncompte.actu.fr&quot;,&quot;category&quot;:&quot;mon compte&quot;,&quot;from&quot;:&quot;article footer&quot;,&quot;name&quot;:&quot;Mon actu&quot;,&quot;type&quot;:&quot;cta&quot;}}\" target=\"_blank\">Mon Actu<\/a>.<\/p>\n","protected":false},"excerpt":{"rendered":"Par Brian Le Goff Publi\u00e9 le 8 janv. 2026 \u00e0 9h48 La circulation des trains SNCF entre les&hellip;\n","protected":false},"author":2,"featured_media":392530,"comment_status":"","ping_status":"","sticky":false,"template":"","format":"standard","meta":{"footnotes":""},"categories":[2821],"tags":[1111,11,829,3542,1777,674,118,1011,27,12,584,25,2215,75296],"class_list":{"0":"post-650901","1":"post","2":"type-post","3":"status-publish","4":"format-standard","5":"has-post-thumbnail","7":"category-rennes","8":"tag-actu","9":"tag-actualites","10":"tag-bretagne","11":"tag-circulation","12":"tag-eu","13":"tag-europe","14":"tag-faits-divers","15":"tag-fr","16":"tag-france","17":"tag-news","18":"tag-rennes","19":"tag-republique-francaise","20":"tag-sncf","21":"tag-tempete-goretti"},"share_on_mastodon":{"url":"https:\/\/pubeurope.com\/@fr\/115863253395698145","error":""},"_links":{"self":[{"href":"https:\/\/www.europesays.com\/fr\/wp-json\/wp\/v2\/posts\/650901","targetHints":{"allow":["GET"]}}],"collection":[{"href":"https:\/\/www.europesays.com\/fr\/wp-json\/wp\/v2\/posts"}],"about":[{"href":"https:\/\/www.europesays.com\/fr\/wp-json\/wp\/v2\/types\/post"}],"author":[{"embeddable":true,"href":"https:\/\/www.europesays.com\/fr\/wp-json\/wp\/v2\/users\/2"}],"replies":[{"embeddable":true,"href":"https:\/\/www.europesays.com\/fr\/wp-json\/wp\/v2\/comments?post=650901"}],"version-history":[{"count":0,"href":"https:\/\/www.europesays.com\/fr\/wp-json\/wp\/v2\/posts\/650901\/revisions"}],"wp:featuredmedia":[{"embeddable":true,"href":"https:\/\/www.europesays.com\/fr\/wp-json\/wp\/v2\/media\/392530"}],"wp:attachment":[{"href":"https:\/\/www.europesays.com\/fr\/wp-json\/wp\/v2\/media?parent=650901"}],"wp:term":[{"taxonomy":"category","embeddable":true,"href":"https:\/\/www.europesays.com\/fr\/wp-json\/wp\/v2\/categories?post=650901"},{"taxonomy":"post_tag","embeddable":true,"href":"https:\/\/www.europesays.com\/fr\/wp-json\/wp\/v2\/tags?post=650901"}],"curies":[{"name":"wp","href":"https:\/\/api.w.org\/{rel}","templated":true}]}}