{"id":650914,"date":"2026-01-09T04:35:14","date_gmt":"2026-01-09T04:35:14","guid":{"rendered":"https:\/\/www.europesays.com\/fr\/650914\/"},"modified":"2026-01-09T04:35:14","modified_gmt":"2026-01-09T04:35:14","slug":"antoine-et-cleopatre-a-bordeaux-un-peplum-nouvelle-vague","status":"publish","type":"post","link":"https:\/\/www.europesays.com\/fr\/650914\/","title":{"rendered":"\u00ab\u00a0Antoine et Cl\u00e9op\u00e2tre\u00a0\u00bb \u00e0 Bordeaux, un p\u00e9plum Nouvelle Vague"},"content":{"rendered":"<p>Vice versa, elle (Sofia Dias) raconte le g\u00e9n\u00e9ral romain, lui (V\u00edtor Roriz) la reine grecque d\u2019\u00c9gypte, et la forme ressemble d\u2019abord \u00e0 une didascalie dans\u00e9e, une r\u00e9p\u00e9tition, une anaphore, comme un jeu sans \u00ab\u00a0je\u00a0\u00bb, o\u00f9 chaque amant dit ou joue la geste de l\u2019autre.<\/p>\n<p>Ballet scand\u00e9<\/p>\n<p>La sc\u00e8ne est une toile qui prend les couleurs du temps, du gris \u00e0 l\u2019ocre, de l\u2019aube au cr\u00e9puscule. On y a pos\u00e9 ce qui ressemble \u00e0 un mobile de Calder, dont les lentilles viennent parfois refl\u00e9ter les corps, au mouvement fragile et perp\u00e9tuel, comme le mythe qui se rejoue l\u00e0. Et aussi une cha\u00eene hi-fi d\u2019o\u00f9 r\u00e9sonne parfois, en contrepoint, la musique emphatique du p\u00e9plum. Mais c\u00f4t\u00e9 r\u00e9f\u00e9rence cin\u00e9ma, l\u2019ensemble \u2013 du jeu distanci\u00e9 \u00e0 l\u2019accent l\u00e9ger des interpr\u00e8tes \u2013 rappellerait plus la Nouvelle Vague et Godard, B\u00e9bel et Anna Karina plut\u00f4t que Richard Burton et Liz Taylor.<\/p>\n<p>Tout \u00e7a est un peu formel sans doute, et il faut accepter de se laisser embarquer dans ce ballet scand\u00e9, avant de go\u00fbter les variations plus ludiques. Les meilleurs moments sont d\u2019ailleurs ceux o\u00f9 les deux semblent se moquer de la forme et du drame in\u00e9luctable, pour en faire une comptine, un jeu d\u2019amants.<\/p>\n<p>        <img decoding=\"async\" id=\"27334556\" src=\"https:\/\/www.europesays.com\/fr\/wp-content\/uploads\/2026\/01\/antonio-cleopatra-ensaio1dez201404magda-bizarro.jpg\" alt=\"\u00ab\u00a0Antoine et Cl\u00e9op\u00e2tre\u00a0\u00bb, un peu du texte de Shakespeare, de l'esprit de Godard, de la BO du p\u00e9plum de Mankiewicz.\" itemprop=\"contentURL\"\/><\/p>\n<p>    \u00ab\u00a0Antoine et Cl\u00e9op\u00e2tre\u00a0\u00bb, un peu du texte de Shakespeare, de l&rsquo;esprit de Godard, de la BO du p\u00e9plum de Mankiewicz.<\/p>\n<p>Magda Bizarro<\/p>\n","protected":false},"excerpt":{"rendered":"Vice versa, elle (Sofia Dias) raconte le g\u00e9n\u00e9ral romain, lui (V\u00edtor Roriz) la reine grecque d\u2019\u00c9gypte, et la&hellip;\n","protected":false},"author":2,"featured_media":650915,"comment_status":"","ping_status":"","sticky":false,"template":"","format":"standard","meta":{"footnotes":""},"categories":[2817],"tags":[1111,11,1997,1777,674,1011,27,12,2219,25],"class_list":{"0":"post-650914","1":"post","2":"type-post","3":"status-publish","4":"format-standard","5":"has-post-thumbnail","7":"category-bordeaux","8":"tag-actu","9":"tag-actualites","10":"tag-bordeaux","11":"tag-eu","12":"tag-europe","13":"tag-fr","14":"tag-france","15":"tag-news","16":"tag-nouvelle-aquitaine","17":"tag-republique-francaise"},"share_on_mastodon":{"url":"https:\/\/pubeurope.com\/@fr\/115863284911741476","error":""},"_links":{"self":[{"href":"https:\/\/www.europesays.com\/fr\/wp-json\/wp\/v2\/posts\/650914","targetHints":{"allow":["GET"]}}],"collection":[{"href":"https:\/\/www.europesays.com\/fr\/wp-json\/wp\/v2\/posts"}],"about":[{"href":"https:\/\/www.europesays.com\/fr\/wp-json\/wp\/v2\/types\/post"}],"author":[{"embeddable":true,"href":"https:\/\/www.europesays.com\/fr\/wp-json\/wp\/v2\/users\/2"}],"replies":[{"embeddable":true,"href":"https:\/\/www.europesays.com\/fr\/wp-json\/wp\/v2\/comments?post=650914"}],"version-history":[{"count":0,"href":"https:\/\/www.europesays.com\/fr\/wp-json\/wp\/v2\/posts\/650914\/revisions"}],"wp:featuredmedia":[{"embeddable":true,"href":"https:\/\/www.europesays.com\/fr\/wp-json\/wp\/v2\/media\/650915"}],"wp:attachment":[{"href":"https:\/\/www.europesays.com\/fr\/wp-json\/wp\/v2\/media?parent=650914"}],"wp:term":[{"taxonomy":"category","embeddable":true,"href":"https:\/\/www.europesays.com\/fr\/wp-json\/wp\/v2\/categories?post=650914"},{"taxonomy":"post_tag","embeddable":true,"href":"https:\/\/www.europesays.com\/fr\/wp-json\/wp\/v2\/tags?post=650914"}],"curies":[{"name":"wp","href":"https:\/\/api.w.org\/{rel}","templated":true}]}}