{"id":650916,"date":"2026-01-09T04:36:10","date_gmt":"2026-01-09T04:36:10","guid":{"rendered":"https:\/\/www.europesays.com\/fr\/650916\/"},"modified":"2026-01-09T04:36:10","modified_gmt":"2026-01-09T04:36:10","slug":"suite-a-la-manif-des-agriculteurs-cet-axe-majeur-en-direction-de-toulouse-va-rester-ferme-plusieurs-jours","status":"publish","type":"post","link":"https:\/\/www.europesays.com\/fr\/650916\/","title":{"rendered":"Suite \u00e0 la manif des agriculteurs, cet axe majeur en direction de Toulouse va rester ferm\u00e9 plusieurs jours"},"content":{"rendered":"<p>                    Par<br \/>\n        <strong><br \/>\n            <a href=\"https:\/\/actu.fr\/auteur\/david-saint-sernin\" title=\"Consulter tous les articles de David Saint-Sernin\" target=\"_blank\" rel=\"noopener\">David Saint-Sernin<\/a><br \/>\n                    <\/strong><\/p>\n<p>        Publi\u00e9 le<\/p>\n<p>            8 janv. 2026 \u00e0 17h57        <\/p>\n<p>C\u2019est l\u2019axe majeur pour atteindre <strong>Toulouse <\/strong>depuis l\u2019ouest de la Haute-Garonne et le Gers. Ce jeudi 8 janvier 2026, le conseil d\u00e9partemental de la Haute-Garonne annonce \u00e0 Actu Toulouse que l\u2019axe Auch-Toulouse va rester ferm\u00e9 ce vendredi, puis tout le week-end, suite \u00e0 la<a href=\"https:\/\/actu.fr\/occitanie\/toulouse_31555\/ce-n-est-pas-nous-qui-bloquons-grosse-pagaille-a-toulouse-gendarmes-et-agriculteurs-se-renvoient-la-balle_63668743.html\" target=\"_blank\" rel=\"noopener\"> manifestation des agriculteurs<\/a> qui s\u2019est d\u00e9roul\u00e9e ce mercredi.<\/p>\n<p class=\" wall-content\"><a href=\"https:\/\/actu.fr\/occitanie\/toulouse_31555\/direct-les-agriculteurs-veulent-paralyser-toulouse-la-prefecture-interdit-la-manif-suivez-la-situation_63659791.html\" target=\"_blank\" rel=\"noopener\">Des agriculteurs qui souhaitaient acc\u00e9der \u00e0 Toulouse<\/a> depuis le Gers, mais qui se sont retrouv\u00e9s bloqu\u00e9s par les gendarmes au niveau de l\u2019\u00e9changeur L\u00e9guevin. C\u2019est l\u00e0 qu\u2019ils ont finalement choisi de d\u00e9verser le contenu de leurs bennes avant d\u2019\u00eatre reconduits hors du d\u00e9partement par les forces de l\u2019ordre.<\/p>\n<p>L\u2019axe Auch-Toulouse ferm\u00e9 plusieurs jours<\/p>\n<p class=\" wall-content\">Tout ce jeudi, les services voiries du D\u00e9partement qui g\u00e8rent d\u00e9sormais l\u2019ancienne RN 124, devenue RD 1124, entre la fronti\u00e8re avec le Gers et Pibrac, ont travaill\u00e9 \u00e0 nettoyer cet axe. Une activit\u00e9 qui a permis de rouvrir cet axe majeur dans le sens Toulouse-Auch.<\/p>\n<p class=\" wall-content\">Cela ne sera donc pas le cas dans le sens Auch-Toulouse puisque la RD 1124 restera ferm\u00e9e entre l\u2019\u00e9changeur 9 (L\u00e9guevin Sud) et l\u2019\u00e9changeur 7 (Pibrac).<\/p>\n<p>D\u00e9gradations de chauss\u00e9es<\/p>\n<p class=\" wall-content\">\u00ab\u2009Dans le Sens Auch-Toulouse, les voies sont nettoy\u00e9es mais restent toujours ferm\u00e9es y compris ce week-end inclus car il y a des d\u00e9gradations de chauss\u00e9es. La sortie est obligatoire \u00e0 Pirouthet \u2013 \u00c9changeur 9 avec la d\u00e9viation (D37\/D632)\u2009\u00bb, explique en effet le D\u00e9partement.<\/p>\n<p>    <a href=\"https:\/\/www.google.com\/maps\/embed?pb=!1m17!1m12!1m3!1d184928.549286191!2d1.3852989910698594!3d43.595951229483894!2m3!1f0!2f0!3f0!3m2!1i1024!2i768!4f13.1!3m2!1m1!2zNDPCsDM0JzU2LjAiTiAxwrAxMic0Ny4zIkU!5e0!3m2!1sfr!2sfr!4v1767889459226!5m2!1sfr!2sfr\" title=\"Ouvrie le lien\" target=\"_blank\" rel=\"noopener\">Cliquez ici pour visualiser le contenu<\/a><\/p>\n<p class=\" wall-content\">Personnalisez votre actualit\u00e9 en ajoutant vos villes et m\u00e9dias en favori avec <a href=\"https:\/\/moncompte.actu.fr\" title=\"D\u00e9couvez Mon Actu\" rel=\"nofollow noopener\" data-trk=\"{&quot;cta&quot;:{&quot;action&quot;:&quot;https:\\\/\\\/moncompte.actu.fr&quot;,&quot;category&quot;:&quot;mon compte&quot;,&quot;from&quot;:&quot;article footer&quot;,&quot;name&quot;:&quot;Mon actu&quot;,&quot;type&quot;:&quot;cta&quot;}}\" target=\"_blank\">Mon Actu<\/a>.<\/p>\n","protected":false},"excerpt":{"rendered":"Par David Saint-Sernin Publi\u00e9 le 8 janv. 2026 \u00e0 17h57 C\u2019est l\u2019axe majeur pour atteindre Toulouse depuis l\u2019ouest&hellip;\n","protected":false},"author":2,"featured_media":650917,"comment_status":"","ping_status":"","sticky":false,"template":"","format":"standard","meta":{"footnotes":""},"categories":[2816],"tags":[1111,11,327,1777,674,1011,27,12,2680,25,104,2312],"class_list":{"0":"post-650916","1":"post","2":"type-post","3":"status-publish","4":"format-standard","5":"has-post-thumbnail","7":"category-toulouse","8":"tag-actu","9":"tag-actualites","10":"tag-agriculture","11":"tag-eu","12":"tag-europe","13":"tag-fr","14":"tag-france","15":"tag-news","16":"tag-occitanie","17":"tag-republique-francaise","18":"tag-societe","19":"tag-toulouse"},"share_on_mastodon":{"url":"https:\/\/pubeurope.com\/@fr\/115863289050967312","error":""},"_links":{"self":[{"href":"https:\/\/www.europesays.com\/fr\/wp-json\/wp\/v2\/posts\/650916","targetHints":{"allow":["GET"]}}],"collection":[{"href":"https:\/\/www.europesays.com\/fr\/wp-json\/wp\/v2\/posts"}],"about":[{"href":"https:\/\/www.europesays.com\/fr\/wp-json\/wp\/v2\/types\/post"}],"author":[{"embeddable":true,"href":"https:\/\/www.europesays.com\/fr\/wp-json\/wp\/v2\/users\/2"}],"replies":[{"embeddable":true,"href":"https:\/\/www.europesays.com\/fr\/wp-json\/wp\/v2\/comments?post=650916"}],"version-history":[{"count":0,"href":"https:\/\/www.europesays.com\/fr\/wp-json\/wp\/v2\/posts\/650916\/revisions"}],"wp:featuredmedia":[{"embeddable":true,"href":"https:\/\/www.europesays.com\/fr\/wp-json\/wp\/v2\/media\/650917"}],"wp:attachment":[{"href":"https:\/\/www.europesays.com\/fr\/wp-json\/wp\/v2\/media?parent=650916"}],"wp:term":[{"taxonomy":"category","embeddable":true,"href":"https:\/\/www.europesays.com\/fr\/wp-json\/wp\/v2\/categories?post=650916"},{"taxonomy":"post_tag","embeddable":true,"href":"https:\/\/www.europesays.com\/fr\/wp-json\/wp\/v2\/tags?post=650916"}],"curies":[{"name":"wp","href":"https:\/\/api.w.org\/{rel}","templated":true}]}}