{"id":650920,"date":"2026-01-09T04:39:20","date_gmt":"2026-01-09T04:39:20","guid":{"rendered":"https:\/\/www.europesays.com\/fr\/650920\/"},"modified":"2026-01-09T04:39:20","modified_gmt":"2026-01-09T04:39:20","slug":"steom-le-sterilet-pour-homme-cree-a-lille-laureat-du-challenge-inclusion","status":"publish","type":"post","link":"https:\/\/www.europesays.com\/fr\/650920\/","title":{"rendered":"STEOM, le st\u00e9rilet pour homme cr\u00e9\u00e9 \u00e0 Lille, laur\u00e9at du Challenge Inclusion"},"content":{"rendered":"<p>Alors que le sujet de la contraception est majoritairement f\u00e9minin, Dominique Prasivoravong, entrepreneur social dans les domaines de la tech et de la sant\u00e9 bas\u00e9 \u00e0 Lille, a d\u00e9cid\u00e9 de remettre une \u00e9quit\u00e9 sur le sujet, en d\u00e9veloppant un dispositif de contraception masculine non-hormonale.\u00a0<\/p>\n<p>Nomm\u00e9 STEOM, il est d\u00e9crit comme \u00e9tant une forme de \u00abst\u00e9rilet pour homme\u00bb. Le dispositif est ins\u00e9r\u00e9 par un professionnel de sant\u00e9, il agit m\u00e9caniquement en bloquant temporairement le passage des spermatozo\u00efdes, sans modifier le fonctionnement hormonal ni la libido. Le STEOM a \u00e9t\u00e9 laur\u00e9at du Challenge Inclusion dans la cat\u00e9gorie Produit &amp; Service.\u00a0<\/p>\n<p>En plus de l&rsquo;aspect sant\u00e9 du dispositif, ce dernier doit\u00a0permettre aux hommes de reprendre une place active dans les d\u00e9cisions li\u00e9es \u00e0 la contraception, tout en contribuant \u00e0 all\u00e9ger la charge mentale et physique qui p\u00e8se encore sur les femmes. Cette solution a permis \u00e0 ses concepteurs de remporter 10 000 euros afin de\u00a0soutenir le d\u00e9veloppement de l&rsquo;initiative.<\/p>\n","protected":false},"excerpt":{"rendered":"Alors que le sujet de la contraception est majoritairement f\u00e9minin, Dominique Prasivoravong, entrepreneur social dans les domaines de&hellip;\n","protected":false},"author":2,"featured_media":650921,"comment_status":"","ping_status":"","sticky":false,"template":"","format":"standard","meta":{"footnotes":""},"categories":[2815],"tags":[1111,11,1777,674,1011,27,811,1307,12,25],"class_list":{"0":"post-650920","1":"post","2":"type-post","3":"status-publish","4":"format-standard","5":"has-post-thumbnail","7":"category-lille","8":"tag-actu","9":"tag-actualites","10":"tag-eu","11":"tag-europe","12":"tag-fr","13":"tag-france","14":"tag-hauts-de-france","15":"tag-lille","16":"tag-news","17":"tag-republique-francaise"},"share_on_mastodon":{"url":"https:\/\/pubeurope.com\/@fr\/115863300526662487","error":""},"_links":{"self":[{"href":"https:\/\/www.europesays.com\/fr\/wp-json\/wp\/v2\/posts\/650920","targetHints":{"allow":["GET"]}}],"collection":[{"href":"https:\/\/www.europesays.com\/fr\/wp-json\/wp\/v2\/posts"}],"about":[{"href":"https:\/\/www.europesays.com\/fr\/wp-json\/wp\/v2\/types\/post"}],"author":[{"embeddable":true,"href":"https:\/\/www.europesays.com\/fr\/wp-json\/wp\/v2\/users\/2"}],"replies":[{"embeddable":true,"href":"https:\/\/www.europesays.com\/fr\/wp-json\/wp\/v2\/comments?post=650920"}],"version-history":[{"count":0,"href":"https:\/\/www.europesays.com\/fr\/wp-json\/wp\/v2\/posts\/650920\/revisions"}],"wp:featuredmedia":[{"embeddable":true,"href":"https:\/\/www.europesays.com\/fr\/wp-json\/wp\/v2\/media\/650921"}],"wp:attachment":[{"href":"https:\/\/www.europesays.com\/fr\/wp-json\/wp\/v2\/media?parent=650920"}],"wp:term":[{"taxonomy":"category","embeddable":true,"href":"https:\/\/www.europesays.com\/fr\/wp-json\/wp\/v2\/categories?post=650920"},{"taxonomy":"post_tag","embeddable":true,"href":"https:\/\/www.europesays.com\/fr\/wp-json\/wp\/v2\/tags?post=650920"}],"curies":[{"name":"wp","href":"https:\/\/api.w.org\/{rel}","templated":true}]}}