{"id":650934,"date":"2026-01-09T04:47:15","date_gmt":"2026-01-09T04:47:15","guid":{"rendered":"https:\/\/www.europesays.com\/fr\/650934\/"},"modified":"2026-01-09T04:47:15","modified_gmt":"2026-01-09T04:47:15","slug":"la-police-autorisee-a-utiliser-des-drones-a-paris-pour-securiser-les-quarts-de-finale-de-la-can-2025-disputee-au-maroc","status":"publish","type":"post","link":"https:\/\/www.europesays.com\/fr\/650934\/","title":{"rendered":"La police autoris\u00e9e \u00e0 utiliser des drones \u00e0 Paris pour s\u00e9curiser les quarts de finale de la CAN 2025 disput\u00e9e au Maroc"},"content":{"rendered":"<p class=\"article-p mdl\">L\u2019annonce a \u00e9t\u00e9 faite ce jeudi 8 janvier par la Pr\u00e9fecture de police sur son compte X. Un arr\u00eat\u00e9 pr\u00e9fectoral autorise, \u00e0 Paris, \u00ab\u00a0l\u2019enregistrement et la transmission d\u2019images au moyen de cam\u00e9ras install\u00e9es sur des a\u00e9ronefs du 9 au 11 janvier\u00a0\u00bb. Ce dispositif vise \u00e0 encadrer les rassemblements li\u00e9s aux quarts de finale de la\u00a0<a class=\"link\" href=\"https:\/\/www.rtl.fr\/sport\/football\/can-2025-les-resultats-et-le-calendrier-complet-7900581401\" title=\"CAN 2025 : les r\u00e9sultats et le calendrier complet\" target=\"_blank\" rel=\"noopener\">Coupe d\u2019Afrique des Nations 2025<\/a>, malgr\u00e9 le fait que la comp\u00e9tition se d\u00e9roule au Maroc.<\/p>\n<p class=\"article-p mdl\">Les quarts de finale d\u00e9butent ce vendredi 9 janvier avec plusieurs affiches de prestige. Le Mali affrontera le S\u00e9n\u00e9gal \u00e0 17 heures, suivi du\u00a0<a class=\"link\" href=\"https:\/\/www.rtl.fr\/sport\/football\/can-un-maroc-sous-pression-a-domicile-defie-le-cameroun-en-quarts-de-finale-7900586364\" title=\"CAN : un Maroc sous pression \u00e0 domicile d\u00e9fie le Cameroun en quarts de finale\" target=\"_blank\" rel=\"noopener\">choc entre le Maroc et le Cameroun \u00e0 20 heures<\/a>. Le samedi 10 janvier, un match tr\u00e8s attendu : l\u2019Alg\u00e9rie qui rencontrera le Nigeria \u00e0 17 heures, avant un duel entre l\u2019\u00c9gypte et la C\u00f4te d\u2019Ivoire \u00e0 20 heures.\u00a0<\/p>\n<p class=\"article-p mdl\"><a class=\"link\" href=\"https:\/\/www.prefecturedepolice.interieur.gouv.fr\/sites\/default\/files\/Documents\/2026_00043_08012026.pdf\" target=\"_blank\" rel=\"noopener\">L&rsquo;arr\u00eat\u00e9 publi\u00e9 le 8 janvier par la pr\u00e9fecture de police<\/a>\u00a0\u00e9voque \u00ab\u00a0un risque s\u00e9rieux que durant ces rencontres, en amont de celles-ci ou \u00e0 leur issue, des supporters des \u00e9quipes (&#8230;) se rassemblent dans le secteur des Champs-\u00c9lys\u00e9es et fassent notamment usage d&rsquo;engins pyrotechniques (&#8230;) que de pr\u00e9c\u00e9dentes \u00e9ditions de cette comp\u00e9tition ont \u00e9t\u00e9 le cadre de d\u00e9bordements, de d\u00e9gradations de mobilier public et de troubles \u00e0 l&rsquo;ordre public sur les Champs-\u00c9lys\u00e9es et dans leurs environs ; que ces rassemblements ont donn\u00e9 lieu \u00e0 plusieurs interpellations, notamment pour jets de projectiles et d\u00e9gradations volontaires de biens priv\u00e9s ; que plusieurs gendarmes ont \u00e9t\u00e9 bless\u00e9s lors de rassemblements spontan\u00e9s de supporters durant les pr\u00e9c\u00e9dentes \u00e9ditions (&#8230;)\u00a0\u00bb et que \u00ab\u00a0des rassemblements spontan\u00e9s de supporters sont susceptibles de menacer la s\u00e9curit\u00e9 des nombreux touristes pr\u00e9sents et de troubler l&rsquo;ordre public\u00a0\u00bb.<\/p>\n<p class=\"article-p mdl\">L&rsquo;utilisation de drones doit permettre, selon les pouvoirs publics, \u00ab\u00a0de disposer d&rsquo;une vision en grand angle tout en limitant l&rsquo;engagement des forces au sol, et le cas \u00e9ch\u00e9ant, d&rsquo;organiser de mani\u00e8re r\u00e9active et efficace leur d\u00e9ploiement op\u00e9rationnel, notamment en cas de mouvement de foule ou d&rsquo;actions violentes\u00a0\u00bb, peut-on lire dans l&rsquo;arr\u00eat\u00e9. Parmi les objectifs poursuivis \u00e0 travers ce d\u00e9ploiement, sont mentionn\u00e9s \u00ab\u00a0la pr\u00e9vention des atteintes \u00e0 la s\u00e9curit\u00e9 des personnes et des biens\u00a0\u00bb, \u00ab\u00a0la s\u00e9curit\u00e9 des rassemblements\u00a0\u00bb et \u00ab\u00a0la pr\u00e9vention des actes de terrorisme\u00a0\u00bb.<\/p>\n<blockquote class=\"twitter-tweet\">\n<p lang=\"fr\" dir=\"ltr\">Un arr\u00eat\u00e9 pr\u00e9fectoral (n\u00b02025-00043) autorise, \u00e0 <a href=\"https:\/\/twitter.com\/hashtag\/Paris?src=hash&amp;ref_src=twsrc%5Etfw\" target=\"_blank\" rel=\"noopener\">#Paris<\/a>, du 9 au 11 janvier 2026, l\u2019enregistrement et la transmission d\u2019images au moyen de cam\u00e9ras install\u00e9es sur des a\u00e9ronefs \u00e0 l\u2019occasion des quarts de finale de la Coupe d\u2019Afrique des Nations 2025. <a href=\"https:\/\/t.co\/PcA3nWb0Xz\">pic.twitter.com\/PcA3nWb0Xz<\/a><\/p>\n<p>\u2014 Pr\u00e9fecture de Police (@prefpolice) <a href=\"https:\/\/twitter.com\/prefpolice\/status\/2009317874465427513?ref_src=twsrc%5Etfw\" target=\"_blank\" rel=\"noopener\">January 8, 2026<\/a><\/p><\/blockquote>\n<p class=\"article-p mdl\">Ce nouvel arr\u00eat\u00e9 s\u2019inscrit dans la continuit\u00e9 d\u2019un pr\u00e9c\u00e9dent dispositif. Entre le 30 d\u00e9cembre 2025 et le 7 janvier 2026, la Pr\u00e9fecture de police avait d\u00e9j\u00e0 autoris\u00e9 la captation et la transmission d\u2019images a\u00e9riennes \u00e0 Paris lors des premiers matchs de la Coupe d\u2019Afrique des Nations.<\/p>\n<p>            Ce n&rsquo;est pas la premi\u00e8re fois qu&rsquo;un tel dispositif est d\u00e9ploy\u00e9 pour un match<\/p>\n<p class=\"article-p mdl\">Le recours aux drones pour s\u00e9curiser des \u00e9v\u00e9nements sportifs n\u2019est pas in\u00e9dit. En mars 2024, lors de la rencontre entre\u00a0<a class=\"link\" href=\"https:\/\/www.rtl.fr\/sport\/football\/ligue-1-le-psg-s-offre-le-classique-face-a-marseille-7900368777\" target=\"_blank\" rel=\"noopener\">l\u2019Olympique de Marseille et le Paris-Saint-Germain au stade V\u00e9lodrome<\/a>, le pr\u00e9fet de police des Bouches-du-Rh\u00f4ne avait renforc\u00e9 le dispositif de s\u00e9curit\u00e9 face aux risques de troubles graves \u00e0 l\u2019ordre public. Des drones avaient alors \u00e9t\u00e9 autoris\u00e9s \u00e0 survoler le secteur du stade pendant plusieurs heures.<\/p>\n<p class=\"article-p mdl\">Quelques mois plus tard, en novembre 2024, un dispositif similaire avait \u00e9t\u00e9 mis en place par le pr\u00e9fet de police de Paris pour\u00a0<a class=\"link\" href=\"https:\/\/www.rtl.fr\/actu\/debats-societe\/invite-rtl-france-israel-nous-serons-intraitables-avec-tous-les-fauteurs-de-trouble-affirme-laurent-nu-ez-7900439605\" target=\"_blank\" rel=\"noopener\">s\u00e9curiser le match France-Isra\u00ebl au Stade de France<\/a>. Cette rencontre jug\u00e9 \u00e0 haut risque avait donn\u00e9 lieu \u00e0 l\u2019instauration d\u2019un double p\u00e9rim\u00e8tre de protection et \u00e0 un renforcement des moyens de vid\u00e9osurveillance autour des acc\u00e8s du stade.<\/p>\n<p>    La r\u00e9daction vous recommande<\/p>\n<p class=\"s-newsletter__title\">\n                L\u2019actualit\u00e9 par la r\u00e9daction de RTL dans votre bo\u00eete mail.\n            <\/p>\n<p class=\"s-newsletter__subtitle\">\n                Gr\u00e2ce \u00e0 votre compte RTL abonnez-vous \u00e0 la newsletter RTL info pour suivre toute l&rsquo;actualit\u00e9 au quotidien\n            <\/p>\n<p>\n                                    Lire la suite\n                                <\/p>\n<p>                            <script async src=\"https:\/\/platform.twitter.com\/widgets.js\" charset=\"utf-8\"><\/script><\/p>\n","protected":false},"excerpt":{"rendered":"L\u2019annonce a \u00e9t\u00e9 faite ce jeudi 8 janvier par la Pr\u00e9fecture de police sur son compte X. Un&hellip;\n","protected":false},"author":2,"featured_media":650935,"comment_status":"","ping_status":"","sticky":false,"template":"","format":"standard","meta":{"footnotes":""},"categories":[1888],"tags":[1111,1928,11,1927,71594,1777,674,107,63,1011,27,12,1926,626,1925,25,656],"class_list":{"0":"post-650934","1":"post","2":"type-post","3":"status-publish","4":"format-standard","5":"has-post-thumbnail","7":"category-paris","8":"tag-actu","9":"tag-actu-paris","10":"tag-actualites","11":"tag-actualites-paris","12":"tag-can","13":"tag-eu","14":"tag-europe","15":"tag-fil-info","16":"tag-football","17":"tag-fr","18":"tag-france","19":"tag-news","20":"tag-news-paris","21":"tag-paris","22":"tag-paris-news","23":"tag-republique-francaise","24":"tag-securite"},"share_on_mastodon":{"url":"https:\/\/pubeurope.com\/@fr\/115863331976591340","error":""},"_links":{"self":[{"href":"https:\/\/www.europesays.com\/fr\/wp-json\/wp\/v2\/posts\/650934","targetHints":{"allow":["GET"]}}],"collection":[{"href":"https:\/\/www.europesays.com\/fr\/wp-json\/wp\/v2\/posts"}],"about":[{"href":"https:\/\/www.europesays.com\/fr\/wp-json\/wp\/v2\/types\/post"}],"author":[{"embeddable":true,"href":"https:\/\/www.europesays.com\/fr\/wp-json\/wp\/v2\/users\/2"}],"replies":[{"embeddable":true,"href":"https:\/\/www.europesays.com\/fr\/wp-json\/wp\/v2\/comments?post=650934"}],"version-history":[{"count":0,"href":"https:\/\/www.europesays.com\/fr\/wp-json\/wp\/v2\/posts\/650934\/revisions"}],"wp:featuredmedia":[{"embeddable":true,"href":"https:\/\/www.europesays.com\/fr\/wp-json\/wp\/v2\/media\/650935"}],"wp:attachment":[{"href":"https:\/\/www.europesays.com\/fr\/wp-json\/wp\/v2\/media?parent=650934"}],"wp:term":[{"taxonomy":"category","embeddable":true,"href":"https:\/\/www.europesays.com\/fr\/wp-json\/wp\/v2\/categories?post=650934"},{"taxonomy":"post_tag","embeddable":true,"href":"https:\/\/www.europesays.com\/fr\/wp-json\/wp\/v2\/tags?post=650934"}],"curies":[{"name":"wp","href":"https:\/\/api.w.org\/{rel}","templated":true}]}}