{"id":650980,"date":"2026-01-09T05:17:34","date_gmt":"2026-01-09T05:17:34","guid":{"rendered":"https:\/\/www.europesays.com\/fr\/650980\/"},"modified":"2026-01-09T05:17:34","modified_gmt":"2026-01-09T05:17:34","slug":"la-conformity-gate-cet-episode-supplementaire-surprise-hyper-attendu-sest-refermee","status":"publish","type":"post","link":"https:\/\/www.europesays.com\/fr\/650980\/","title":{"rendered":"La \u00ab\u00a0Conformity Gate\u00a0\u00bb, cet \u00e9pisode suppl\u00e9mentaire surprise hyper attendu, s\u2019est referm\u00e9e"},"content":{"rendered":"<p>Leur d\u00e9ception a d\u00fb \u00eatre terrible\u00a0: les fans persuad\u00e9s qu\u2019un \u00e9pisode \u00ab\u00a0cach\u00e9\u00a0\u00bb de la cinqui\u00e8me \u2013 et ultime \u2013 saison de la <a href=\"https:\/\/www.20minutes.fr\/serie\/stranger-things\/\" class=\"c-link c-link--is-underlined\" target=\"_blank\" rel=\"noopener\">s\u00e9rie culte Stranger Things<\/a> serait diffus\u00e9 par <a href=\"https:\/\/www.20minutes.fr\/dossier\/netflix\" class=\"c-link c-link--is-underlined\" target=\"_blank\" rel=\"noopener\">Netflix <\/a>le mercredi 7\u00a0janvier 2026 \u00e0 20 heures\u2026 ont seulement constat\u00e9 que leur th\u00e9orie \u00e9tait compl\u00e8tement foireuse, rapporte <a href=\"https:\/\/www.bfmtv.com\/people\/series\/conformity-gate-pourquoi-les-fans-de-stranger-things-ont-cru-a-un-episode-surprise_AV-202601080412.html\" target=\"_blank\" class=\"c-link c-link--is-underlined\" rel=\"noopener\">BFMTV<\/a>.<\/p>\n<\/p>\n<p>Il faut dire que le dernier \u00e9pisode de la saga <a href=\"https:\/\/www.20minutes.fr\/arts-stars\/people\/4102089-20240720-freres-duffer-prets-apres-stranger-things-preparent-serie-horreur-netflix\" class=\"c-link c-link--is-underlined\" target=\"_blank\" rel=\"noopener\">cr\u00e9\u00e9e par les fr\u00e8res Duffer<\/a> avait laiss\u00e9 un go\u00fbt amer aux fans hardcore, qui trouvaient la fin trop sage et laissant trop de questions sans r\u00e9ponses. <a href=\"https:\/\/www.20minutes.fr\/arts-stars\/serie\/4194407-20260105-stranger-things-episode-surprise-7-janvier-folle-theorie-fans-expliquee\" class=\"c-link c-link--is-underlined\" target=\"_blank\" rel=\"noopener\">Ils esp\u00e9raient donc qu\u2019un \u00e9pisode \u00ab\u00a0Conformity Gate\u00a0\u00bb<\/a> (porte vers la conformit\u00e9) l\u00e8verait d\u00e9finitivement le voile sur les myst\u00e8res de Stranger Things\u2026<\/p>\n<p>Crash et mise au point<\/p>\n<p>Ils \u00e9taient d\u2019ailleurs si nombreux \u00e0 avoir partag\u00e9 cette th\u00e9orie que Netflix a carr\u00e9ment \u00e9t\u00e9 victime d\u2019une (courte) <a href=\"https:\/\/www.20minutes.fr\/dossier\/panne\" class=\"c-link c-link--is-underlined\" target=\"_blank\" rel=\"noopener\">panne<\/a> \u00e0 l\u2019heure pr\u00e9sum\u00e9e de sa diffusion. \u00ab\u00a0Tous les \u00e9pisodes de Stranger Things sont maintenant disponibles\u00a0\u00bb, a m\u00eame d\u00fb afficher la plateforme de <a href=\"https:\/\/www.20minutes.fr\/dossier\/streaming\" class=\"c-link c-link--is-underlined\" target=\"_blank\" rel=\"noopener\">streaming<\/a> sur ses <a href=\"https:\/\/www.20minutes.fr\/dossier\/reseaux_sociaux\" class=\"c-link c-link--is-underlined\" target=\"_blank\" rel=\"noopener\">r\u00e9seaux sociaux<\/a> pour ramener \u00e0 la raison les fans frustr\u00e9s.<\/p>\n<p><a href=\"https:\/\/www.20minutes.fr\/magazine\/stranger-things-mag\/\" class=\"c-link c-btn c-btn--primary\" target=\"_blank\" rel=\"noopener\">Notre dossier \u00ab Stranger Things \u00bb<\/a><\/p>\n<p>Certains d\u2019entre eux affirmaient d\u00e9j\u00e0, il y a quelques semaines, qu\u2019il existait une version longue de la s\u00e9rie comportant des sc\u00e8nes coup\u00e9es au montage\u2026 all\u00e9gations que les fr\u00e8res Duffer avaient aussit\u00f4t d\u00e9menties. Ils se consoleront avec <a href=\"https:\/\/www.20minutes.fr\/arts-stars\/serie\/4194463-20260105-stranger-things-netflix-va-diffuser-documentaire-derniere-saison-serie-evenement\" class=\"c-link c-link--is-underlined\" target=\"_blank\" rel=\"noopener\">le documentaire Une derni\u00e8re aventure<\/a>, qui est consacr\u00e9 au making of de la saison 5 de Stranger Things et sera diffus\u00e9 le 12\u00a0janvier 2026.<\/p>\n","protected":false},"excerpt":{"rendered":"Leur d\u00e9ception a d\u00fb \u00eatre terrible\u00a0: les fans persuad\u00e9s qu\u2019un \u00e9pisode \u00ab\u00a0cach\u00e9\u00a0\u00bb de la cinqui\u00e8me \u2013 et ultime&hellip;\n","protected":false},"author":2,"featured_media":650981,"comment_status":"","ping_status":"","sticky":false,"template":"","format":"standard","meta":{"footnotes":""},"categories":[8],"tags":[7016,58,59,1011,27,127,938,521,19536,6006,37274],"class_list":{"0":"post-650980","1":"post","2":"type-post","3":"status-publish","4":"format-standard","5":"has-post-thumbnail","7":"category-divertissement","8":"tag-culte","9":"tag-divertissement","10":"tag-entertainment","11":"tag-fr","12":"tag-france","13":"tag-netflix","14":"tag-reseaux-sociaux","15":"tag-serie","16":"tag-stranger-things","17":"tag-succes","18":"tag-theorie-du-complot"},"share_on_mastodon":{"url":"https:\/\/pubeurope.com\/@fr\/115863450095398830","error":""},"_links":{"self":[{"href":"https:\/\/www.europesays.com\/fr\/wp-json\/wp\/v2\/posts\/650980","targetHints":{"allow":["GET"]}}],"collection":[{"href":"https:\/\/www.europesays.com\/fr\/wp-json\/wp\/v2\/posts"}],"about":[{"href":"https:\/\/www.europesays.com\/fr\/wp-json\/wp\/v2\/types\/post"}],"author":[{"embeddable":true,"href":"https:\/\/www.europesays.com\/fr\/wp-json\/wp\/v2\/users\/2"}],"replies":[{"embeddable":true,"href":"https:\/\/www.europesays.com\/fr\/wp-json\/wp\/v2\/comments?post=650980"}],"version-history":[{"count":0,"href":"https:\/\/www.europesays.com\/fr\/wp-json\/wp\/v2\/posts\/650980\/revisions"}],"wp:featuredmedia":[{"embeddable":true,"href":"https:\/\/www.europesays.com\/fr\/wp-json\/wp\/v2\/media\/650981"}],"wp:attachment":[{"href":"https:\/\/www.europesays.com\/fr\/wp-json\/wp\/v2\/media?parent=650980"}],"wp:term":[{"taxonomy":"category","embeddable":true,"href":"https:\/\/www.europesays.com\/fr\/wp-json\/wp\/v2\/categories?post=650980"},{"taxonomy":"post_tag","embeddable":true,"href":"https:\/\/www.europesays.com\/fr\/wp-json\/wp\/v2\/tags?post=650980"}],"curies":[{"name":"wp","href":"https:\/\/api.w.org\/{rel}","templated":true}]}}