{"id":650990,"date":"2026-01-09T05:24:13","date_gmt":"2026-01-09T05:24:13","guid":{"rendered":"https:\/\/www.europesays.com\/fr\/650990\/"},"modified":"2026-01-09T05:24:13","modified_gmt":"2026-01-09T05:24:13","slug":"saint-etienne-les-remiremont-jean-luc-lemoine-en-spectacle-mardi-3-fevrier-2026","status":"publish","type":"post","link":"https:\/\/www.europesays.com\/fr\/650990\/","title":{"rendered":"Saint-\u00c9tienne-l\u00e8s-Remiremont \u2013 Jean-Luc Lemoine en spectacle mardi 3 f\u00e9vrier 2026"},"content":{"rendered":"<p>Tarif unique : 30 euros.<\/p>\n<p dir=\"auto\">Jean-Luc Lemoine est un humoriste fran\u00e7ais r\u00e9put\u00e9 pour ses spectacles qui allient finesse d\u2019esprit et humour piquant. Sur sc\u00e8ne, il propose une exploration hilarante des petites absurdit\u00e9s du quotidien et partage avec le public sa vision unique du monde qui l\u2019entoure.<\/p>\n<p dir=\"auto\">Avec un style incisif et beaucoup de d\u00e9rision, Jean-Luc Lemoine r\u00e9ussit \u00e0 captiver son audience, m\u00ealant anecdotes personnelles et r\u00e9flexions plus larges. Ses spectacles sont une v\u00e9ritable invitation \u00e0 rire de tout, avec une intelligence et une subtilit\u00e9 qui font de lui un incontournable de la sc\u00e8ne humoristique francophone.<\/p>\n<p dir=\"auto\"><a href=\"https:\/\/i0.wp.com\/remiremontvallees.com\/wp-content\/uploads\/2026\/01\/602320653_1165965565661310_5743479378462619797_n-e1767907072739.jpg?ssl=1\" target=\"_blank\" rel=\"noopener\"><img data-recalc-dims=\"1\" loading=\"lazy\" decoding=\"async\" data-attachment-id=\"310406\" data-permalink=\"https:\/\/remiremontvallees.com\/2026\/01\/09\/saint-etienne-les-remiremont-jean-luc-lemoine-en-spectacle-mardi-3-fevrier-2026\/602320653_1165965565661310_5743479378462619797_n\/\" data-orig-file=\"https:\/\/i0.wp.com\/remiremontvallees.com\/wp-content\/uploads\/2026\/01\/602320653_1165965565661310_5743479378462619797_n-e1767907072739.jpg?fit=705%2C705&amp;ssl=1\" data-orig-size=\"705,705\" data-comments-opened=\"1\" data-image-meta=\"{&quot;aperture&quot;:&quot;0&quot;,&quot;credit&quot;:&quot;&quot;,&quot;camera&quot;:&quot;&quot;,&quot;caption&quot;:&quot;&quot;,&quot;created_timestamp&quot;:&quot;0&quot;,&quot;copyright&quot;:&quot;&quot;,&quot;focal_length&quot;:&quot;0&quot;,&quot;iso&quot;:&quot;0&quot;,&quot;shutter_speed&quot;:&quot;0&quot;,&quot;title&quot;:&quot;&quot;,&quot;orientation&quot;:&quot;0&quot;}\" data-image-title=\"602320653_1165965565661310_5743479378462619797_n\" data-image-description=\"\" data-image-caption=\"\" data-medium-file=\"https:\/\/i0.wp.com\/remiremontvallees.com\/wp-content\/uploads\/2026\/01\/602320653_1165965565661310_5743479378462619797_n-e1767907072739.jpg?fit=300%2C300&amp;ssl=1\" data-large-file=\"https:\/\/i0.wp.com\/remiremontvallees.com\/wp-content\/uploads\/2026\/01\/602320653_1165965565661310_5743479378462619797_n-e1767907072739.jpg?fit=723%2C723&amp;ssl=1\" class=\"aligncenter size-large wp-image-310406\" src=\"https:\/\/www.europesays.com\/fr\/wp-content\/uploads\/2026\/01\/602320653_1165965565661310_5743479378462619797_n.jpg\" alt=\"\" width=\"723\" height=\"723\"\/><\/a><\/p>\n","protected":false},"excerpt":{"rendered":"Tarif unique : 30 euros. Jean-Luc Lemoine est un humoriste fran\u00e7ais r\u00e9put\u00e9 pour ses spectacles qui allient finesse&hellip;\n","protected":false},"author":2,"featured_media":650991,"comment_status":"","ping_status":"","sticky":false,"template":"","format":"standard","meta":{"footnotes":""},"categories":[9653],"tags":[1111,11,2430,1777,674,1011,27,12,25,4001],"class_list":{"0":"post-650990","1":"post","2":"type-post","3":"status-publish","4":"format-standard","5":"has-post-thumbnail","7":"category-saint-etienne","8":"tag-actu","9":"tag-actualites","10":"tag-auvergne-rhone-alpes","11":"tag-eu","12":"tag-europe","13":"tag-fr","14":"tag-france","15":"tag-news","16":"tag-republique-francaise","17":"tag-saint-etienne"},"share_on_mastodon":{"url":"https:\/\/pubeurope.com\/@fr\/115863477499642878","error":""},"_links":{"self":[{"href":"https:\/\/www.europesays.com\/fr\/wp-json\/wp\/v2\/posts\/650990","targetHints":{"allow":["GET"]}}],"collection":[{"href":"https:\/\/www.europesays.com\/fr\/wp-json\/wp\/v2\/posts"}],"about":[{"href":"https:\/\/www.europesays.com\/fr\/wp-json\/wp\/v2\/types\/post"}],"author":[{"embeddable":true,"href":"https:\/\/www.europesays.com\/fr\/wp-json\/wp\/v2\/users\/2"}],"replies":[{"embeddable":true,"href":"https:\/\/www.europesays.com\/fr\/wp-json\/wp\/v2\/comments?post=650990"}],"version-history":[{"count":0,"href":"https:\/\/www.europesays.com\/fr\/wp-json\/wp\/v2\/posts\/650990\/revisions"}],"wp:featuredmedia":[{"embeddable":true,"href":"https:\/\/www.europesays.com\/fr\/wp-json\/wp\/v2\/media\/650991"}],"wp:attachment":[{"href":"https:\/\/www.europesays.com\/fr\/wp-json\/wp\/v2\/media?parent=650990"}],"wp:term":[{"taxonomy":"category","embeddable":true,"href":"https:\/\/www.europesays.com\/fr\/wp-json\/wp\/v2\/categories?post=650990"},{"taxonomy":"post_tag","embeddable":true,"href":"https:\/\/www.europesays.com\/fr\/wp-json\/wp\/v2\/tags?post=650990"}],"curies":[{"name":"wp","href":"https:\/\/api.w.org\/{rel}","templated":true}]}}