{"id":650998,"date":"2026-01-09T05:34:32","date_gmt":"2026-01-09T05:34:32","guid":{"rendered":"https:\/\/www.europesays.com\/fr\/650998\/"},"modified":"2026-01-09T05:34:32","modified_gmt":"2026-01-09T05:34:32","slug":"revue-de-presse-du-7-janvier-halles-biltoki-rouen","status":"publish","type":"post","link":"https:\/\/www.europesays.com\/fr\/650998\/","title":{"rendered":"Revue de presse du 7 janvier. Halles Biltoki Rouen"},"content":{"rendered":"<p><strong>\u00c0 Rouen, les halles Biltoki ferment apr\u00e8s trois ann\u00e9es d\u2019existence, dont une \u00e0 tirer la langue<\/strong><\/p>\n<p>Les halles Biltoki avaient ouvert dans un vaste hangar voisin des Docks fin 2022. Elles ne passeront pas 2025, toute activit\u00e9 y ayant cess\u00e9 au 31 d\u00e9cembre 2025. Entre l\u2019exploitant et les commer\u00e7ants, les causes divergent. Paris Normandie<\/p>\n<p><strong>Les projets li\u00e9s au lin dans le Finist\u00e8re se concr\u00e9tisent<\/strong><br \/>2026 sera l\u2019ann\u00e9e de la concr\u00e9tisation industrielle pour les trois projets du pays&#8230;<\/p>\n","protected":false},"excerpt":{"rendered":"\u00c0 Rouen, les halles Biltoki ferment apr\u00e8s trois ann\u00e9es d\u2019existence, dont une \u00e0 tirer la langue Les halles&hellip;\n","protected":false},"author":2,"featured_media":650999,"comment_status":"","ping_status":"","sticky":false,"template":"","format":"standard","meta":{"footnotes":""},"categories":[9587],"tags":[1111,11,1777,674,1011,27,75544,12,5161,25,9590,5163],"class_list":{"0":"post-650998","1":"post","2":"type-post","3":"status-publish","4":"format-standard","5":"has-post-thumbnail","7":"category-rouen","8":"tag-actu","9":"tag-actualites","10":"tag-eu","11":"tag-europe","12":"tag-fr","13":"tag-france","14":"tag-hotellerie-et-restauration","15":"tag-news","16":"tag-normandie","17":"tag-republique-francaise","18":"tag-rouen","19":"tag-seine-maritime"},"share_on_mastodon":{"url":"https:\/\/pubeurope.com\/@fr\/115863516764805151","error":""},"_links":{"self":[{"href":"https:\/\/www.europesays.com\/fr\/wp-json\/wp\/v2\/posts\/650998","targetHints":{"allow":["GET"]}}],"collection":[{"href":"https:\/\/www.europesays.com\/fr\/wp-json\/wp\/v2\/posts"}],"about":[{"href":"https:\/\/www.europesays.com\/fr\/wp-json\/wp\/v2\/types\/post"}],"author":[{"embeddable":true,"href":"https:\/\/www.europesays.com\/fr\/wp-json\/wp\/v2\/users\/2"}],"replies":[{"embeddable":true,"href":"https:\/\/www.europesays.com\/fr\/wp-json\/wp\/v2\/comments?post=650998"}],"version-history":[{"count":0,"href":"https:\/\/www.europesays.com\/fr\/wp-json\/wp\/v2\/posts\/650998\/revisions"}],"wp:featuredmedia":[{"embeddable":true,"href":"https:\/\/www.europesays.com\/fr\/wp-json\/wp\/v2\/media\/650999"}],"wp:attachment":[{"href":"https:\/\/www.europesays.com\/fr\/wp-json\/wp\/v2\/media?parent=650998"}],"wp:term":[{"taxonomy":"category","embeddable":true,"href":"https:\/\/www.europesays.com\/fr\/wp-json\/wp\/v2\/categories?post=650998"},{"taxonomy":"post_tag","embeddable":true,"href":"https:\/\/www.europesays.com\/fr\/wp-json\/wp\/v2\/tags?post=650998"}],"curies":[{"name":"wp","href":"https:\/\/api.w.org\/{rel}","templated":true}]}}