{"id":651000,"date":"2026-01-09T05:36:26","date_gmt":"2026-01-09T05:36:26","guid":{"rendered":"https:\/\/www.europesays.com\/fr\/651000\/"},"modified":"2026-01-09T05:36:26","modified_gmt":"2026-01-09T05:36:26","slug":"large-victoire-face-a-grenoble-pour-lancer-la-16e-journee-de-pro-d2","status":"publish","type":"post","link":"https:\/\/www.europesays.com\/fr\/651000\/","title":{"rendered":"large victoire face \u00e0 Grenoble pour lancer la 16e journ\u00e9e de Pro D2"},"content":{"rendered":"<p style=\"text-align: justify;\"><strong>PRO D2 2025\/26 \u2013 Pour la reprise du championnat en 2026, Provence Rugby s\u2019est impos\u00e9 confortablement \u00e0 domicile contre Grenoble (45-15).<\/strong><\/p>\n<p style=\"text-align: justify;\">Pour f\u00eater la reprise de la Pro D2 en cette nouvelle ann\u00e9e, les Proven\u00e7aux accueillaient <strong>Grenoble<\/strong>, deux candidats s\u00e9rieux \u00e0 la mont\u00e9e, chacun pr\u00e9sent dans le dernier carr\u00e9 lors des deux derni\u00e8res \u00e9ditions. Si la premi\u00e8re confrontation s\u2019\u00e9tait sold\u00e9e par une victoire aixoise au bout du suspense (23-24), le nouveau dauphin du <strong>RC Vannes<\/strong> a cette fois-ci d\u00e9croch\u00e9 son succ\u00e8s avec une avance bien plus prononc\u00e9e.<\/p>\n<p><strong>Aix-en-Provence largement devant \u00e0 la pause !<\/strong><\/p>\n<p style=\"text-align: justify;\">Si la premi\u00e8re p\u00e9riode a \u00e9t\u00e9 tr\u00e8s compliqu\u00e9e pour les Grenoblois \u00e0 Maurice-David, ils sont pourtant pass\u00e9s tout pr\u00e8s d\u2019ouvrir le score d\u00e8s la premi\u00e8re action de la partie. Pr\u00eat \u00e0 aplatir dans l\u2019en-but, <strong>Trouilloud<\/strong> se voit devanc\u00e9 in extremis par <strong>L\u00e9o Drouet<\/strong>. Quelques minutes plus tard, l\u2019arri\u00e8re aixois s\u2019illustre de l\u2019autre c\u00f4t\u00e9 du terrain en ouvrant le score gr\u00e2ce \u00e0 un offload de l\u2019ex-Toulousain <strong>Bituniyata<\/strong> (<strong>7-0<\/strong>, 5e).<\/p>\n<blockquote class=\"twitter-tweet\">\n<p dir=\"ltr\" lang=\"fr\">GROSSE FRAYEUR POUR L\u00c9O DROUET \ud83e\udd15<\/p>\n<p>Rassurez-vous, il va bien ! Il inscrit un essai cinq minutes plus tard \ud83d\udd25<a href=\"https:\/\/twitter.com\/ProvenceRugby?ref_src=twsrc%5Etfw\" target=\"_blank\" rel=\"noopener\">@ProvenceRugby<\/a> \ud83d\ude4c<a href=\"https:\/\/twitter.com\/hashtag\/PRFCG?src=hash&amp;ref_src=twsrc%5Etfw\" target=\"_blank\" rel=\"noopener\">#PRFCG<\/a> <a href=\"https:\/\/t.co\/gzewt9qL4r\">pic.twitter.com\/gzewt9qL4r<\/a><\/p>\n<p>\u2014 CANAL+ Rugby (@CanalplusRugby) <a href=\"https:\/\/twitter.com\/CanalplusRugby\/status\/2009367673742803133?ref_src=twsrc%5Etfw\" target=\"_blank\" rel=\"noopener\">January 8, 2026<\/a><\/p>\n<\/blockquote>\n<p style=\"text-align: justify;\">Le FCG manque l\u2019occasion de se relancer en g\u00e2chant une belle cartouche sur p\u00e9naltouche (11e) et en conc\u00e9dant un carton jaune (22e). C\u2019est d\u2019ailleurs en sup\u00e9riorit\u00e9 num\u00e9rique que les locaux vont faire le break. <strong>L\u00e9o Drouet<\/strong> rate de peu le doubl\u00e9, mais <strong>Wegrzyn<\/strong> a bien suivi pour conclure en force (<strong>12-0<\/strong>, 25e).<\/p>\n<p style=\"text-align: justify;\">Avant la pause, Provence inscrit son troisi\u00e8me essai de la partie, le deuxi\u00e8me sur une touche \u00e0 cinq m\u00e8tres. Au sortir du maul, <strong>Coville<\/strong> sert parfaitement <strong>Lap\u00e8gue<\/strong>, qui s\u2019\u00e9chappe sur une course crois\u00e9e. Le FCG va tout de m\u00eame sauver l\u2019honneur apr\u00e8s la sir\u00e8ne en inscrivant ses premiers points sur une p\u00e9nalit\u00e9 de <strong>Sam Davies<\/strong> (<strong>17-3<\/strong>).<\/p>\n<blockquote class=\"twitter-tweet\">\n<p dir=\"ltr\" lang=\"fr\">Le coup d\u2019envoi de la phase retour est donn\u00e9 \u26a1\ufe0f<br \/>C\u2019est <a href=\"https:\/\/twitter.com\/ProvenceRugby?ref_src=twsrc%5Etfw\" target=\"_blank\" rel=\"noopener\">@ProvenceRugby<\/a> qui m\u00e8ne la danse pour ce premier match de l\u2019ann\u00e9e \ud83d\udd1d <a href=\"https:\/\/twitter.com\/hashtag\/PRFCG?src=hash&amp;ref_src=twsrc%5Etfw\" target=\"_blank\" rel=\"noopener\">#PRFCG<\/a> <a href=\"https:\/\/twitter.com\/hashtag\/PROD2?src=hash&amp;ref_src=twsrc%5Etfw\" target=\"_blank\" rel=\"noopener\">#PROD2<\/a> <a href=\"https:\/\/t.co\/43YTukAhQO\">pic.twitter.com\/43YTukAhQO<\/a><\/p>\n<p>\u2014 Rugby PRO D2 (@rugbyprod2) <a href=\"https:\/\/twitter.com\/rugbyprod2\/status\/2009365475445076358?ref_src=twsrc%5Etfw\" target=\"_blank\" rel=\"noopener\">January 8, 2026<\/a><\/p>\n<\/blockquote>\n<p><strong>Pluie d\u2019essais pour Provence Rugby !<\/strong><\/p>\n<p style=\"text-align: justify;\">Apr\u00e8s la reprise, Provence s\u00e9curise rapidement son bonus offensif avec un quatri\u00e8me essai sign\u00e9 <strong>Pifeleti<\/strong>. Grenoble va marquer \u00e0 son tour sur un ballon port\u00e9 par l\u2019interm\u00e9diaire de <strong>Thibault Martel<\/strong>. Une r\u00e9duction du score de courte dur\u00e9e, puisque <strong>L\u00e9o Drouet<\/strong>, bien aid\u00e9 par <strong>Coville<\/strong>, va punir la perte de balle de <strong>Trouilloud<\/strong> \u00e0 80 m\u00e8tres de son en-but (<strong>31-8<\/strong>, 54e).<\/p>\n<p>\n<a href=\"https:\/\/dicodusport.fr\/blog\/offres\/abonnements-sans-pub\/\" target=\"_blank\" rel=\"noopener\"><img loading=\"lazy\" decoding=\"async\" class=\"alignnone size-full wp-image-501284 perfmatters-lazy\" alt=\"\" width=\"1200\" height=\"200\" src=\"https:\/\/www.europesays.com\/fr\/wp-content\/uploads\/2025\/04\/Abonnements-sans-pubs-Dicodusport.png\"\/><\/a><\/p>\n<p style=\"text-align: justify;\">D\u00e9j\u00e0 bien dans le dur, le FCG sombre d\u00e9finitivement apr\u00e8s l\u2019heure de jeu avec les r\u00e9alisations de <strong>Bituniyata<\/strong> (la huiti\u00e8me de la saison) et de <strong>Lap\u00e8gue<\/strong>, auteur d\u2019un doubl\u00e9 (<strong>45-8<\/strong>, 67e).<\/p>\n<p>\n<a href=\"https:\/\/dicodusport.fr\/blog\/offres\/abonnements-sans-pub\/\" target=\"_blank\" rel=\"noopener\"><img loading=\"lazy\" decoding=\"async\" class=\"alignnone size-full wp-image-501296 perfmatters-lazy\" alt=\"\" width=\"400\" height=\"400\" src=\"https:\/\/www.europesays.com\/fr\/wp-content\/uploads\/2025\/04\/Abonnements-sans-pubs-Dicodusport-mobile.png\"\/><\/a><\/p>\n<p style=\"text-align: justify;\">\u00c0 l\u2019instar du premier acte, Grenoble inscrit les derniers points de la rencontre avec un essai de <strong>Bastien Soury<\/strong>, venu conclure une longue s\u00e9quence is\u00e9roise dans les derniers m\u00e8tres adverses. Un fait de jeu relativement anecdotique au regard du succ\u00e8s retentissant de Provence Rugby (<strong>45-15<\/strong>). Une victoire bonifi\u00e9e qui permet aux Aixois de grimper \u00e0 la deuxi\u00e8me place du classement.<\/p>\n<blockquote class=\"twitter-tweet\">\n<p dir=\"ltr\" lang=\"fr\">\ud83d\udd34 \ud835\udde6\ud835\uddd6\ud835\udde2\ud835\udde5\ud835\uddd8 \ud835\uddd9\ud835\udddc\ud835\udde1\ud835\uddd4\ud835\udddf \ud83e\udd1d| Excellente prestation de nos Proven\u00e7aux qui s\u2019imposent avec le bonus offensif ! <a href=\"https:\/\/t.co\/SFf6z8tBUj\">pic.twitter.com\/SFf6z8tBUj<\/a><\/p>\n<p>\u2014 Provence Rugby \u26ab\ufe0f\ud83c\udfc9 (@ProvenceRugby) <a href=\"https:\/\/twitter.com\/ProvenceRugby\/status\/2009383332522373616?ref_src=twsrc%5Etfw\" target=\"_blank\" rel=\"noopener\">January 8, 2026<\/a><\/p>\n<\/blockquote>\n<p>\t\t\t\t\t\t\t\t\t\t\t\t\t<script async src=\"https:\/\/platform.twitter.com\/widgets.js\" charset=\"utf-8\"><\/script><\/p>\n","protected":false},"excerpt":{"rendered":"PRO D2 2025\/26 \u2013 Pour la reprise du championnat en 2026, Provence Rugby s\u2019est impos\u00e9 confortablement \u00e0 domicile&hellip;\n","protected":false},"author":2,"featured_media":651001,"comment_status":"","ping_status":"","sticky":false,"template":"","format":"standard","meta":{"footnotes":""},"categories":[9566],"tags":[1111,11,2430,2113,1777,674,26025,1011,27,2731,12,2308,10421,25,2115,517],"class_list":{"0":"post-651000","1":"post","2":"type-post","3":"status-publish","4":"format-standard","5":"has-post-thumbnail","7":"category-grenoble","8":"tag-actu","9":"tag-actualites","10":"tag-auvergne-rhone-alpes","11":"tag-breve","12":"tag-eu","13":"tag-europe","14":"tag-fc-grenoble-rugby","15":"tag-fr","16":"tag-france","17":"tag-grenoble","18":"tag-news","19":"tag-pro-d2","20":"tag-provence-rugby","21":"tag-republique-francaise","22":"tag-rugby-a-xv","23":"tag-sport"},"share_on_mastodon":{"url":"https:\/\/pubeurope.com\/@fr\/115863524785900451","error":""},"_links":{"self":[{"href":"https:\/\/www.europesays.com\/fr\/wp-json\/wp\/v2\/posts\/651000","targetHints":{"allow":["GET"]}}],"collection":[{"href":"https:\/\/www.europesays.com\/fr\/wp-json\/wp\/v2\/posts"}],"about":[{"href":"https:\/\/www.europesays.com\/fr\/wp-json\/wp\/v2\/types\/post"}],"author":[{"embeddable":true,"href":"https:\/\/www.europesays.com\/fr\/wp-json\/wp\/v2\/users\/2"}],"replies":[{"embeddable":true,"href":"https:\/\/www.europesays.com\/fr\/wp-json\/wp\/v2\/comments?post=651000"}],"version-history":[{"count":0,"href":"https:\/\/www.europesays.com\/fr\/wp-json\/wp\/v2\/posts\/651000\/revisions"}],"wp:featuredmedia":[{"embeddable":true,"href":"https:\/\/www.europesays.com\/fr\/wp-json\/wp\/v2\/media\/651001"}],"wp:attachment":[{"href":"https:\/\/www.europesays.com\/fr\/wp-json\/wp\/v2\/media?parent=651000"}],"wp:term":[{"taxonomy":"category","embeddable":true,"href":"https:\/\/www.europesays.com\/fr\/wp-json\/wp\/v2\/categories?post=651000"},{"taxonomy":"post_tag","embeddable":true,"href":"https:\/\/www.europesays.com\/fr\/wp-json\/wp\/v2\/tags?post=651000"}],"curies":[{"name":"wp","href":"https:\/\/api.w.org\/{rel}","templated":true}]}}