{"id":651011,"date":"2026-01-09T05:45:46","date_gmt":"2026-01-09T05:45:46","guid":{"rendered":"https:\/\/www.europesays.com\/fr\/651011\/"},"modified":"2026-01-09T05:45:46","modified_gmt":"2026-01-09T05:45:46","slug":"tempete-goretti-vents-orages-vagues-la-loire-atlantique-en-vigilance-orange","status":"publish","type":"post","link":"https:\/\/www.europesays.com\/fr\/651011\/","title":{"rendered":"Temp\u00eate Goretti. Vents, orages, vagues\u2026 La Loire-Atlantique en vigilance orange"},"content":{"rendered":"<p>                    Par<br \/>\n        <strong><br \/>\n            <a href=\"https:\/\/actu.fr\/auteur\/laure-gentil\" title=\"Consulter tous les articles de Laure Gentil\" target=\"_blank\" rel=\"noopener\">Laure Gentil<\/a><br \/>\n                    <\/strong><\/p>\n<p>        Publi\u00e9 le<\/p>\n<p>            8 janv. 2026 \u00e0 11h33        <\/p>\n<p><b>Qualifi\u00e9e \u00ab\u2009d\u2019explosive\u2009\u00bb <\/b>par le m\u00e9t\u00e9orologue Yann Amice contact\u00e9 par <a href=\"https:\/\/actu.fr\/meteo\/la-tempete-goretti-s-abat-en-france-ce-jeudi-et-c-est-une-bombe-meteo-c-est-quoi-ce-phenomene-explosif_63662152.html\" target=\"_blank\" rel=\"noopener\">actu.fr<\/a>, la temp\u00eate Goretti ne va pas \u00e9pargner la <a href=\"https:\/\/actu.fr\/pays-de-la-loire\/loire-atlantique_44\" target=\"_blank\" rel=\"noopener\">Loire-Atlantique<\/a>. M\u00e9t\u00e9o France avait, dans un premier temps, plac\u00e9 la Loire-Atlantique en vigilance jaune mais a chang\u00e9 d\u2019avis. La vigilance vent est dor\u00e9navant orange \u00e0 partir de 18\u2009h. Elle doit durer toute la nuit. Une vigilance jaune orages (\u00e0 partir de 20\u2009h) et vagues-submersion (\u00e0 partir de 17\u2009h) a \u00e9t\u00e9 ajout\u00e9e.<\/p>\n<p class=\" wall-content\">M\u00e9t\u00e9o France <a href=\"https:\/\/actu.fr\/meteo\/tempete-goretti-et-neige-jeudi-en-france-vigilance-rouge-degats-circulation-suivez-notre-direct_63667087.html\" target=\"_blank\" rel=\"noopener\">a d\u00e9clench\u00e9 la\u00a0<b>vigilance rouge<\/b>\u00a0dans le d\u00e9partement de Manche<\/a>\u00a0\u00e0 6\u2009h \u2013 et d\u2019autres d\u00e9partements pourraient suivre au fil de la journ\u00e9e.<\/p>\n<p class=\" wall-content\">\n<p>Des rafales de 120\u00a0km\/h<\/p>\n<p class=\" wall-content\">Selon les pr\u00e9visions de M\u00e9t\u00e9o France, des rafales de <b>120\u00a0km\/h<\/b> sont attendues dans la soir\u00e9e sur <a href=\"https:\/\/actu.fr\/pays-de-la-loire\/pornic_44131\" target=\"_blank\" rel=\"noopener\">Pornic<\/a> et <a href=\"https:\/\/actu.fr\/pays-de-la-loire\/saint-nazaire_44184\" target=\"_blank\" rel=\"noopener\">Saint-Nazaire<\/a>, de <b>115\u00a0km\/h<\/b> \u00e0 Saint-\u00c9tienne-de-Montluc, de <b>105\u00a0km\/h<\/b> \u00e0 <a href=\"https:\/\/actu.fr\/nantes\/\" target=\"_blank\" rel=\"noopener\">Nantes<\/a>, et de <b>100\u00a0km\/h<\/b> \u00e0 <a href=\"https:\/\/actu.fr\/l-eclaireur-de-chateaubriant\" target=\"_blank\" rel=\"noopener\">Ch\u00e2teaubriant<\/a> ou \u00e0 <a href=\"https:\/\/actu.fr\/pays-de-la-loire\/vallet_44212\" target=\"_blank\" rel=\"noopener\">Vallet<\/a>.<\/p>\n<p class=\" wall-content\">\n<p>Quelles pr\u00e9cautions prendre\u2009?<\/p>\n<p class=\" wall-content\">Pour rappel, en cas de vigilance\u2009:<\/p>\n<ul class=\" wall-content\">\n<li>Si vous devez prendre le volant, <b>informez-vous sur l\u2019\u00e9tat des routes.<\/b><\/li>\n<li>Ne vous promenez pas en for\u00eat ou sur le littoral et\u00a0<b>ne prenez pas la mer<\/b><b>.<\/b><\/li>\n<li><b>\u00c9vitez les sorties<\/b>\u00a0en for\u00eat\u00a0ou pr\u00e8s d\u2019un cours d\u2019eau.<\/li>\n<li>Soyez vigilants lors des manifestations en plein air (notamment les structures et les \u00e9quipements sensibles au vent).<\/li>\n<li><b>Ne touchez pas aux fils \u00e9lectriques\u00a0<\/b>tomb\u00e9s au sol.<\/li>\n<li><b>Mettez \u00e0 l\u2019abri les objets\u00a0<\/b>susceptibles d\u2019\u00eatre endommag\u00e9s.<\/li>\n<\/ul>\n<p class=\" wall-content\">Personnalisez votre actualit\u00e9 en ajoutant vos villes et m\u00e9dias en favori avec <a href=\"https:\/\/moncompte.actu.fr\" title=\"D\u00e9couvez Mon Actu\" rel=\"nofollow noopener\" data-trk=\"{&quot;cta&quot;:{&quot;action&quot;:&quot;https:\\\/\\\/moncompte.actu.fr&quot;,&quot;category&quot;:&quot;mon compte&quot;,&quot;from&quot;:&quot;article footer&quot;,&quot;name&quot;:&quot;Mon actu&quot;,&quot;type&quot;:&quot;cta&quot;}}\" target=\"_blank\">Mon Actu<\/a>.<\/p>\n","protected":false},"excerpt":{"rendered":"Par Laure Gentil Publi\u00e9 le 8 janv. 2026 \u00e0 11h33 Qualifi\u00e9e \u00ab\u2009d\u2019explosive\u2009\u00bb par le m\u00e9t\u00e9orologue Yann Amice contact\u00e9&hellip;\n","protected":false},"author":2,"featured_media":651012,"comment_status":"","ping_status":"","sticky":false,"template":"","format":"standard","meta":{"footnotes":""},"categories":[2818],"tags":[1111,11,1777,674,1011,27,2487,2357,766,12,2636,25,75296],"class_list":{"0":"post-651011","1":"post","2":"type-post","3":"status-publish","4":"format-standard","5":"has-post-thumbnail","7":"category-nantes","8":"tag-actu","9":"tag-actualites","10":"tag-eu","11":"tag-europe","12":"tag-fr","13":"tag-france","14":"tag-meteo","15":"tag-meteo-france","16":"tag-nantes","17":"tag-news","18":"tag-pays-de-la-loire","19":"tag-republique-francaise","20":"tag-tempete-goretti"},"share_on_mastodon":{"url":"https:\/\/pubeurope.com\/@fr\/115863564477491330","error":""},"_links":{"self":[{"href":"https:\/\/www.europesays.com\/fr\/wp-json\/wp\/v2\/posts\/651011","targetHints":{"allow":["GET"]}}],"collection":[{"href":"https:\/\/www.europesays.com\/fr\/wp-json\/wp\/v2\/posts"}],"about":[{"href":"https:\/\/www.europesays.com\/fr\/wp-json\/wp\/v2\/types\/post"}],"author":[{"embeddable":true,"href":"https:\/\/www.europesays.com\/fr\/wp-json\/wp\/v2\/users\/2"}],"replies":[{"embeddable":true,"href":"https:\/\/www.europesays.com\/fr\/wp-json\/wp\/v2\/comments?post=651011"}],"version-history":[{"count":0,"href":"https:\/\/www.europesays.com\/fr\/wp-json\/wp\/v2\/posts\/651011\/revisions"}],"wp:featuredmedia":[{"embeddable":true,"href":"https:\/\/www.europesays.com\/fr\/wp-json\/wp\/v2\/media\/651012"}],"wp:attachment":[{"href":"https:\/\/www.europesays.com\/fr\/wp-json\/wp\/v2\/media?parent=651011"}],"wp:term":[{"taxonomy":"category","embeddable":true,"href":"https:\/\/www.europesays.com\/fr\/wp-json\/wp\/v2\/categories?post=651011"},{"taxonomy":"post_tag","embeddable":true,"href":"https:\/\/www.europesays.com\/fr\/wp-json\/wp\/v2\/tags?post=651011"}],"curies":[{"name":"wp","href":"https:\/\/api.w.org\/{rel}","templated":true}]}}