{"id":651017,"date":"2026-01-09T05:48:11","date_gmt":"2026-01-09T05:48:11","guid":{"rendered":"https:\/\/www.europesays.com\/fr\/651017\/"},"modified":"2026-01-09T05:48:11","modified_gmt":"2026-01-09T05:48:11","slug":"les-maternites-privees-en-greve-ou-vont-accoucher-les-futures-mamans","status":"publish","type":"post","link":"https:\/\/www.europesays.com\/fr\/651017\/","title":{"rendered":"les maternit\u00e9s priv\u00e9es en gr\u00e8ve, o\u00f9 vont accoucher les futures mamans"},"content":{"rendered":"<p>                    Par<br \/>\n        <strong><br \/>\n            <a href=\"https:\/\/actu.fr\/auteur\/anaelle-petit\" title=\"Consulter tous les articles de Ana\u00eblle Petit\" target=\"_blank\" rel=\"noopener\">Ana\u00eblle Petit<\/a><br \/>\n                    <\/strong><\/p>\n<p>        Publi\u00e9 le<\/p>\n<p>            8 janv. 2026 \u00e0 17h23        <\/p>\n<p>Alors que de nombreux cabinets m\u00e9dicaux de <a href=\"https:\/\/actu.fr\/toulouse\/\" target=\"_blank\" rel=\"noopener\">Toulouse<\/a> affichent portes closes en raison de la gr\u00e8ve nationale depuis <strong>ce lundi 5\u00a0janvier<\/strong>, des m\u00e9decins dans les maternit\u00e9s priv\u00e9es ont \u00e0 leur tour d\u00e9cid\u00e9 de prendre part au mouvement. Tous d\u00e9noncent des mesures du <strong>Projet de Loi de Financement de la S\u00e9curit\u00e9 sociale (PLFSS) 2026<\/strong>. Les futures mamans qui doivent accoucher <strong>seront envoy\u00e9es ailleurs. <\/strong>Voici o\u00f9.<\/p>\n<p>Aucun accouchement n\u2019aura lieu<\/p>\n<p class=\" wall-content\"><strong>La clinique Rive Gauche<\/strong> fait partie de ces maternit\u00e9s qui ont rejoint le mouvement de gr\u00e8ve nationale des m\u00e9decins lib\u00e9raux.<\/p>\n<p class=\" wall-content\"><strong>L\u2019ensemble des gyn\u00e9cologues<\/strong> de la clinique poseront leurs blouses et cesseront leur activit\u00e9 <strong>du 10 au 14\u00a0janvier<\/strong>. C\u2019est pourtant l\u2019une des structures priv\u00e9es de r\u00e9f\u00e9rence \u00e0 Toulouse, accueillant <strong>pr\u00e8s de 4\u2009000 naissances par an<\/strong>.<\/p>\n<p class=\" wall-content\">Les rendez-vous pr\u00e9vus ce jeudi\u00a08 et vendredi 9\u00a0janvier 2026 sont maintenus, mais <strong>aucun accouchement n\u2019aura lieu<\/strong> <strong>\u00e0 partir du 10\u00a0janvier<\/strong>.<\/p>\n<p>Une notification dans la messagerie Doctolib<\/p>\n<p class=\" wall-content\">Les futures mamans suivies par la clinique ont \u00e9t\u00e9 alert\u00e9es de la situation par <strong>une notification dans la messagerie Doctolib<\/strong>.<\/p>\n<p class=\" wall-content\">\u00ab\u2009Nous tenions \u00e0 vous informer que l\u2019\u00e9tablissement sera ferm\u00e9 du 8 au 14\u00a0janvier 2026. En cas de besoin, vous pouvez contacter <strong>le CHU Paule de Viguier<\/strong> \u00e0 Purpan\u2009\u00bb. peut-on lire.<\/p>\n<p>\u00ab\u2009C\u2019est inacceptable\u2009\u00bb<\/p>\n<p class=\" wall-content\">\u00ab\u2009Quand j\u2019ai vu \u00e7a, j\u2019ai \u00e9t\u00e9 choqu\u00e9, \u00e7a me rajoute <strong>de l\u2019angoisse et de l\u2019incertitude<\/strong>. En fin de grossesse, on n\u2019a pas besoin de \u00e7a\u2009\u00bb, d\u00e9plore Laure, 35\u00a0ans.<\/p>\n<p>Votre r\u00e9gion, votre actu !<\/p>\n<p>Recevez chaque jour les infos qui comptent pour vous.<\/p>\n<p>\t<a href=\"https:\/\/actu.fr\/newsletter\" class=\"ac-btn ac-btn--corner ac-btn--medium ac-btn--blue800\" target=\"_blank\" rel=\"noopener\">S&rsquo;incrire<\/a><\/p>\n<p class=\" wall-content\">Elle a \u00e9t\u00e9 suivie durant toute sa grossesse par la<strong> clinique Rive Gauche.<\/strong> Son terme est pr\u00e9vu pour<strong> le 28\u00a0janvier<\/strong>, elle ne sait pas si elle pourra accoucher \u00e0 l\u2019endroit pr\u00e9vu<strong> avec les m\u00e9decins qu\u2019elle a d\u00e9j\u00e0 rencontr\u00e9s<\/strong>.<\/p>\n<p class=\" wall-content\">\u00ab\u2009On ne peut pas demander \u00e0 des futures mamans d\u2019aller <strong>accoucher dans un endroit inconnu<\/strong>, o\u00f9 leur dossier est inconnu\u2026 <strong>c\u2019est inacceptable<\/strong>\u2009\u00bb, ajoute-t-elle.<\/p>\n<p>\u00ab\u2009Cinq jours de difficult\u00e9 pour assurer les ann\u00e9es futures\u2009\u00bb<\/p>\n<p class=\" wall-content\"><a href=\"https:\/\/actu.fr\/occitanie\/toulouse_31555\/toulouse-ce-qui-pousse-les-medecins-liberaux-a-faire-greve-des-lundi_63643754.html\" target=\"_blank\" rel=\"noopener\">Les professionnels en gr\u00e8ve<\/a> d\u00e9noncent certains articles du <strong>PLFSS 2026<\/strong>. Ils demandent notamment \u00e0 \u00eatre <strong>pris en compte dans la fixation des tarifs<\/strong> de consultation et de d\u00e9passements d\u2019honoraires, comme c\u2019\u00e9tait le cas jusqu\u2019\u00e0 maintenant.<\/p>\n<p class=\" wall-content\">Pour eux, c\u2019est essentiel afin de maintenir<strong> des consultations \u00e0 un prix accessible<\/strong> pour les patientes.<\/p>\n<p class=\" wall-content\">\u00ab<strong>\u2009C\u2019est cinq jours de difficult\u00e9 pour assurer les ann\u00e9es futures<\/strong>. On se bat pour nous, mais surtout pour nos patientes,<strong> pour que le tarif puisse rester juste\u2009<\/strong>\u00bb, explique le <strong>Dr. Thiebaugeorges<\/strong>, gyn\u00e9cologue \u00e0 la clinique Rive Gauche.<\/p>\n<p>Un plan d\u2019adaptation<\/p>\n<p class=\" wall-content\">Au CHU de Purpan, la situation avait \u00e9t\u00e9 anticip\u00e9e \u00e0 l\u2019avance avec<strong> un plan d\u2019adaptation<\/strong>. La maternit\u00e9 a pu rapidement mettre en place des <strong>salles d\u2019accouchement suppl\u00e9mentaires<\/strong> et augmenter <strong>le volume des lits de naissance<\/strong>. <strong>Les moyens humains<\/strong> ont aussi \u00e9t\u00e9 revus \u00e0 la hausse.<\/p>\n<p class=\" wall-content\">Pour cette situation exceptionnelle, un<a href=\"https:\/\/actu.fr\/occitanie\/toulouse_31555\/grippe-et-greve-des-medecins-liberaux-le-chu-de-toulouse-declenche-son-plan-blanc-ca-signifie-quoi_63668986.html\" target=\"_blank\" rel=\"noopener\"> <strong>plan blanc de niveau 1<\/strong><\/a> est d\u00e9clench\u00e9 sur l\u2019ensemble des services du CHU impact\u00e9s par la gr\u00e8ve, la maternit\u00e9 en faisant partie.<\/p>\n<p class=\" wall-content\">\u00ab\u2009On a eu un \u00e9norme <strong>\u00e9lan de solidarit\u00e9<\/strong> <strong>spontan\u00e9<\/strong> chez nos sages-femmes. Elles se sont mobilis\u00e9es. Et <strong>l\u2019ordre des sages-femmes lib\u00e9rales<\/strong> aussi d\u2019ailleurs\u2009\u00bb. indique le Pr. Guerby.<\/p>\n<p>\u00ab\u2009On ne pourra pas g\u00e9rer tout le volume annonc\u00e9\u2009\u00bb<\/p>\n<p class=\" wall-content\">Le CHU peut aussi compter sur <strong>la clinique Ambroise Par\u00e9<\/strong>, qui n\u2019a pas annonc\u00e9 de gr\u00e8ve, ou sur les \u00e9tablissements publics en p\u00e9riph\u00e9ries comme <strong>Lavaur ou Montauban<\/strong>. Ils sont <strong>en support<\/strong> pour prendre en charge les femmes qui viennent accoucher.<\/p>\n<p class=\" wall-content\">\u00ab\u2009On fait notre maximum pour les accueillir dans les meilleures conditions. Mais c\u2019est certain qu\u2019au bout d\u2019un moment,<strong> on ne pourra pas g\u00e9rer tout le volume annonc\u00e9<\/strong>\u2009\u00bb. Habituellement, la maternit\u00e9 du CHU encadre environ <strong>15 naissances par jours<\/strong> <strong>sur les 40 \u00e0 45 en moyenne dans la grande agglom\u00e9ration toulousaine<\/strong>.<\/p>\n<p>\u00ab\u2009Ce sont les m\u00e9decins qui d\u00e9cident\u2009\u00bb<\/p>\n<p class=\" wall-content\">La situation risque de prendre de l\u2019ampleur ces prochains jours. La clinique <strong>Croix du Sud<\/strong> ainsi que <strong>la clinique de l\u2019Union<\/strong> pourrait \u00e0 leur tour <strong>rejoindre le mouvement de gr\u00e8ve d\u00e8s ce week-end<\/strong>.<\/p>\n<p class=\" wall-content\">Le groupe Ramsay Sant\u00e9 pr\u00e9cise toutefois que \u00ab\u00a0<strong>ce sont les m\u00e9decins qui d\u00e9cident de faire gr\u00e8ve ou non<\/strong>. Certes les cliniques soutiennent le mouvement, mais ce ne sont pas leur initiative\u2009\u00bb et ajoute que \u00ab\u00a0<strong>la prise en charge des soins urgents et\/ou ne pouvant \u00eatre report\u00e9s sans risque pour le patient reste assur\u00e9e<\/strong>\u00a0\u00bb .\u00a0<\/p>\n<p class=\" wall-content\">Personnalisez votre actualit\u00e9 en ajoutant vos villes et m\u00e9dias en favori avec <a href=\"https:\/\/moncompte.actu.fr\" title=\"D\u00e9couvez Mon Actu\" rel=\"nofollow noopener\" data-trk=\"{&quot;cta&quot;:{&quot;action&quot;:&quot;https:\\\/\\\/moncompte.actu.fr&quot;,&quot;category&quot;:&quot;mon compte&quot;,&quot;from&quot;:&quot;article footer&quot;,&quot;name&quot;:&quot;Mon actu&quot;,&quot;type&quot;:&quot;cta&quot;}}\" target=\"_blank\">Mon Actu<\/a>.<\/p>\n","protected":false},"excerpt":{"rendered":"Par Ana\u00eblle Petit Publi\u00e9 le 8 janv. 2026 \u00e0 17h23 Alors que de nombreux cabinets m\u00e9dicaux de Toulouse&hellip;\n","protected":false},"author":2,"featured_media":651018,"comment_status":"","ping_status":"","sticky":false,"template":"","format":"standard","meta":{"footnotes":""},"categories":[2816],"tags":[1111,11,2630,1777,674,1011,27,6151,15761,12,2680,25,104,2312],"class_list":{"0":"post-651017","1":"post","2":"type-post","3":"status-publish","4":"format-standard","5":"has-post-thumbnail","7":"category-toulouse","8":"tag-actu","9":"tag-actualites","10":"tag-chu-de-toulouse","11":"tag-eu","12":"tag-europe","13":"tag-fr","14":"tag-france","15":"tag-greve","16":"tag-maternite","17":"tag-news","18":"tag-occitanie","19":"tag-republique-francaise","20":"tag-societe","21":"tag-toulouse"},"share_on_mastodon":{"url":"https:\/\/pubeurope.com\/@fr\/115863571862769744","error":""},"_links":{"self":[{"href":"https:\/\/www.europesays.com\/fr\/wp-json\/wp\/v2\/posts\/651017","targetHints":{"allow":["GET"]}}],"collection":[{"href":"https:\/\/www.europesays.com\/fr\/wp-json\/wp\/v2\/posts"}],"about":[{"href":"https:\/\/www.europesays.com\/fr\/wp-json\/wp\/v2\/types\/post"}],"author":[{"embeddable":true,"href":"https:\/\/www.europesays.com\/fr\/wp-json\/wp\/v2\/users\/2"}],"replies":[{"embeddable":true,"href":"https:\/\/www.europesays.com\/fr\/wp-json\/wp\/v2\/comments?post=651017"}],"version-history":[{"count":0,"href":"https:\/\/www.europesays.com\/fr\/wp-json\/wp\/v2\/posts\/651017\/revisions"}],"wp:featuredmedia":[{"embeddable":true,"href":"https:\/\/www.europesays.com\/fr\/wp-json\/wp\/v2\/media\/651018"}],"wp:attachment":[{"href":"https:\/\/www.europesays.com\/fr\/wp-json\/wp\/v2\/media?parent=651017"}],"wp:term":[{"taxonomy":"category","embeddable":true,"href":"https:\/\/www.europesays.com\/fr\/wp-json\/wp\/v2\/categories?post=651017"},{"taxonomy":"post_tag","embeddable":true,"href":"https:\/\/www.europesays.com\/fr\/wp-json\/wp\/v2\/tags?post=651017"}],"curies":[{"name":"wp","href":"https:\/\/api.w.org\/{rel}","templated":true}]}}