{"id":651035,"date":"2026-01-09T05:59:11","date_gmt":"2026-01-09T05:59:11","guid":{"rendered":"https:\/\/www.europesays.com\/fr\/651035\/"},"modified":"2026-01-09T05:59:11","modified_gmt":"2026-01-09T05:59:11","slug":"paris-votera-non-au-mercosur-au-risque-dun-revers-diplomatique-majeur-pour-macron","status":"publish","type":"post","link":"https:\/\/www.europesays.com\/fr\/651035\/","title":{"rendered":"Paris votera \u00ab\u00a0non\u00a0\u00bb au Mercosur, au risque d&rsquo;un revers diplomatique majeur pour Macron"},"content":{"rendered":"<p class=\"mb-4 text-lg md:leading-8 break-words\">La France s&rsquo;appr\u00eate \u00e0 rejeter l&rsquo;accord du Mercosur lors d&rsquo;un vote parmi les \u00c9tats membres de l&rsquo;UE, apr\u00e8s des mois d&rsquo;efforts de la part de Paris pour constituer une minorit\u00e9 de blocage contre l&rsquo;accord litigieux.<\/p>\n<p class=\"mb-4 text-lg md:leading-8 break-words\">Si, comme les signaux le sugg\u00e8rent, l&rsquo;Italie soutient l&rsquo;accord, cela repr\u00e9senterait une grave d\u00e9faite diplomatique pour le locataire de l&rsquo;\u00c9lys\u00e9e, dont la strat\u00e9gie visant \u00e0 faire d\u00e9railler l&rsquo;accord s&rsquo;effondrerait.<\/p>\n<p class=\"mb-4 text-lg md:leading-8 break-words\">\u00ab\u00a0La France a d\u00e9cid\u00e9 de voter contre la signature de l&rsquo;accord entre l&rsquo;Union europ\u00e9enne et les pays du Mercosur\u00a0\u00bb, a indiqu\u00e9 le pr\u00e9sident fran\u00e7ais sur X.<\/p>\n<p class=\"mb-4 text-lg md:leading-8 break-words\">Il a d\u00e9clar\u00e9 que \u00ab\u00a0l&rsquo;accord UE-Mercosur est un accord d&rsquo;un autre temps, n\u00e9goci\u00e9 depuis trop longtemps sur des bases d\u00e9pass\u00e9es\u00a0\u00bb, ajoutant que les b\u00e9n\u00e9fices \u00e9conomiques \u00ab\u00a0seraient limit\u00e9s pour la croissance fran\u00e7aise et europ\u00e9enne\u00a0\u00bb.<\/p>\n<p class=\"mb-4 text-lg md:leading-8 break-words\">\u00ab\u00a0Il ne justifie pas d&rsquo;exposer des secteurs agricoles sensibles et essentiels \u00e0 notre souverainet\u00e9 alimentaire\u00a0\u00bb, a-t-il \u00e9crit.<\/p>\n<p>L&rsquo;\u00e9chec de Paris \u00e0 constituer une minorit\u00e9 de blocage<\/p>\n<p class=\"mb-4 text-lg md:leading-8 break-words\"><a href=\"https:\/\/fr.finance.yahoo.com\/actualites\/von-der-leyen-signe-accord-132308889.html\" data-ylk=\"slk:L&#039;accord Mercosur a \u00e9t\u00e9 conclu en d\u00e9cembre 2024;elm:context_link;itc:0;sec:content-canvas;outcm:mb_qualified_link;_E:mb_qualified_link;ct:story;\" class=\"link  yahoo-link\" target=\"_blank\" rel=\"noopener\"><strong>L&rsquo;accord Mercosur a \u00e9t\u00e9 conclu en d\u00e9cembre 2024<\/strong><\/a> par la pr\u00e9sidente de la Commission, Ursula von der Leyen, avec l&rsquo;Argentine, le Br\u00e9sil, le Paraguay et l&rsquo;Uruguay, dans le but de cr\u00e9er une zone de libre-\u00e9change d&rsquo;environ 700 millions de personnes de part et d&rsquo;autre de l&rsquo;Atlantique apr\u00e8s plus de 25 ans de n\u00e9gociations.<\/p>\n<p class=\"mb-4 text-lg md:leading-8 break-words\">La France s&rsquo;est oppos\u00e9e \u00e0 l&rsquo;accord \u00e0 chaque \u00e9tape, invoquant la concurrence d\u00e9loyale des importations latino-am\u00e9ricaines et la pression exerc\u00e9e par ses agriculteurs.<\/p>\n<p class=\"mb-4 text-lg md:leading-8 break-words\">Dans un contexte de tensions g\u00e9o\u00e9conomiques croissantes, les partisans de l&rsquo;accord, men\u00e9s par l&rsquo;Allemagne et l&rsquo;Espagne, ont fait pression pour une signature rapide afin d&rsquo;ouvrir de nouveaux march\u00e9s d&rsquo;exportation.<\/p>\n<p class=\"mb-4 text-lg md:leading-8 break-words\">La signature a \u00e9t\u00e9 report\u00e9e \u00e0 la suite d&rsquo;un sommet europ\u00e9en le mois dernier, l&rsquo;Italie et la France ayant exprim\u00e9 des r\u00e9serves. La Commission a laiss\u00e9 entendre que ces probl\u00e8mes pourraient \u00eatre r\u00e9solus et que la signature aurait lieu en janvier.<\/p>\n<p class=\"mb-4 text-lg md:leading-8 break-words\">Paris a intensifi\u00e9 ses efforts ces derni\u00e8res semaines pour r\u00e9unir une minorit\u00e9 de blocage, en obtenant le soutien de la Pologne, de la Hongrie, de l&rsquo;Irlande et peut-\u00eatre de l&rsquo;Autriche. Mais la position de l&rsquo;Italie est rest\u00e9e d\u00e9terminante avant le vote de vendredi, lors d&rsquo;une r\u00e9union des ambassadeurs de l&rsquo;UE \u00e0 Bruxelles.<\/p>\n<p class=\"mb-4 text-lg md:leading-8 break-words\"><a href=\"https:\/\/fr.news.yahoo.com\/trait%C3%A9-ue-mercosur-bient%C3%B4t-scell%C3%A9-204953337.html\" data-ylk=\"slk:Apr\u00e8s une s\u00e9rie de concessions de la part de la Commission europ\u00e9enne;elm:context_link;itc:0;sec:content-canvas;outcm:mb_qualified_link;_E:mb_qualified_link;ct:story;\" class=\"link  yahoo-link\" target=\"_blank\" rel=\"noopener\"><strong>Apr\u00e8s une s\u00e9rie de concessions de la part de la Commission europ\u00e9enne<\/strong><\/a>, notamment des garanties renforc\u00e9es pour surveiller les perturbations du march\u00e9 et des paiements anticip\u00e9s en esp\u00e8ces pour les agriculteurs, l&rsquo;Italie semble s&rsquo;\u00eatre ralli\u00e9e aux partisans de l&rsquo;accord.<\/p>\n<p class=\"mb-4 text-lg md:leading-8 break-words\">Si une majorit\u00e9 qualifi\u00e9e soutient l&rsquo;accord, ce serait la premi\u00e8re fois que la France est mise en minorit\u00e9 au Conseil, qui repr\u00e9sente les \u00c9tats membres \u00e0 Bruxelles, ce qui constituerait un nouveau coup dur pour M. Macron, aux prises avec une profonde crise politique dans son pays.<\/p>\n","protected":false},"excerpt":{"rendered":"La France s&rsquo;appr\u00eate \u00e0 rejeter l&rsquo;accord du Mercosur lors d&rsquo;un vote parmi les \u00c9tats membres de l&rsquo;UE, apr\u00e8s&hellip;\n","protected":false},"author":2,"featured_media":651036,"comment_status":"","ping_status":"","sticky":false,"template":"","format":"standard","meta":{"footnotes":""},"categories":[1888],"tags":[1111,1928,11,1927,1777,674,1011,27,9791,21426,75546,12,1926,626,1925,25],"class_list":{"0":"post-651035","1":"post","2":"type-post","3":"status-publish","4":"format-standard","5":"has-post-thumbnail","7":"category-paris","8":"tag-actu","9":"tag-actu-paris","10":"tag-actualites","11":"tag-actualites-paris","12":"tag-eu","13":"tag-europe","14":"tag-fr","15":"tag-france","16":"tag-la-france","17":"tag-mercosur","18":"tag-minorite-de-blocage","19":"tag-news","20":"tag-news-paris","21":"tag-paris","22":"tag-paris-news","23":"tag-republique-francaise"},"share_on_mastodon":{"url":"https:\/\/pubeurope.com\/@fr\/115863615197947055","error":""},"_links":{"self":[{"href":"https:\/\/www.europesays.com\/fr\/wp-json\/wp\/v2\/posts\/651035","targetHints":{"allow":["GET"]}}],"collection":[{"href":"https:\/\/www.europesays.com\/fr\/wp-json\/wp\/v2\/posts"}],"about":[{"href":"https:\/\/www.europesays.com\/fr\/wp-json\/wp\/v2\/types\/post"}],"author":[{"embeddable":true,"href":"https:\/\/www.europesays.com\/fr\/wp-json\/wp\/v2\/users\/2"}],"replies":[{"embeddable":true,"href":"https:\/\/www.europesays.com\/fr\/wp-json\/wp\/v2\/comments?post=651035"}],"version-history":[{"count":0,"href":"https:\/\/www.europesays.com\/fr\/wp-json\/wp\/v2\/posts\/651035\/revisions"}],"wp:featuredmedia":[{"embeddable":true,"href":"https:\/\/www.europesays.com\/fr\/wp-json\/wp\/v2\/media\/651036"}],"wp:attachment":[{"href":"https:\/\/www.europesays.com\/fr\/wp-json\/wp\/v2\/media?parent=651035"}],"wp:term":[{"taxonomy":"category","embeddable":true,"href":"https:\/\/www.europesays.com\/fr\/wp-json\/wp\/v2\/categories?post=651035"},{"taxonomy":"post_tag","embeddable":true,"href":"https:\/\/www.europesays.com\/fr\/wp-json\/wp\/v2\/tags?post=651035"}],"curies":[{"name":"wp","href":"https:\/\/api.w.org\/{rel}","templated":true}]}}