{"id":651045,"date":"2026-01-09T06:04:12","date_gmt":"2026-01-09T06:04:12","guid":{"rendered":"https:\/\/www.europesays.com\/fr\/651045\/"},"modified":"2026-01-09T06:04:12","modified_gmt":"2026-01-09T06:04:12","slug":"comment-donald-trump-bouleverse-le-fonctionnement-du-monde","status":"publish","type":"post","link":"https:\/\/www.europesays.com\/fr\/651045\/","title":{"rendered":"comment Donald Trump bouleverse le fonctionnement du monde"},"content":{"rendered":"<p>Les actions de Donald Trump inaugurent-elles une nouvelle \u00e8re pour l&rsquo;ordre mondial\u00a0? L&rsquo;op\u00e9ration militaire am\u00e9ricaine du 3\u00a0janvier au Venezuela, <a href=\"https:\/\/www.franceinfo.fr\/monde\/venezuela\/attaque-americaine-sur-le-venezuela\/soldats-venezueliens-et-cubains-tues-civils-victimes-de-frappes-quel-est-le-bilan-de-l-operation-americaine-au-venezuela_7725718.html\" target=\"_self\" rel=\"noopener noreferrer nofollow\" data-tooltip-url=\"https:\/\/www.franceinfo.fr\/monde\/venezuela\/attaque-americaine-sur-le-venezuela\/soldats-venezueliens-et-cubains-tues-civils-victimes-de-frappes-quel-est-le-bilan-de-l-operation-americaine-au-venezuela_7725718.html\">qui a conduit \u00e0 la capture du pr\u00e9sident Nicolas Maduro<\/a>, marque en tout cas un tournant dans le respect des r\u00e8gles instaur\u00e9es depuis 1945. \u00ab\u00a0La m\u00e9thode employ\u00e9e contrevenait aux principes du droit international\u00a0\u00bb, <a href=\"https:\/\/www.franceinfo.fr\/monde\/venezuela\/attaque-americaine-sur-le-venezuela\/la-france-se-prepare-pour-un-monde-durci-affirme-jean-noel-barrot-ministre-des-affaires-etrangeres_7720075.html\" target=\"_self\" rel=\"noopener noreferrer nofollow\" data-tooltip-url=\"https:\/\/www.franceinfo.fr\/monde\/venezuela\/attaque-americaine-sur-le-venezuela\/la-france-se-prepare-pour-un-monde-durci-affirme-jean-noel-barrot-ministre-des-affaires-etrangeres_7720075.html\">a ainsi lanc\u00e9 sur France\u00a02<\/a> le ministre des Affaires \u00e9trang\u00e8res, Jean-No\u00ebl Barrot, dimanche. Un diagnostic partag\u00e9 par le secr\u00e9taire g\u00e9n\u00e9ral des Nations unies, Antonio Guterres, <a href=\"https:\/\/www.franceinfo.fr\/monde\/venezuela\/attaque-americaine-sur-le-venezuela\/acte-d-agression-armee-grave-atteinte-a-la-souverainete-appel-a-la-retenue-les-reactions-internationales-apres-l-operation-militaire-americaine-au-venezuela_7718521.html\" rel=\"noopener noreferrer nofollow\" data-tooltip-url=\"https:\/\/www.franceinfo.fr\/monde\/venezuela\/attaque-americaine-sur-le-venezuela\/acte-d-agression-armee-grave-atteinte-a-la-souverainete-appel-a-la-retenue-les-reactions-internationales-apres-l-operation-militaire-americaine-au-venezuela_7718521.html\" target=\"_blank\">pour qui l&rsquo;intervention risque de constituer \u00ab\u00a0un dangereux pr\u00e9c\u00e9dent\u00a0\u00bb<\/a>.<\/p>\n<p>Les relations internationales sont r\u00e9gies par de nombreuses r\u00e8gles, instaur\u00e9es apr\u00e8s la Seconde Guerre mondiale. La <a href=\"https:\/\/www.un.org\/fr\/about-us\/un-charter\/full-text\" target=\"_blank\" rel=\"noopener\" data-tooltip-url=\"https:\/\/www.un.org\/fr\/about-us\/un-charter\/full-text\">charte des Nations unies<\/a>, sign\u00e9e par 193\u00a0pays dont les Etats-Unis, encadre strictement l&rsquo;usage de la force d&rsquo;un Etat contre un autre. L&rsquo;article\u00a02 interdit ainsi aux signataires \u00ab\u00a0de recourir \u00e0 la menace ou \u00e0 l\u2019emploi de la force contre l\u2019int\u00e9grit\u00e9 territoriale ou l\u2019ind\u00e9pendance politique de tout Etat\u00a0\u00bb. Pour \u00eatre consid\u00e9r\u00e9e comme l\u00e9gale, toute intervention doit \u00eatre valid\u00e9e par le Conseil de s\u00e9curit\u00e9 de l&rsquo;ONU ou \u00eatre un acte d&rsquo;autod\u00e9fense.\u00a0<\/p>\n<p>Washington, qui n&rsquo;a pas pr\u00e9venu les Nations unies avant de frapper Caracas, <a href=\"https:\/\/www.franceinfo.fr\/monde\/venezuela\/attaque-americaine-sur-le-venezuela\/capture-de-nicolas-maduro-que-cherchent-les-etats-unis-en-attaquant-le-president-du-venezuela_7718425.html\" target=\"_self\" rel=\"noopener noreferrer nofollow\" data-tooltip-url=\"https:\/\/www.franceinfo.fr\/monde\/venezuela\/attaque-americaine-sur-le-venezuela\/capture-de-nicolas-maduro-que-cherchent-les-etats-unis-en-attaquant-le-president-du-venezuela_7718425.html\">justifie officiellement son op\u00e9ration par des accusations de narcoterrorisme<\/a>. Donald Trump, lui, assume sa volont\u00e9 d&rsquo;exploiter les <a href=\"https:\/\/www.franceinfo.fr\/monde\/venezuela\/attaque-americaine-sur-le-venezuela\/venezuela-le-petrole-veritable-objectif-de-donald-trump_7722439.html\" target=\"_self\" rel=\"noopener noreferrer nofollow\" data-tooltip-url=\"https:\/\/www.franceinfo.fr\/monde\/venezuela\/attaque-americaine-sur-le-venezuela\/venezuela-le-petrole-veritable-objectif-de-donald-trump_7722439.html\">r\u00e9serves p\u00e9troli\u00e8res v\u00e9n\u00e9zu\u00e9liennes<\/a>, les plus importantes du monde. Des explications qui \u00ab\u00a0ne constituent pas, en droit international, des fondements juridiques du recours \u00e0 la force. Elles rel\u00e8vent de consid\u00e9rations politiques ou morales\u00a0\u00bb, analyse aupr\u00e8s du <a href=\"https:\/\/www.lemonde.fr\/international\/article\/2026\/01\/05\/attaque-americaine-au-venezuela-selon-le-droit-international-la-lutte-contre-le-narcotrafic-la-protection-de-la-democratie-ne-constituent-pas-des-fondements-juridiques-du-recours-a-la-force_6660619_3210.html\" target=\"_blank\" rel=\"noopener\" data-tooltip-url=\"https:\/\/www.lemonde.fr\/international\/article\/2026\/01\/05\/attaque-americaine-au-venezuela-selon-le-droit-international-la-lutte-contre-le-narcotrafic-la-protection-de-la-democratie-ne-constituent-pas-des-fondements-juridiques-du-recours-a-la-force_6660619_3210.html\">Monde<\/a> S\u00e9bastien Touz\u00e9, professeur \u00e0 l\u2019universit\u00e9 Panth\u00e9on-Assas. Les Etats-Unis se \u00ab\u00a0d\u00e9tournent progressivement\u00a0\u00bb de certains alli\u00e9s et \u00ab\u00a0s&rsquo;affranchissent des r\u00e8gles internationales\u00a0\u00bb, a conclu de son c\u00f4t\u00e9 Emmanuel Macron jeudi, <a href=\"https:\/\/www.franceinfo.fr\/politique\/emmanuel-macron\/les-etats-unis-se-detournent-progressivement-de-certains-allies-et-s-affranchissent-des-regles-internationales-juge-emmanuel-macron-devant-les-ambassadeurs_7728418.html\" target=\"_self\" rel=\"noopener noreferrer nofollow\" data-tooltip-url=\"https:\/\/www.franceinfo.fr\/politique\/emmanuel-macron\/les-etats-unis-se-detournent-progressivement-de-certains-allies-et-s-affranchissent-des-regles-internationales-juge-emmanuel-macron-devant-les-ambassadeurs_7728418.html\">lors d&rsquo;un discours devant les ambassadeurs<\/a>.<\/p>\n<p>Pour autant, Donald Trump ne rompt pas totalement avec la tradition diplomatique de ses pr\u00e9d\u00e9cesseurs. \u00ab\u00a0Historiquement, il y a tout de m\u00eame une certaine strat\u00e9gie de politique \u00e9trang\u00e8re am\u00e9ricaine qui est sans aucun scrupule\u00a0\u00bb, souligne Fr\u00e9d\u00e9ric Ramel, professeur en science politique \u00e0 Sciences Po Paris. \u00ab\u00a0Les Etats-Unis sont l&rsquo;un des Etats les plus d\u00e9viants vis-\u00e0-vis du droit international. Ils ne sont pas, par exemple, membres de la Cour p\u00e9nale internationale\u00a0\u00bb, ajoute le sp\u00e9cialiste, <a href=\"https:\/\/www.franceinfo.fr\/replay-radio\/les-infox-de-l-histoire\/irak-2003-un-mensonge-pour-une-guerre_4990702.html\" target=\"_self\" rel=\"noopener noreferrer nofollow\" data-tooltip-url=\"https:\/\/www.franceinfo.fr\/replay-radio\/les-infox-de-l-histoire\/irak-2003-un-mensonge-pour-une-guerre_4990702.html\">qui a aussi en t\u00eate l&rsquo;invasion de l&rsquo;Irak en mars 2003 ordonn\u00e9e par George W. Bush<\/a>.<\/p>\n<p>Apr\u00e8s avoir \u00e9chou\u00e9 \u00e0 convaincre le Conseil de s\u00e9curit\u00e9 de l&rsquo;ONU que le dictateur Sadam Hussein poss\u00e9dait des armes de destruction massive, Washington avait finalement d\u00e9cid\u00e9 de partir en guerre sans autorisation.<\/p>\n<blockquote class=\"ftvi_content_quote\">\n<p class=\"ftvi_citation_quote\">\u00ab\u00a0A l&rsquo;\u00e9poque, il y avait une volont\u00e9 et la d\u00e9marche de passer par une institution multilat\u00e9rale.\u00a0\u00bb<\/p>\n<p>Fr\u00e9d\u00e9ric Ramel, professeur en science politique<\/p>\n<p class=\"ftvi_citation_source\">\u00e0 franceinfo<\/p>\n<\/blockquote>\n<p>Mais le temps o\u00f9 \u00ab\u00a0les Etats-Unis s&rsquo;arrangeaient pour bricoler des excuses juridiques lors de conflits\u00a0\u00bb est termin\u00e9, analyse Bertrand Badie, sp\u00e9cialiste des relations internationales et auteur de Par-del\u00e0 la puissance et la guerre.<\/p>\n<p>Les <a href=\"https:\/\/www.franceinfo.fr\/monde\/usa\/presidentielle\/donald-trump\/investiture-de-donald-trump-dominique-de-villepin-met-en-garde-l-europe-et-les-allies-a-l-heure-de-la-soumission-et-la-vassalisation_7025606.html\" target=\"_self\" rel=\"noopener noreferrer nofollow\" data-tooltip-url=\"https:\/\/www.franceinfo.fr\/monde\/usa\/presidentielle\/donald-trump\/investiture-de-donald-trump-dominique-de-villepin-met-en-garde-l-europe-et-les-allies-a-l-heure-de-la-soumission-et-la-vassalisation_7025606.html\">vell\u00e9it\u00e9s imp\u00e9rialistes am\u00e9ricaines<\/a> ne sont pas nouvelles, comme le montrent les diff\u00e9rentes interventions en Am\u00e9rique latine dans les ann\u00e9es 1960 et 1970 ou encore l&rsquo;arrestation du <a href=\"https:\/\/www.franceinfo.fr\/monde\/ameriques\/l-ex-dictateur-du-panama-manuel-noriega-extrade-vers-son-pays_37551.html\" target=\"_self\" rel=\"noopener noreferrer nofollow\" data-tooltip-url=\"https:\/\/www.franceinfo.fr\/monde\/ameriques\/l-ex-dictateur-du-panama-manuel-noriega-extrade-vers-son-pays_37551.html\">dictateur du Panama Manuel Noriega en 1989<\/a>. Mais elles ne sont plus justifi\u00e9es de la m\u00eame fa\u00e7on par Washington. \u00ab\u00a0Autrefois, les interventions se faisaient au nom des valeurs\u00a0\u00bb, souligne Bertrand Badie. Les n\u00e9oconservateurs de l&rsquo;administration Bush \u00ab\u00a0cherchaient ainsi \u00e0 instaurer la d\u00e9mocratie par la force, pour stabiliser le Moyen-Orient\u00a0\u00bb, alors que Donald Trump \u00ab\u00a0cherche un \u00e9quilibre entre les grandes puissances\u00a0\u00bb et \u00e0 \u00ab\u00a0contr\u00f4ler les ressources p\u00e9troli\u00e8res\u00a0\u00bb, compl\u00e8te Fr\u00e9d\u00e9ric Ramel.<\/p>\n<p>Pour illustrer sa vision de la politique internationale, le locataire de la Maison Blanche cite fr\u00e9quemment la doctrine Monroe, <a href=\"https:\/\/www.franceinfo.fr\/monde\/venezuela\/attaque-americaine-sur-le-venezuela\/la-doctrine-monroe-un-texte-vieux-de-deux-siecles-exhume-par-donald-trump-pour-justifier-sa-politique-etrangere_7719877.html\" target=\"_self\" rel=\"noopener noreferrer nofollow\" data-tooltip-url=\"https:\/\/www.franceinfo.fr\/monde\/venezuela\/attaque-americaine-sur-le-venezuela\/la-doctrine-monroe-un-texte-vieux-de-deux-siecles-exhume-par-donald-trump-pour-justifier-sa-politique-etrangere_7719877.html\">du nom du cinqui\u00e8me pr\u00e9sident des Etats-Unis<\/a>, qui statue que le pays se r\u00e9serve le droit d&rsquo;intervenir dans les affaires internes des Etats d&rsquo;Am\u00e9rique. Pour Donald Trump, tout ce qui compte est la force. \u00ab\u00a0Dans le cas du Venezuela, il n&rsquo;est m\u00eame pas fait r\u00e9f\u00e9rence au droit. Donald Trump explicite m\u00eame que la puissance est sup\u00e9rieure au droit, c&rsquo;est une rupture grave sur la forme\u00a0\u00bb, pointe Bertrand Badie.<\/p>\n<p>Le message envoy\u00e9 au reste du monde est simple, selon Fr\u00e9d\u00e9ric Ramel\u00a0: \u00ab\u00a0La qu\u00eate de l&rsquo;h\u00e9g\u00e9monisme am\u00e9ricain est d\u00e9sormais sans limite.\u00a0\u00bb Interrog\u00e9 lundi sur les prochaines possibles op\u00e9rations militaires de son pays, Donald Trump a mentionn\u00e9 Cuba, la Colombie et le Groenland, <a href=\"https:\/\/www.franceinfo.fr\/monde\/groenland\/donald-trump-etudie-activement-un-achat-du-groenland-affirme-la-maison-blanche_7726609.html\" target=\"_self\" rel=\"noopener noreferrer nofollow\" data-tooltip-url=\"https:\/\/www.franceinfo.fr\/monde\/groenland\/donald-trump-etudie-activement-un-achat-du-groenland-affirme-la-maison-blanche_7726609.html\">territoire appartenant au Danemark<\/a>. Le pr\u00e9sident am\u00e9ricain a r\u00e9it\u00e9r\u00e9 sa volont\u00e9, brandie depuis 2019, d&rsquo;int\u00e9grer cette nation aux Etats-Unis, laissant le soin \u00e0 ses proches d&rsquo;entretenir le flou sur une possible intervention militaire. De quoi ins\u00e9curiser les Europ\u00e9ens, pris en tenaille entre le besoin d&rsquo;assurer leur s\u00e9curit\u00e9 et celle de l&rsquo;Ukraine et leur volont\u00e9 de tenir t\u00eate \u00e0 Washington.<\/p>\n<p>La plupart des dirigeants europ\u00e9ens ont ainsi fait preuve de prudence apr\u00e8s l&rsquo;op\u00e9ration am\u00e9ricaine au Venezuela, Emmanuel Macron n&rsquo;ayant m\u00eame pas, initialement, fait mention d&rsquo;une quelconque violation du droit international. \u00ab\u00a0L&rsquo;op\u00e9ration am\u00e9ricaine confirme ce que les Europ\u00e9ens savent, mais ne veulent pas dire \u00e0 voix haute\u00a0: les Etats-Unis <a href=\"https:\/\/www.franceinfo.fr\/monde\/groenland\/donald-trump-etudie-activement-un-achat-du-groenland-affirme-la-maison-blanche_7726609.html\" target=\"_self\" rel=\"noopener noreferrer nofollow\" data-tooltip-url=\"https:\/\/www.franceinfo.fr\/monde\/groenland\/donald-trump-etudie-activement-un-achat-du-groenland-affirme-la-maison-blanche_7726609.html\">ne sont plus un alli\u00e9 fiable<\/a>, ils sont devenus une menace pour l\u2019ordre international qu\u2019ils ont eux-m\u00eames construit\u00a0\u00bb, tranche Gesine Weber,<strong> <\/strong>chercheuse au think tank Center for Security Studies \u00e0 Zurich (Suisse).<\/p>\n<p>De quoi agacer une partie du champ politique europ\u00e9en, comme <a href=\"https:\/\/www.franceinfo.fr\/monde\/venezuela\/attaque-americaine-sur-le-venezuela\/ce-deni-est-en-train-de-nous-mettre-en-danger-des-eurodeputes-denoncent-la-reaction-timoree-de-l-ue-face-aux-menaces-de-donald-trump_7722151.html\" target=\"_self\" rel=\"noopener noreferrer nofollow\" data-tooltip-url=\"https:\/\/www.franceinfo.fr\/monde\/venezuela\/attaque-americaine-sur-le-venezuela\/ce-deni-est-en-train-de-nous-mettre-en-danger-des-eurodeputes-denoncent-la-reaction-timoree-de-l-ue-face-aux-menaces-de-donald-trump_7722151.html\">l&rsquo;eurod\u00e9put\u00e9 belge Yvan Verougstraete<\/a>, pour qui fermer \u00ab\u00a0les yeux sur la violation du droit international\u00a0\u00bb affaiblirait l'\u00a0\u00bbavenir\u00a0\u00bb. \u00ab\u00a0L&rsquo;Europe a sign\u00e9 l&rsquo;acte de rupture qui l&rsquo;unissait au droit international\u00a0\u00bb, s&#8217;emporte Bertrand Badie, qui a en t\u00eate \u00ab\u00a0les sanctions am\u00e9ricaines <a href=\"https:\/\/www.franceinfo.fr\/monde\/usa\/l-ex-commissaire-europeen-thierry-breton-interdit-de-visa-par-les-etats-unis_7698550.html\" target=\"_self\" rel=\"noopener noreferrer nofollow\" data-tooltip-url=\"https:\/\/www.franceinfo.fr\/monde\/usa\/l-ex-commissaire-europeen-thierry-breton-interdit-de-visa-par-les-etats-unis_7698550.html\">contre l&rsquo;ancien commissaire europ\u00e9en Thierry Breton<\/a>\u00a0\u00bb impos\u00e9es fin d\u00e9cembre.<\/p>\n<blockquote class=\"ftvi_content_quote\">\n<p class=\"ftvi_citation_quote\">\u00ab\u00a0L&rsquo;Europe a pr\u00e9f\u00e9r\u00e9 abandonner le droit plut\u00f4t que de risquer une politique d&rsquo;autonomie avec les Etats. Nous vivons des heures tragiques.\u00a0\u00bb<\/p>\n<p>Bertrand Badie, politiste et sp\u00e9cialiste des relations internationales<\/p>\n<p class=\"ftvi_citation_source\">\u00e0 franceinfo<\/p>\n<\/blockquote>\n<p>Cette nouvelle r\u00e9alit\u00e9 est particuli\u00e8rement difficile \u00e0 dig\u00e9rer pour les Europ\u00e9ens. Depuis 1945, en construisant l&rsquo;Union europ\u00e9enne, ils ont probablement \u00ab\u00a0mis en place le syst\u00e8me multilat\u00e9raliste le plus abouti\u00a0\u00bb, bas\u00e9 sur le compromis, l&rsquo;Etat de droit et les trait\u00e9s internationaux, fait remarquer Fr\u00e9d\u00e9ric Ramel. L&rsquo;incertitude g\u00e9n\u00e9r\u00e9e par l&rsquo;alli\u00e9 am\u00e9ricain agit \u00ab\u00a0comme une \u00e9p\u00e9e de Damocl\u00e8s pour les Europ\u00e9ens\u00a0\u00bb, rel\u00e8ve le sp\u00e9cialiste, d&rsquo;autant qu'\u00a0\u00bbun clivage sur la fa\u00e7on de concevoir l&rsquo;ordre international est de plus en plus apparent au sein des Etats membres\u00a0\u00bb. Des divisions exploit\u00e9es par la diplomatie am\u00e9ricaine, qui cherche <a href=\"https:\/\/www.franceinfo.fr\/monde\/europe\/union-europeenne\/ils-veulent-pousser-leur-agenda-pourquoi-les-etats-unis-attaquent-ils-l-europe-sur-la-liberte-d-expression_7668115.html\" target=\"_self\" rel=\"noopener noreferrer nofollow\" data-tooltip-url=\"https:\/\/www.franceinfo.fr\/monde\/europe\/union-europeenne\/ils-veulent-pousser-leur-agenda-pourquoi-les-etats-unis-attaquent-ils-l-europe-sur-la-liberte-d-expression_7668115.html\">\u00e0 faire avancer son programme ultraconservateur en Europe<\/a>.<\/p>\n<p>Les actions de Donald Trump en Am\u00e9rique latine n&rsquo;int\u00e9ressent pas que l&rsquo;Europe. P\u00e9kin observe Washington, interloqu\u00e9e. \u00ab\u00a0La diplomatie chinoise se retrouve \u00e0 devoir d\u00e9fendre la charte des Nations unies et en m\u00eame temps, elle tire aussi des conclusions quant \u00e0 sa volont\u00e9 d&rsquo;annexer Ta\u00efwan\u00a0\u00bb, observe Fr\u00e9d\u00e9ric Ramel. La situation est aussi suivie de pr\u00e8s par la Russie, emp\u00eatr\u00e9e dans une guerre sans fin en Ukraine. Bertrand Badie y voit \u00ab\u00a0un message subliminal envoy\u00e9 \u00e0 Moscou qui rel\u00e8ve d&rsquo;une connivence masqu\u00e9e\u00a0\u00bb.<\/p>\n<blockquote class=\"ftvi_content_quote\">\n<p class=\"ftvi_citation_quote\">\u00ab\u00a0Le message envoy\u00e9 par Donald Trump est que l&rsquo;argument d\u00e9cisif n&rsquo;est ni juridique, ni id\u00e9ologique, que la loi est pour les forts, et que les faibles n&rsquo;ont rien \u00e0 dire.\u00a0\u00bb<\/p>\n<p>Bertrand Badie, politiste et sp\u00e9cialiste des relations internationales<\/p>\n<p class=\"ftvi_citation_source\">\u00e0 franceinfo<\/p>\n<\/blockquote>\n<p>Celui envoy\u00e9 aux adversaires des Etats-Unis, lui, est double. \u00ab\u00a0Puisque je ne respecte pas le droit international, je fermerai les yeux sur le fait que vous le fassiez, vous aussi\u00a0\u00bb, <a href=\"https:\/\/www.franceinfo.fr\/monde\/venezuela\/attaque-americaine-sur-le-venezuela\/venezuela-le-signal-envoye-par-donald-trump-est-double-analyse-un-ancien-ambassadeur-de-france-en-russie-et-en-chine_7720393.html\" target=\"_self\" rel=\"noopener noreferrer nofollow\" data-tooltip-url=\"https:\/\/www.franceinfo.fr\/monde\/venezuela\/attaque-americaine-sur-le-venezuela\/venezuela-le-signal-envoye-par-donald-trump-est-double-analyse-un-ancien-ambassadeur-de-france-en-russie-et-en-chine_7720393.html\">r\u00e9sumait sur franceinfo, dimanche, Jean-Maurice Ripert, ancien ambassadeur de France en Russie et en Chine<\/a>. \u00ab\u00a0Mais \u00e7a peut aussi vouloir dire &lsquo;attention, je suis capable de frapper n&rsquo;importe qui, n&rsquo;importe o\u00f9&rsquo;. (&#8230;) Il y a \u00e0 la fois une menace et une forme de laisser libres ses adversaires\u00a0\u00bb, concluait l&rsquo;ancien diplomate.<\/p>\n<p>L&rsquo;attitude am\u00e9ricaine est-elle en train de <a href=\"https:\/\/www.franceinfo.fr\/replay-radio\/l-edito-politique\/edito-emmanuel-macron-a-t-il-sacrifie-le-droit-international-a-la-realpolitik_7695343.html\" target=\"_self\" rel=\"noopener noreferrer nofollow\" data-tooltip-url=\"https:\/\/www.franceinfo.fr\/replay-radio\/l-edito-politique\/edito-emmanuel-macron-a-t-il-sacrifie-le-droit-international-a-la-realpolitik_7695343.html\">tuer d\u00e9finitivement le multilat\u00e9ralisme<\/a>\u00a0? Cela d\u00e9pend de quoi on parle. L&rsquo;ONU se montre bien affaiblie, du moins \u00ab\u00a0dans sa fonction de garantie de la s\u00e9curit\u00e9 internationale, avec un Conseil de s\u00e9curit\u00e9 absorb\u00e9 par des logiques de puissance qui annulent sa capacit\u00e9 d&rsquo;agir\u00a0\u00bb, d\u00e9taille Bertrand Badie.<\/p>\n<p>Mais tout un pan du travail des institutions internationales fonctionne encore\u00a0: celui du multilat\u00e9ralisme social, qui s&rsquo;exprime \u00e0 travers des agences comme l&rsquo;Unicef, l&rsquo;Organisation mondiale de la sant\u00e9 ou le Programme alimentaire mondial, fait remarquer le sp\u00e9cialiste\u00a0: \u00ab\u00a0Ces agences accomplissent un travail \u00e9norme et contribuent \u00e0 construire le lit de la paix, gr\u00e2ce au d\u00e9veloppement social et \u00e0 la s\u00e9curit\u00e9 humaine, en maintenant la paix dans des endroits qui auraient pu basculer dans la guerre.\u00a0\u00bb Le <a href=\"https:\/\/www.franceinfo.fr\/monde\/usa\/presidentielle\/donald-trump\/donald-trump-ordonne-le-retrait-des-etats-unis-de-66-organisations-internationales-dont-celles-de-cooperation-mondiale-sur-le-climat_7727920.html\" target=\"_self\" rel=\"noopener noreferrer nofollow\" data-tooltip-url=\"https:\/\/www.franceinfo.fr\/monde\/usa\/presidentielle\/donald-trump\/donald-trump-ordonne-le-retrait-des-etats-unis-de-66-organisations-internationales-dont-celles-de-cooperation-mondiale-sur-le-climat_7727920.html\">retrait des Etats-Unis de 66\u00a0organisations internationales<\/a>, annonc\u00e9 mercredi, pourrait mettre \u00e0 mal ce travail.<\/p>\n<p>D&rsquo;autant que la strat\u00e9gie am\u00e9ricaine ne sera pas forc\u00e9ment payante sur le long terme.<\/p>\n<blockquote class=\"ftvi_content_quote\">\n<p class=\"ftvi_citation_quote\">\u00ab\u00a0Les relations internationales ne peuvent pas \u00eatre uniquement bas\u00e9es sur la force, car celle-ci s&rsquo;\u00e9puise et ne produit pas toujours les effets escompt\u00e9s.\u00a0\u00bb<\/p>\n<p>Fr\u00e9d\u00e9ric Ramel, professeur en science politique<\/p>\n<p class=\"ftvi_citation_source\">\u00e0 franceinfo<\/p>\n<\/blockquote>\n<p>Les exemples, comme la d\u00e9sastreuse campagne men\u00e9e par les Etats-Unis en Afghanistan, sold\u00e9e <a href=\"https:\/\/www.franceinfo.fr\/monde\/afghanistan\/afghanistan-les-talibans-celebrent-deux-annees-de-retour-au-pouvoir_6007484.html\" target=\"_self\" rel=\"noopener noreferrer nofollow\" data-tooltip-url=\"https:\/\/www.franceinfo.fr\/monde\/afghanistan\/afghanistan-les-talibans-celebrent-deux-annees-de-retour-au-pouvoir_6007484.html\">par un retour des talibans au pouvoir en 2021<\/a>, ou l&rsquo;enlisement de la guerre au Vietnam dans les ann\u00e9es 1970, ne manquent pas. \u00ab\u00a0La coop\u00e9ration est plus forte que la force\u00a0\u00bb, voulait croire la pr\u00e9sidente de la Commission europ\u00e9enne, Ursula von der Leyen, lors d&rsquo;une <a href=\"https:\/\/www.youtube.com\/watch?v=Hi95tqXE7vk\" target=\"_blank\" rel=\"noopener\" data-tooltip-url=\"https:\/\/www.youtube.com\/watch?v=Hi95tqXE7vk\">conf\u00e9rence de presse<\/a> jeudi \u00e0 Chypre.<\/p>\n<p>Une opinion partag\u00e9e par Bertrand Badie. \u00ab\u00a0L&rsquo;av\u00e8nement de la puissance nue, \u00e7a n&rsquo;est que le d\u00e9but de l&rsquo;histoire, explique-t-il. La grande inconnue, c&rsquo;est la fa\u00e7on dont les soci\u00e9t\u00e9s r\u00e9agissent \u00e0 cette force, c&rsquo;est ce quelque chose qui est un impens\u00e9.\u00a0\u00bb Et le chercheur de pointer le r\u00f4le de la soci\u00e9t\u00e9 ukrainienne dans la r\u00e9sistance face \u00e0 l&rsquo;arm\u00e9e russe. \u00ab\u00a0Ce param\u00e8tre social est au c\u0153ur de l&rsquo;\u00e9nigme\u00a0\u00bb, conclut le sp\u00e9cialiste.<\/p>\n","protected":false},"excerpt":{"rendered":"Les actions de Donald Trump inaugurent-elles une nouvelle \u00e8re pour l&rsquo;ordre mondial\u00a0? L&rsquo;op\u00e9ration militaire am\u00e9ricaine du 3\u00a0janvier au&hellip;\n","protected":false},"author":2,"featured_media":651046,"comment_status":"","ping_status":"","sticky":false,"template":"","format":"standard","meta":{"footnotes":""},"categories":[1589],"tags":[11,73,1866,12,1864,1865,1863,308],"class_list":{"0":"post-651045","1":"post","2":"type-post","3":"status-publish","4":"format-standard","5":"has-post-thumbnail","7":"category-etats-unis","8":"tag-actualites","9":"tag-etats-unis","10":"tag-etats-unis-damerique","11":"tag-news","12":"tag-united-states","13":"tag-united-states-of-america","14":"tag-us","15":"tag-usa"},"share_on_mastodon":{"url":"https:\/\/pubeurope.com\/@fr\/115863634794831584","error":""},"_links":{"self":[{"href":"https:\/\/www.europesays.com\/fr\/wp-json\/wp\/v2\/posts\/651045","targetHints":{"allow":["GET"]}}],"collection":[{"href":"https:\/\/www.europesays.com\/fr\/wp-json\/wp\/v2\/posts"}],"about":[{"href":"https:\/\/www.europesays.com\/fr\/wp-json\/wp\/v2\/types\/post"}],"author":[{"embeddable":true,"href":"https:\/\/www.europesays.com\/fr\/wp-json\/wp\/v2\/users\/2"}],"replies":[{"embeddable":true,"href":"https:\/\/www.europesays.com\/fr\/wp-json\/wp\/v2\/comments?post=651045"}],"version-history":[{"count":0,"href":"https:\/\/www.europesays.com\/fr\/wp-json\/wp\/v2\/posts\/651045\/revisions"}],"wp:featuredmedia":[{"embeddable":true,"href":"https:\/\/www.europesays.com\/fr\/wp-json\/wp\/v2\/media\/651046"}],"wp:attachment":[{"href":"https:\/\/www.europesays.com\/fr\/wp-json\/wp\/v2\/media?parent=651045"}],"wp:term":[{"taxonomy":"category","embeddable":true,"href":"https:\/\/www.europesays.com\/fr\/wp-json\/wp\/v2\/categories?post=651045"},{"taxonomy":"post_tag","embeddable":true,"href":"https:\/\/www.europesays.com\/fr\/wp-json\/wp\/v2\/tags?post=651045"}],"curies":[{"name":"wp","href":"https:\/\/api.w.org\/{rel}","templated":true}]}}