{"id":651047,"date":"2026-01-09T06:05:32","date_gmt":"2026-01-09T06:05:32","guid":{"rendered":"https:\/\/www.europesays.com\/fr\/651047\/"},"modified":"2026-01-09T06:05:32","modified_gmt":"2026-01-09T06:05:32","slug":"le-royaume-uni-devrait-attenuer-la-hausse-des-taxes-professionnelles-pour-les-pubs","status":"publish","type":"post","link":"https:\/\/www.europesays.com\/fr\/651047\/","title":{"rendered":"Le Royaume-Uni devrait att\u00e9nuer la hausse des taxes professionnelles pour les pubs"},"content":{"rendered":"<p>La Grande-Bretagne s&rsquo;appr\u00eate \u00e0 pr\u00e9senter un ensemble de mesures visant \u00e0 att\u00e9nuer l&rsquo;impact d&rsquo;une augmentation pr\u00e9vue des taxes professionnelles sur les pubs, apr\u00e8s que les groupes du secteur de l&rsquo;h\u00f4tellerie ont averti que les mesures fiscales annonc\u00e9es l&rsquo;ann\u00e9e derni\u00e8re entra\u00eeneraient des fermetures d&rsquo;\u00e9tablissements.<\/p>\n<p>Les pubs, qui font partie int\u00e9grante du tissu social britannique depuis des centaines d&rsquo;ann\u00e9es, avaient r\u00e9clam\u00e9 une aide sp\u00e9cifique apr\u00e8s que la ministre des Finances Rachel Reeves a annonc\u00e9 des modifications des taxes professionnelles, un imp\u00f4t foncier sur tous les locaux commerciaux, dans son budget de novembre.<\/p>\n<p>L&rsquo;association professionnelle British Beer and Pub Association (BBPA) a indiqu\u00e9 que 15\u00a0000 emplois pourraient \u00eatre menac\u00e9s par ces changements, car environ 5\u00a0000 petits pubs seraient soumis pour la premi\u00e8re fois \u00e0 une facture de taxes professionnelles. La BBPA a engag\u00e9 des discussions avec le gouvernement afin de traiter la question de la \u00ab\u00a0valeur locative\u00a0\u00bb \u00e9lev\u00e9e de nombreux pubs, qui entra\u00eene des factures plus importantes.<\/p>\n<p>La BBC a rapport\u00e9 que le gouvernement pr\u00e9voyait d&rsquo;att\u00e9nuer la hausse pr\u00e9vue des taxes professionnelles pour les pubs, dans le cadre d&rsquo;un ensemble de mesures de soutien au secteur.<\/p>\n<p>Interrog\u00e9 \u00e0 ce sujet, un porte-parole du Tr\u00e9sor a d\u00e9clar\u00e9 qu&rsquo;un plan de soutien pour les pubs, incluant des mesures concernant les taxes professionnelles, les licences et la d\u00e9r\u00e9glementation, serait pr\u00e9sent\u00e9 dans les prochains jours, sans fournir davantage de d\u00e9tails.<\/p>\n<p>Le Premier ministre britannique Keir Starmer a d\u00e9j\u00e0 fait marche arri\u00e8re sur plusieurs politiques. En d\u00e9cembre, le gouvernement a r\u00e9duit son projet d&rsquo;augmenter la fiscalit\u00e9 sur les agriculteurs, quelques mois apr\u00e8s avoir renonc\u00e9 \u00e0 des coupes dans les d\u00e9penses sociales et revu \u00e0 la baisse une proposition de r\u00e9duction des subventions aux factures d&rsquo;\u00e9nergie pour les personnes \u00e2g\u00e9es.<\/p>\n","protected":false},"excerpt":{"rendered":"La Grande-Bretagne s&rsquo;appr\u00eate \u00e0 pr\u00e9senter un ensemble de mesures visant \u00e0 att\u00e9nuer l&rsquo;impact d&rsquo;une augmentation pr\u00e9vue des taxes&hellip;\n","protected":false},"author":2,"featured_media":651048,"comment_status":"","ping_status":"","sticky":false,"template":"","format":"standard","meta":{"footnotes":""},"categories":[1588],"tags":[11,340,1777,674,12,473,1853,1851,1850,1852],"class_list":{"0":"post-651047","1":"post","2":"type-post","3":"status-publish","4":"format-standard","5":"has-post-thumbnail","7":"category-royaume-uni","8":"tag-actualites","9":"tag-bourse","10":"tag-eu","11":"tag-europe","12":"tag-news","13":"tag-royaume-uni","14":"tag-royaume-uni-de-grande-bretagne-et-dirlande-du-nord","15":"tag-uk","16":"tag-united-kingdom","17":"tag-united-kingdom-of-great-britain-and-northern-ireland"},"share_on_mastodon":{"url":"https:\/\/pubeurope.com\/@fr\/115863638702949814","error":""},"_links":{"self":[{"href":"https:\/\/www.europesays.com\/fr\/wp-json\/wp\/v2\/posts\/651047","targetHints":{"allow":["GET"]}}],"collection":[{"href":"https:\/\/www.europesays.com\/fr\/wp-json\/wp\/v2\/posts"}],"about":[{"href":"https:\/\/www.europesays.com\/fr\/wp-json\/wp\/v2\/types\/post"}],"author":[{"embeddable":true,"href":"https:\/\/www.europesays.com\/fr\/wp-json\/wp\/v2\/users\/2"}],"replies":[{"embeddable":true,"href":"https:\/\/www.europesays.com\/fr\/wp-json\/wp\/v2\/comments?post=651047"}],"version-history":[{"count":0,"href":"https:\/\/www.europesays.com\/fr\/wp-json\/wp\/v2\/posts\/651047\/revisions"}],"wp:featuredmedia":[{"embeddable":true,"href":"https:\/\/www.europesays.com\/fr\/wp-json\/wp\/v2\/media\/651048"}],"wp:attachment":[{"href":"https:\/\/www.europesays.com\/fr\/wp-json\/wp\/v2\/media?parent=651047"}],"wp:term":[{"taxonomy":"category","embeddable":true,"href":"https:\/\/www.europesays.com\/fr\/wp-json\/wp\/v2\/categories?post=651047"},{"taxonomy":"post_tag","embeddable":true,"href":"https:\/\/www.europesays.com\/fr\/wp-json\/wp\/v2\/tags?post=651047"}],"curies":[{"name":"wp","href":"https:\/\/api.w.org\/{rel}","templated":true}]}}