{"id":651049,"date":"2026-01-09T06:06:13","date_gmt":"2026-01-09T06:06:13","guid":{"rendered":"https:\/\/www.europesays.com\/fr\/651049\/"},"modified":"2026-01-09T06:06:13","modified_gmt":"2026-01-09T06:06:13","slug":"en-allemagne-un-predateur-de-mineurs-en-ligne-devant-la-justice-actualites","status":"publish","type":"post","link":"https:\/\/www.europesays.com\/fr\/651049\/","title":{"rendered":"En Allemagne, un pr\u00e9dateur de mineurs en ligne devant la justice : Actualit\u00e9s"},"content":{"rendered":"<p class=\"lead \">Un Germano-Iranien de 21 ans compara\u00eet devant la justice \u00e0 partir de vendredi \u00e0 Hambourg, accus\u00e9 d&rsquo;avoir manipul\u00e9 de mani\u00e8re sadique des adolescents sur internet, en les poussant \u00e0 des actes sexuels, \u00e0 l&rsquo;automutilation et m\u00eame au suicide. <\/p>\n<p class=\"lead \">Le proc\u00e8s de Shahriar J. d\u00e9marre \u00e0 midi (11H00 GMT) \u00e0 huis clos devant une chambre sp\u00e9ciale pour mineurs, car le pr\u00e9venu avait 16 ans au d\u00e9but des faits qui lui sont reproch\u00e9s, d\u00e9but 2021.<\/p>\n<p class=\"lead \">En d\u00e9tention provisoire depuis son arrestation le 17 juin, \u00ab\u00a0White Tiger\u00a0\u00bb, son pseudonyme sur internet, est soup\u00e7onn\u00e9 d&rsquo;un total de 204 infractions sur plus de 30 victimes, des enfants ou adolescents, entre janvier 2021 et septembre 2023.<\/p>\n<p class=\"lead \">&#8211; \u00ab\u00a0Cybergrooming\u00a0\u00bb &#8211;<\/p>\n<p class=\"lead \">L&rsquo;affaire met en lumi\u00e8re un r\u00e9seau mondial de pr\u00e9dateurs en ligne, qui manipulent des jeunes vuln\u00e9rables pour qu&rsquo;ils se livrent \u00e0 des actes de violence envers eux-m\u00eames ou des animaux, voire poussent d&rsquo;autres victimes \u00e0 en commettre.<\/p>\n<p class=\"lead \">Aux Etats-Unis, le FBI a qualifi\u00e9 ce r\u00e9seau, connu sous le nom de \u00ab\u00a0764\u00a0\u00bb en r\u00e9f\u00e9rence au code postal de son fondateur texan, aujourd&rsquo;hui emprisonn\u00e9, de \u00ab\u00a0r\u00e9seau d&rsquo;extr\u00e9mistes violents nihilistes\u00a0\u00bb.<\/p>\n<p class=\"lead \">Le groupe partageait des contenus ultra-violents, dont des images de violences sexuelles sur enfants, et ses membres \u00e9changeaient des conseils sur la mani\u00e8re d&rsquo;app\u00e2ter des victimes afin de produire du contenu sexuellement explicite et d\u00e9gradant, puis de l&rsquo;utiliser pour les faire chanter.<\/p>\n<p class=\"lead \">Un type d&rsquo;agissements d\u00e9sormais connu sous le terme \u00ab\u00a0cybergrooming\u00a0\u00bb.<\/p>\n<p class=\"lead \">Agissant \u00e0 distance, d&rsquo;Allemagne, \u00e0 partir du domicile familial d&rsquo;une banlieue ais\u00e9e de Hambourg, Shahriar J. est formellement accus\u00e9 d&rsquo;\u00eatre l&rsquo;auteur, par le biais d&rsquo;un interm\u00e9diaire, d&rsquo;un meurtre et cinq tentatives \u00e0 travers le monde.<\/p>\n<p class=\"lead \">Il est notamment accus\u00e9 d&rsquo;avoir pouss\u00e9 un adolescent transgenre de 13 ans vivant pr\u00e8s de la ville am\u00e9ricaine de Seattle (nord-ouest) \u00e0 se suicider par pendaison sur un parking en janvier 2022. Un acte diffus\u00e9 en direct.<\/p>\n<p class=\"lead \">Au moment de son arrestation, les autorit\u00e9s avaient indiqu\u00e9 avoir identifi\u00e9 huit victimes \u00e2g\u00e9es de 11 \u00e0 15 ans en Allemagne, au Royaume-Uni, au Canada et aux \u00c9tats-Unis.<\/p>\n<p class=\"lead \">L&rsquo;avocate de l&rsquo;accus\u00e9 n&rsquo;a pas r\u00e9pondu aux sollicitations de l&rsquo;AFP.<\/p>\n<p class=\"lead \">&#8211; L&rsquo;Allemagne critiqu\u00e9e &#8211;<\/p>\n<p class=\"lead \">L&rsquo;affaire a suscit\u00e9 l&rsquo;horreur et mis les autorit\u00e9s allemandes dans l&#8217;embarras, en raison des quatre ann\u00e9es \u00e9coul\u00e9es entre le premier signalement \u00e0 l&rsquo;encontre de Shahriar J. et son arrestation.<\/p>\n<p class=\"lead \">D\u00e8s le 7 juillet 2021, le National Center for Missing and Exploited Children (NCMEC) avait en effet fait part \u00e0 la police criminelle hambourgeoise de soup\u00e7ons de possession d&rsquo;enregistrements pornographiques impliquant des mineurs.<\/p>\n<p class=\"lead \">Et un enqu\u00eateur du FBI a d\u00e9clar\u00e9 \u00e0 l&rsquo;hebdomadaire Der Spiegel qu&rsquo;il avait communiqu\u00e9 l&rsquo;identit\u00e9 de \u00ab\u00a0White Tiger\u00a0\u00bb \u00e0 l&rsquo;Allemagne en f\u00e9vrier 2023.<\/p>\n<p class=\"lead \">Interrog\u00e9 par l&rsquo;AFP sur ces d\u00e9lais, la police de Hambourg a renvoy\u00e9 vers les explications publiques de la ville hans\u00e9atique.<\/p>\n<p class=\"lead \">Si le contact a \u00e9t\u00e9 \u00e9tabli avec le futur mis en cause et sa m\u00e8re d\u00e8s l&rsquo;\u00e9t\u00e9 2021, ceux-ci n&rsquo;ont d&rsquo;abord \u00e9t\u00e9 convoqu\u00e9s et entendus par la police qu&rsquo;en \u00ab\u00a0qualit\u00e9 de t\u00e9moins\u00a0\u00bb en novembre 2021.<\/p>\n<p class=\"lead \">Un an plus tard fin 2022, Shahriar J. se voyait par ailleurs interdit d&rsquo;acc\u00e8s \u00e0 une partie de son \u00e9cole en raison de son comportement envers des \u00ab\u00a0\u00e9l\u00e8ves plus jeunes\u00a0\u00bb.<\/p>\n<p class=\"lead \">Les autorit\u00e9s de Hambourg ont fait valoir le temps n\u00e9cessaire pour des investigations de ce type, une fois les informations du FBI re\u00e7ues.<\/p>\n<p class=\"lead \">Puis, apr\u00e8s la perquisition du domicile de l&rsquo;accus\u00e9 et la saisie de mat\u00e9riel informatique, l&rsquo;analyse de \u00ab\u00a0nombreux supports saisis\u00a0\u00bb s&rsquo;est r\u00e9v\u00e9l\u00e9e \u00ab\u00a0particuli\u00e8rement chronophage\u00a0\u00bb.<\/p>\n<p class=\"lead \">De surcro\u00eet, \u00ab\u00a0le fait que les victimes et les autres co-auteurs vivent pour la plupart \u00e0 l&rsquo;\u00e9tranger et ont parfois dissimul\u00e9 leur identit\u00e9\u00a0\u00bb a encore compliqu\u00e9 et ralenti le travail des enqu\u00eateurs, a avanc\u00e9 le gouvernement local.<\/p>\n<p class=\"lead \">Statistique r\u00e9v\u00e9latrice de la difficult\u00e9 de la t\u00e2che : de 2021 \u00e0 2024, la police criminelle de Hambourg a re\u00e7u en moyenne 1.353 signalements par an de la part du NCMEC.<\/p>\n<p class=\"lead \">Christiane Y\u00fcksel, l&rsquo;avocate de Shahriar J., consid\u00e8re les accusations de meurtre comme \u00ab\u00a0non fond\u00e9es\u00a0\u00bb et a l&rsquo;intention d&rsquo;\u00e9voquer \u00e0 l&rsquo;audience le \u00ab\u00a0manque de r\u00e9gulation des plateformes en ligne\u00a0\u00bb qui permet aux pr\u00e9dateurs d&rsquo;agir librement, a-t-elle indiqu\u00e9 au Spiegel.<\/p>\n<p class=\"lead \">Pour ce proc\u00e8s, le tribunal r\u00e9gional de Hambourg a pr\u00e9vu 82 jours d&rsquo;audience jusqu&rsquo;au 17 d\u00e9cembre.<\/p>\n<p class=\"small font-weight-bold text-gray3 \"> publi\u00e9 le 9 janvier \u00e0 05h41, AFP<\/p>\n<p>                             Partager<\/p>\n","protected":false},"excerpt":{"rendered":"Un Germano-Iranien de 21 ans compara\u00eet devant la justice \u00e0 partir de vendredi \u00e0 Hambourg, accus\u00e9 d&rsquo;avoir manipul\u00e9&hellip;\n","protected":false},"author":2,"featured_media":651050,"comment_status":"","ping_status":"","sticky":false,"template":"","format":"standard","meta":{"footnotes":""},"categories":[1587],"tags":[11,3959,672,1804,271,1805,1803,1719,1777,674,1801,28388,310,3019,12,1072,4780,1802,3693,308],"class_list":{"0":"post-651049","1":"post","2":"type-post","3":"status-publish","4":"format-standard","5":"has-post-thumbnail","7":"category-allemagne","8":"tag-actualites","9":"tag-adolescents","10":"tag-allemagne","11":"tag-bundesrepublik-deutschland","12":"tag-crime","13":"tag-de","14":"tag-deutschland","15":"tag-enfants","16":"tag-eu","17":"tag-europe","18":"tag-germany","19":"tag-harclement","20":"tag-internet","21":"tag-iran","22":"tag-news","23":"tag-police","24":"tag-procs","25":"tag-republique-federale-dallemagne","26":"tag-tribunal","27":"tag-usa"},"share_on_mastodon":{"url":"https:\/\/pubeurope.com\/@fr\/115863642629281970","error":""},"_links":{"self":[{"href":"https:\/\/www.europesays.com\/fr\/wp-json\/wp\/v2\/posts\/651049","targetHints":{"allow":["GET"]}}],"collection":[{"href":"https:\/\/www.europesays.com\/fr\/wp-json\/wp\/v2\/posts"}],"about":[{"href":"https:\/\/www.europesays.com\/fr\/wp-json\/wp\/v2\/types\/post"}],"author":[{"embeddable":true,"href":"https:\/\/www.europesays.com\/fr\/wp-json\/wp\/v2\/users\/2"}],"replies":[{"embeddable":true,"href":"https:\/\/www.europesays.com\/fr\/wp-json\/wp\/v2\/comments?post=651049"}],"version-history":[{"count":0,"href":"https:\/\/www.europesays.com\/fr\/wp-json\/wp\/v2\/posts\/651049\/revisions"}],"wp:featuredmedia":[{"embeddable":true,"href":"https:\/\/www.europesays.com\/fr\/wp-json\/wp\/v2\/media\/651050"}],"wp:attachment":[{"href":"https:\/\/www.europesays.com\/fr\/wp-json\/wp\/v2\/media?parent=651049"}],"wp:term":[{"taxonomy":"category","embeddable":true,"href":"https:\/\/www.europesays.com\/fr\/wp-json\/wp\/v2\/categories?post=651049"},{"taxonomy":"post_tag","embeddable":true,"href":"https:\/\/www.europesays.com\/fr\/wp-json\/wp\/v2\/tags?post=651049"}],"curies":[{"name":"wp","href":"https:\/\/api.w.org\/{rel}","templated":true}]}}