{"id":651051,"date":"2026-01-09T06:07:11","date_gmt":"2026-01-09T06:07:11","guid":{"rendered":"https:\/\/www.europesays.com\/fr\/651051\/"},"modified":"2026-01-09T06:07:11","modified_gmt":"2026-01-09T06:07:11","slug":"tempetes-goretti-et-elli-de-fortes-intemperies-sabattent-sur-une-partie-de-leurope-actualites","status":"publish","type":"post","link":"https:\/\/www.europesays.com\/fr\/651051\/","title":{"rendered":"Temp\u00eates Goretti et Elli: de fortes intemp\u00e9ries s&rsquo;abattent sur une partie de l&rsquo;Europe : Actualit\u00e9s"},"content":{"rendered":"<p class=\"lead \">Temp\u00eate Goretti au Royaume-Uni et en France, temp\u00eate de neige Elli en Allemagne: une partie de l&rsquo;Europe &#8211; o\u00f9 s\u00e9vit une vague de froid &#8211; affronte vendredi de nouvelles intemp\u00e9ries.<\/p>\n<p class=\"lead \">Avec ses rafales de vent \u00ab\u00a0exceptionnelles\u00a0\u00bb, selon l&rsquo;agence britannique de m\u00e9t\u00e9orologie (Met office), la temp\u00eate Goretti, accompagn\u00e9e de chutes de neige, balaye le Royaume-Uni depuis la fin de journ\u00e9e jeudi, et s&rsquo;abat au m\u00eame moment sur les c\u00f4tes fran\u00e7aises.<\/p>\n<p class=\"lead \">Le Met Office a \u00e9mis une rare alerte rouge aux vents violents, le niveau le plus \u00e9lev\u00e9, pour les \u00eeles Scilly et une grande partie de la r\u00e9gion des Cornouailles, dans le sud-ouest de l&rsquo;Angleterre, o\u00f9 les rafales peuvent atteindre jusqu&rsquo;\u00e0 160 km\/h.<\/p>\n<p class=\"lead \">Selon la BBC, 65.000 foyers ont \u00e9t\u00e9 priv\u00e9s d&rsquo;\u00e9lectricit\u00e9 notamment dans cette r\u00e9gion en raison de la temp\u00eate. Au total l&rsquo;alerte rouge concerne environ un demi-million de personnes.<\/p>\n<p class=\"lead \">Le Met Office a \u00e9galement pr\u00e9venu que de \u00ab\u00a0tr\u00e8s grandes vagues rendront certaines zones c\u00f4ti\u00e8res tr\u00e8s dangereuses\u00a0\u00bb.<\/p>\n<p class=\"lead \">La circulation des trains dans le sud-ouest des Cornouailles a \u00e9t\u00e9 suspendue jeudi soir et devrait rester affect\u00e9e durant deux jours, selon la compagnie nationale des chemins de fer.<\/p>\n<p class=\"lead \">&#8211; \u00ab\u00a0Mettez-vous \u00e0 l&rsquo;abri\u00a0\u00bb &#8211;<\/p>\n<p class=\"lead \">En France, une rafale \u00e0 213km\/h a \u00e9t\u00e9 enregistr\u00e9e dans la nuit dans le d\u00e9partement de la Manche (nord-ouest), plac\u00e9 un temps en vigilance rouge et o\u00f9 les \u00e9coles seront ferm\u00e9es vendredi.<\/p>\n<p class=\"lead \">\u00ab\u00a0Mettez-vous \u00e0 l&rsquo;abri et n&rsquo;utilisez pas votre v\u00e9hicule\u00a0\u00bb, a pr\u00e9venu sur son compte X la pr\u00e9fecture du d\u00e9partement, invitant la population \u00e0 pr\u00e9voir des moyens d&rsquo;\u00e9clairage de secours et une r\u00e9serve d&rsquo;eau potable.<\/p>\n<p class=\"lead \">La pr\u00e9fecture maritime de la Manche et la mer du Nord a pour sa part demand\u00e9 aux usagers de ne pas prendre la mer pendant le passage de la temp\u00eate \u00ab\u00a0afin d&rsquo;assurer la s\u00e9curit\u00e9 de tous\u00a0\u00bb, alors que des vagues de plus de 10 m\u00e8tres sont attendues.<\/p>\n<p class=\"lead \">En Allemagne, plusieurs villes du nord, dont Hambourg et Br\u00eame, ont pr\u00e9vu de fermer les \u00e9coles vendredi en raison du passage de la temp\u00eate Elli, qui s&rsquo;accompagne de neige et de vents violents.<\/p>\n<p class=\"lead \">Le premier constructeur automobile du continent, Volkswagen, fermera \u00e9galement vendredi son site d&rsquo;Emden (nord-ouest), o\u00f9 travaillent 8.000 ouvriers, a annonc\u00e9 Christian Schiebold, porte-parole du groupe, \u00e0 l&rsquo;AFP.<\/p>\n<p class=\"lead \">&#8211; -20\u00b0C en Allemagne &#8211;<\/p>\n<p class=\"lead \">La temp\u00eate doit balayer l&rsquo;ensemble du pays, touchant plus particuli\u00e8rement le nord et le nord-est, o\u00f9 jusqu&rsquo;\u00e0 15 centim\u00e8tres de neige sont attendus.<\/p>\n<p class=\"lead \">Ces pr\u00e9cipitations seront accompagn\u00e9es de rafales soutenues, favorisant la formation de cong\u00e8res, des amas de neige fa\u00e7onn\u00e9s par le vent, selon le service national de m\u00e9t\u00e9orologie (DWD).<\/p>\n<p class=\"lead \">Les temp\u00e9ratures minimales devraient chuter ce week-end \u00e0 -10\u00b0C, voire jusqu&rsquo;\u00e0 -20\u00b0C localement, selon le DWD.<\/p>\n<p class=\"lead \">Le quotidien populaire Bild a fait \u00e9tat d&rsquo;h\u00f4pitaux satur\u00e9s par l\u2019afflux de patients victimes de chutes sur des voies verglac\u00e9es, ainsi que de fortes perturbations dans les transports en commun et sur le r\u00e9seau routier autour de Hambourg.<\/p>\n<p class=\"lead \">La compagnie ferroviaire Deutsche Bahn anticipe d&rsquo;importantes perturbations du trafic ferroviaire dans les prochains jours. Plus de 14.000 employ\u00e9s sont mobilis\u00e9s pour d\u00e9neiger et d\u00e9givrer les quais et les voies, a pr\u00e9cis\u00e9 l&rsquo;entreprise.<\/p>\n<p class=\"lead \">L&rsquo;\u00e9pisode est exceptionnel, compar\u00e9 aux derniers hivers doux en Allemagne, qui sont \u00ab\u00a0la cons\u00e9quence du r\u00e9chauffement climatique\u00a0\u00bb, explique \u00e0 l&rsquo;AFP Andreas Walter, m\u00e9t\u00e9orologue au DWD. \u00ab\u00a0Un mois froid avec de la neige peut encore arriver, m\u00eame avec la hausse des temp\u00e9ratures due au r\u00e9chauffement climatique, mais de tels \u00e9v\u00e9nements deviendront plus rares \u00e0 l&rsquo;avenir\u00a0\u00bb, souligne-t-il.<\/p>\n<p class=\"lead \">A rebours, l&rsquo;Institut m\u00e9t\u00e9orologique de Norv\u00e8ge a indiqu\u00e9 jeudi que l&rsquo;archipel du Svalbard, en plein c\u0153ur de l&rsquo;Arctique, avait enregistr\u00e9 la temp\u00e9rature la plus \u00e9lev\u00e9e du pays, au-dessus de z\u00e9ro. Et le 22 d\u00e9cembre, il avait fait plus chaud \u00e0 Longyearbyen, son chef-lieu, qu&rsquo;\u00e0 S\u00e9ville.<\/p>\n<p class=\"lead \">Jeudi, un homme avait p\u00e9ri en Albanie dans les inondations provoqu\u00e9es par de fortes pluies et des chutes de neige qui ont contraint des centaines de personnes \u00e0 quitter leur foyer. Les services m\u00e9t\u00e9orologiques annoncent pour les prochains jours une chute des temp\u00e9ratures dans les Balkans et une poursuite des fortes pluies.<\/p>\n<p class=\"small font-weight-bold text-gray3 \"> publi\u00e9 le 9 janvier \u00e0 05h49, AFP<\/p>\n<p>                             Partager<\/p>\n","protected":false},"excerpt":{"rendered":"Temp\u00eate Goretti au Royaume-Uni et en France, temp\u00eate de neige Elli en Allemagne: une partie de l&rsquo;Europe &#8211;&hellip;\n","protected":false},"author":2,"featured_media":651052,"comment_status":"","ping_status":"","sticky":false,"template":"","format":"standard","meta":{"footnotes":""},"categories":[1586],"tags":[11,5230,672,1777,674,1011,27,6228,24019,24017,12,25],"class_list":{"0":"post-651051","1":"post","2":"type-post","3":"status-publish","4":"format-standard","5":"has-post-thumbnail","7":"category-europe","8":"tag-actualites","9":"tag-albanie","10":"tag-allemagne","11":"tag-eu","12":"tag-europe","13":"tag-fr","14":"tag-france","15":"tag-gb","16":"tag-intempries","17":"tag-mto","18":"tag-news","19":"tag-republique-francaise"},"share_on_mastodon":{"url":"https:\/\/pubeurope.com\/@fr\/115863646607703097","error":""},"_links":{"self":[{"href":"https:\/\/www.europesays.com\/fr\/wp-json\/wp\/v2\/posts\/651051","targetHints":{"allow":["GET"]}}],"collection":[{"href":"https:\/\/www.europesays.com\/fr\/wp-json\/wp\/v2\/posts"}],"about":[{"href":"https:\/\/www.europesays.com\/fr\/wp-json\/wp\/v2\/types\/post"}],"author":[{"embeddable":true,"href":"https:\/\/www.europesays.com\/fr\/wp-json\/wp\/v2\/users\/2"}],"replies":[{"embeddable":true,"href":"https:\/\/www.europesays.com\/fr\/wp-json\/wp\/v2\/comments?post=651051"}],"version-history":[{"count":0,"href":"https:\/\/www.europesays.com\/fr\/wp-json\/wp\/v2\/posts\/651051\/revisions"}],"wp:featuredmedia":[{"embeddable":true,"href":"https:\/\/www.europesays.com\/fr\/wp-json\/wp\/v2\/media\/651052"}],"wp:attachment":[{"href":"https:\/\/www.europesays.com\/fr\/wp-json\/wp\/v2\/media?parent=651051"}],"wp:term":[{"taxonomy":"category","embeddable":true,"href":"https:\/\/www.europesays.com\/fr\/wp-json\/wp\/v2\/categories?post=651051"},{"taxonomy":"post_tag","embeddable":true,"href":"https:\/\/www.europesays.com\/fr\/wp-json\/wp\/v2\/tags?post=651051"}],"curies":[{"name":"wp","href":"https:\/\/api.w.org\/{rel}","templated":true}]}}