{"id":65106,"date":"2025-04-30T19:21:20","date_gmt":"2025-04-30T19:21:20","guid":{"rendered":"https:\/\/www.europesays.com\/fr\/65106\/"},"modified":"2025-04-30T19:21:20","modified_gmt":"2025-04-30T19:21:20","slug":"le-film-conclave-est-il-conforme-a-la-realite-la-libre-a-decrypte-une-a-une-les-scenes-du-film","status":"publish","type":"post","link":"https:\/\/www.europesays.com\/fr\/65106\/","title":{"rendered":"Le film Conclave est-il conforme \u00e0 la r\u00e9alit\u00e9\u00a0? La Libre a d\u00e9crypt\u00e9, une \u00e0 une, les sc\u00e8nes du film"},"content":{"rendered":"<p>Y a-t-il un pr\u00e9sident du Conclave ?<\/p>\n<p class=\"ap-StoryElement ap-StoryElement--mb ap-StoryText\">Oui. Dans le film, il s&rsquo;appelle le cardinal Lawrence. Cette ann\u00e9e, au Vatican, il se nommera le cardinal Pietro Parolin. En tant que premier des cardinaux-\u00e9v\u00eaques \u00e9lecteurs, c&rsquo;est lui qui sera le grand chef d&rsquo;orchestre du scrutin. Simplement, contrairement au film et pour des raisons de protocole, ce n&rsquo;est pas lui qui prononcera l&rsquo;hom\u00e9lie de la messe inaugurale du conclave.<\/p>\n<p><a href=\"https:\/\/www.lalibre.be\/international\/europe\/2025\/04\/29\/deux-cardinaux-manqueront-le-conclave-pour-raisons-de-sante-JFIZMMNXL5HB7KNPZYPDKQS2SI\/\" target=\"_blank\" rel=\"noopener noreferrer nofollow\" class=\"ap-StoryInterstitialLink ap-StoryElement ap-StoryElement--mb\">Deux cardinaux manqueront le conclave pour raisons de sant\u00e9<\/a>Pourrait-il y avoir un cardinal inconnu qui se pr\u00e9senterait par surprise au scrutin ?<\/p>\n<p class=\"ap-StoryElement ap-StoryElement--mb ap-StoryText\">C&rsquo;est la premi\u00e8re p\u00e9rip\u00e9tie du film. Un cardinal cr\u00e9\u00e9 par le Pape \u00ab\u00a0in pectore\u00a0\u00bb \u2013 dans le secret du c\u0153ur, sans le citer nomm\u00e9ment \u2013 appara\u00eet au moment du conclave. Cette coutume des cardinaux \u00ab\u00a0in pectore\u00a0\u00bb existe et a encore \u00e9t\u00e9 usit\u00e9e par le Pape Jean-Paul II en temps de Guerre froide. Elle permet au souverain de nommer un cardinal qui vit sous un r\u00e9gime totalitaire ou dans un pays en guerre, par exemple, sans le citer nomm\u00e9ment, afin qu&rsquo;il ne soit pas mis en danger. Le film ne respecte cependant pas les prescrits du droit de l&rsquo;\u00c9glise : le cardinal s&rsquo;y pr\u00e9sente muni d&rsquo;une simple lettre sign\u00e9e par le Pape. Celle-ci ne suffirait pas dans la r\u00e9alit\u00e9. Pour qu&rsquo;un cardinal puisse exercer ses droits, la publication d&rsquo;un d\u00e9cret est indispensable. D\u00e8s lors, si un cardinal inconnu devait se pr\u00e9senter cette ann\u00e9e au conclave, ses confr\u00e8res seraient d\u00e9j\u00e0 au courant.<\/p>\n<p>Les cardinaux dorment-ils dans le m\u00eame lieu, mangent-ils ensemble et prennent-ils le bus pour se rendre \u00e0 la chapelle Sixtine ?<\/p>\n<p class=\"ap-StoryElement ap-StoryElement--mb ap-StoryText\">Oui. En de tels d\u00e9tails, le film est tr\u00e8s juste. Les cardinaux b\u00e9n\u00e9ficient d&rsquo;une chambre individuelle dans la maison Sainte-Marthe. Ils peuvent manger seuls, mais ils se restaurent le plus souvent ensemble. Les tabl\u00e9es se cr\u00e9ent informellement, par langue ou par affinit\u00e9, pr\u00e9cise l&rsquo;historien Yves Chiron. Pour se rendre de la maison Sainte-Marthe \u00e0 la chapelle Sixtine (qui se trouve de l&rsquo;autre c\u00f4t\u00e9 de la basilique Saint-Pierre et o\u00f9 se d\u00e9roule le scrutin), les cardinaux prennent le bus. Tous ces lieux sont \u00e9vacu\u00e9s de visiteurs ou journalistes, et tout est fait pour qu&rsquo;ils ne rencontrent personne. Si c&rsquo;\u00e9tait le cas, la conversation est interdite.<\/p>\n<p><a href=\"https:\/\/www.lalibre.be\/culture\/cinema\/2024\/12\/11\/conclave-thriller-dans-les-coulisses-du-vatican-un-jeu-de-pouvoir-savoureux-ZIN4D6ZYHFB5DFE7P2Y4WUYQPY\/\" target=\"_blank\" rel=\"noopener noreferrer nofollow\" class=\"ap-StoryInterstitialLink ap-StoryElement ap-StoryElement--mb\">\u00ab\u00a0Conclave\u00a0\u00bb : thriller dans les coulisses du Vatican, un jeu de pouvoir savoureux<\/a>Les cardinaux sont-ils priv\u00e9s de leur t\u00e9l\u00e9phone ?<\/p>\n<p class=\"ap-StoryElement ap-StoryElement--mb ap-StoryText\">Oui. Pour \u00eatre certains qu&rsquo;ils ne subissent aucune pression, les cardinaux sont soumis \u00e0 l&rsquo;isolement et au secret. La constitution apostolique stipule avec fermet\u00e9 que les cardinaux \u00e9lecteurs \u00ab\u00a0s&rsquo;abstiendront d&rsquo;entretenir des correspondances \u00e9pistolaires, t\u00e9l\u00e9phoniques ou par d&rsquo;autres moyens de communication avec des personnes \u00e9trang\u00e8res\u00a0\u00bb au conclave. De m\u00eame, il est interdit aux cardinaux de recevoir la presse, d&rsquo;\u00e9couter la radio ou de regarder la t\u00e9l\u00e9vision durant l&rsquo;\u00e9lection.<\/p>\n<p>Les mesures de s\u00e9curit\u00e9 sont-elles aussi strictes que dans le film ?<\/p>\n<p class=\"ap-StoryElement ap-StoryElement--mb ap-StoryText\">Oui, et le film est fid\u00e8le aux mesures de s\u00e9curit\u00e9 qui sont prises.<\/p>\n<p class=\"ap-StoryElement ap-StoryElement--mb ap-StoryText\">On lit par exemple dans la constitution que \u00ab\u00a0des contr\u00f4les s\u00e9rieux et s\u00e9v\u00e8res devront \u00eatre faits, avec l&rsquo;aide de personnes de toute confiance et de capacit\u00e9s techniques \u00e9prouv\u00e9es, pour que dans ces locaux des moyens audiovisuels de reproduction et de transmission vers l&rsquo;ext\u00e9rieur ne soient pas subrepticement install\u00e9s\u00a0\u00bb. Les ondes GSM sont par exemple brouill\u00e9es au Vatican. Il n&rsquo;y a pas non plus d&rsquo;enregistreurs, de t\u00e9l\u00e9phones, d&rsquo;ordinateurs, de radios\u2026 ni \u00e0 l&rsquo;int\u00e9rieur de la chapelle Sixtine, ni \u00e0 disposition des cardinaux.<\/p>\n<p class=\"ap-StoryElement ap-StoryElement--mb ap-StoryText\">Dans le film, il y a simplement l&rsquo;obstruction des fen\u00eatres de la chapelle Sixtine pour que des lasers ne puissent pas percevoir les vibrations de ce qui se joue \u00e0 l&rsquo;int\u00e9rieur (les applaudissements, par exemple) qui est une disposition qui ne fut jamais appliqu\u00e9e.<\/p>\n<p><a href=\"https:\/\/www.lalibre.be\/debats\/opinions\/2025\/04\/29\/le-conclave-est-plus-branche-que-le-concours-eurovision-de-la-chanson-NRFHUHB7TBD3ZPKXPJJUD6CA6M\/\" target=\"_blank\" rel=\"noopener noreferrer nofollow\" class=\"ap-StoryInterstitialLink ap-StoryElement ap-StoryElement--mb\">Le conclave est plus branch\u00e9 que le concours Eurovision de la chanson<\/a>Des religieuses servent-elles les cardinaux ?<\/p>\n<p class=\"ap-StoryElement ap-StoryElement--mb ap-StoryText\">Le film pr\u00e9sente des religieuses qui pr\u00e9parent les tables, les chambres, les repas\u2026 C&rsquo;est conforme \u00e0 la r\u00e9alit\u00e9, bien que rien n&rsquo;oblige que ce soit des religieuses. Pour faire face aux besoins domestiques et quotidiens, ainsi que pour l&rsquo;organisation de la chapelle Sixtine ou les besoins spirituels, le conclave inclut des religieuses, du personnel de service, deux m\u00e9decins, des pr\u00eatres confesseurs\u2026 Ils n&rsquo;ont cependant pas acc\u00e8s aux cardinaux lors des scrutins en tant que tels, et ils pr\u00eatent tous serment, jurant de garder \u00ab\u00a0le secret absolu\u00a0\u00bb sur le d\u00e9roulement du conclave. Enfreindre un tel serment entra\u00eenerait \u00ab\u00a0la peine d&rsquo;excommunication &lsquo;latae sententiae'\u00a0\u00bb (la personne est exclue &lsquo;automatiquement&rsquo; de la communion de l&rsquo;\u00c9glise).<\/p>\n<p class=\"ap-StoryElement ap-StoryElement--mb ap-StoryText\">Dans le film n\u00e9anmoins, un fait d&rsquo;actualit\u00e9 majeure dans Rome a une incidence sur le scrutin. Dans le cas d&rsquo;une question aussi grave, note Yves Chiron, on peut penser que le cardinal qui pr\u00e9side le conclave puisse avoir un contact avec une de ces personnes qui est \u00e0 leur service pour en savoir davantage, et pour veiller sur la bonne tenue de l&rsquo;\u00e9lection.<\/p>\n<p><img loading=\"lazy\" decoding=\"async\" class=\"w-full lazyload lazyload--opacity object-contain\" style=\"aspect-ratio:242 \/ 100;opacity:1\" alt=\"This image released by Focus Features shows Isabella Rossellini in a scene from &quot;Conclave.&quot; (Focus Features via AP)\" width=\"768\" height=\"318\" fetchpriority=\"auto\" src=\"https:\/\/www.europesays.com\/fr\/wp-content\/uploads\/2025\/04\/S5VKD3X55FFF3BW6V4SEHXNP7I.png\"  data- data-optimumx=\"1\"\/>Les religieuses sont au coeur du film Conclave. \u00a9\u00a02024 Focus Features, LLC. All Rights Reserved.Y a-t-il des conciliabules dans les escaliers et des clans qui s&rsquo;affrontent ?<\/p>\n<p class=\"ap-StoryElement ap-StoryElement--mb ap-StoryText\">Oui, poursuit Yves Chiron, d&rsquo;autant que la maison Sainte-Marthe est une maison \u00e0 \u00e9tages et que, si les cardinaux sont tenus \u00e0 l&rsquo;isolement, ils ne sont pas tenus au silence. Cependant, ces conversations ne sont pas nimb\u00e9es d&rsquo;autant de myst\u00e8re que dans le film : elles sont plus naturelles. \u00ab\u00a0On se souvient que lors d&rsquo;un repas, au dernier conclave, un cardinal s&rsquo;\u00e9tait lev\u00e9 de sa table pour rejoindre celle du futur pape Fran\u00e7ois. Il lui avait demand\u00e9 ce qu&rsquo;il en \u00e9tait exactement de son \u00e9tat sant\u00e9 pour \u00eatre certain qu&rsquo;il puisse \u00eatre \u00e9lu\u00a0\u00bb, rappelle notre interlocuteur. Les cardinaux parlent donc entre les scrutins, avant ou apr\u00e8s la sieste qui est une tradition au conclave\u2026 Ces entretiens \u00ab\u00a0ont lieu en t\u00eate \u00e0 t\u00eate, parfois \u00e0 trois, jamais plus. Il n&rsquo;y a absolument aucune r\u00e9union de partis ou de &lsquo;clubs&rsquo;, et les discussions se font \u00e0 voix haute\u00a0\u00bb, lit-on dans le Dictionnaire du Vatican et du Saint-Si\u00e8ge (Robert Laffont).<\/p>\n<p class=\"ap-StoryElement ap-StoryElement--mb ap-StoryText\">En effet, la constitution apostolique demande aux cardinaux de s&rsquo;abstenir \u00ab\u00a0de toute esp\u00e8ce de pactes, d&rsquo;accords, de promesses [\u2026] qui pourraient les contraindre \u00e0 donner ou \u00e0 refuser leur vote \u00e0 un ou \u00e0 plusieurs candidats.\u00a0\u00bb \u00ab\u00a0Cependant, y ajoute le pape Jean-Paul II qui a sign\u00e9 cette constitution, je n&rsquo;entends pas interdire les \u00e9changes d&rsquo;id\u00e9es\u00a0\u00bb.<\/p>\n<p class=\"ap-StoryElement ap-StoryElement--mb ap-StoryText\">Au fil des scrutins, devant la popularit\u00e9 de l&rsquo;un ou de l&rsquo;autre, les votes se resserrent autour des quelques noms qui ont le plus de chance de gagner.<\/p>\n<p><a href=\"https:\/\/www.lalibre.be\/international\/europe\/2025\/04\/27\/le-pape-est-il-infaillible-CK54UK2U6FBTXOEWMAAVQHBGVY\/\" target=\"_blank\" rel=\"noopener noreferrer nofollow\" class=\"ap-StoryInterstitialLink ap-StoryElement ap-StoryElement--mb\">Le Pape est-il infaillible ?<\/a>Les cardinaux peuvent-ils \u00ab\u00a0faire campagne\u00a0\u00bb ?<\/p>\n<p class=\"ap-StoryElement ap-StoryElement--mb ap-StoryText\">Non. Et, officiellement, personne ne se pr\u00e9sente comme candidat. De m\u00eame, les \u00ab\u00a0accords avant l&rsquo;\u00e9lection\u00a0\u00bb sont interdits. Le film pr\u00e9sente cependant avec justesse l&rsquo;ambigu\u00eft\u00e9 du c\u0153ur humain qui cherche \u00e0 s&rsquo;effacer, mais demeure tent\u00e9 par l&rsquo;attrait du pouvoir.<\/p>\n<p>Peuvent-ils voter pour eux-m\u00eames ?<\/p>\n<p class=\"ap-StoryElement ap-StoryElement--mb ap-StoryText\">Rien de l&rsquo;interdit. Ajoutons qu&rsquo;il serait difficile de v\u00e9rifier une telle r\u00e8gle, car il est demand\u00e9 \u00e0 chaque cardinal d&rsquo;inscrire \u00ab\u00a0clairement\u00a0\u00bb et \u00ab\u00a0d&rsquo;une \u00e9criture autant que possible non reconnaissable, le nom de celui qu&rsquo;il \u00e9lit.\u00a0\u00bb<\/p>\n<p>Comment se d\u00e9roulent les votes ? Combien y en a-t-il par jour ?<\/p>\n<p class=\"ap-StoryElement ap-StoryElement--mb ap-StoryText\">Le film est fid\u00e8le au d\u00e9roulement strict des scrutins. Sauf le premier jour, deux scrutins successifs sont pr\u00e9vus le matin, et deux l&rsquo;apr\u00e8s-midi. Une fois qu&rsquo;il a inscrit le nom de la personne qu&rsquo;il \u00e9lit, le cardinal se l\u00e8ve pour aller d\u00e9poser le bulletin dans l&rsquo;urne. Il tient son bulletin \u00ab\u00a0lev\u00e9 de telle sorte qu&rsquo;il puisse \u00eatre vu, [puis] prononce, \u00e0 haute voix, le serment selon la formule suivante : Je prends \u00e0 t\u00e9moin le Christ Seigneur, qui me jugera, que je donne ma voix \u00e0 celui que, selon Dieu, je juge devoir \u00eatre \u00e9lu. Apr\u00e8s cela, il d\u00e9pose son bulletin sur le plateau et, au moyen de celui-ci, il le met dans l&rsquo;urne ; ayant fait cela, il s&rsquo;incline vers l&rsquo;autel et regagne sa place.\u00a0\u00bb<\/p>\n<p><img loading=\"lazy\" decoding=\"async\" class=\"w-full lazyload lazyload--opacity object-contain\" style=\"aspect-ratio:242 \/ 100;opacity:1\" alt=\"This image released by Focus Features shows Sergio Castellitto, center, in a scene from &quot;Conclave.&quot; (Focus Features via AP)\" width=\"768\" height=\"318\" fetchpriority=\"auto\" src=\"https:\/\/www.europesays.com\/fr\/wp-content\/uploads\/2025\/04\/S5VKD3X55FFF3BW6V4SEHXNP7I.png\"  data- data-optimumx=\"1\"\/>Dans le film Conclave, des cardinaux attendent pour \u00e9lire le prochain Pape. \u00a9\u00a02024 Focus Features, LLC. All Rights Reserved.Finit-on par savoir qui a vot\u00e9 pour qui ?<\/p>\n<p class=\"ap-StoryElement ap-StoryElement--mb ap-StoryText\">Les cardinaux sont tenus, sous serment, \u00ab\u00a0de ne violer en aucune fa\u00e7on\u00a0\u00bb le secret du scrutin, \u00ab\u00a0aussi bien pendant qu&rsquo;apr\u00e8s l&rsquo;\u00e9lection\u00a0\u00bb. Pour autant, les journalistes et historiens finissent toujours par redessiner la mani\u00e8re dont un scrutin s&rsquo;est jou\u00e9 en croisant ce que les cardinaux, plus ou moins clairement, finissent par laisser entendre.<\/p>\n<p>Arrive-t-il souvent que des cardinaux refusent leur \u00e9lection ?<\/p>\n<p class=\"ap-StoryElement ap-StoryElement--mb ap-StoryText\">Dans sa constitution, le pape Jean-Paul II, \u00ab\u00a0prie celui qui sera \u00e9lu de ne pas se d\u00e9rober \u00e0 la charge \u00e0 laquelle il est appel\u00e9\u00a0\u00bb. N\u00e9anmoins, ajoute Yves Chiron, on sait que des cardinaux font savoir, avant leur \u00e9lection, qu&rsquo;ils ne souhaitent pas devenir pape. Diff\u00e9rents t\u00e9moignages jamais d\u00e9mentis affirment que ce fut le cas du cardinal Bergoglio lors du conclave de 2005. Il sera finalement \u00e9lu pape Fran\u00e7ois en 2013.<\/p>\n<p>Y a-t-il souvent des scandales qui emp\u00eachent au dernier moment un cardinal d&rsquo;\u00eatre \u00e9lu ?<\/p>\n<p class=\"ap-StoryElement ap-StoryElement--mb ap-StoryText\">Un cardinal peut perdre ses droits d&rsquo;\u00e9lection. Ce fut le cas du cardinal am\u00e9ricain Theodore McCarrick, reconnu auteur d&rsquo;abus sexuels commis sur des mineurs en 2018. Cette ann\u00e9e se pose la question de la participation au conclave du Cardinal Becciu, jug\u00e9 en 2023 pour fraude financi\u00e8re. On ne d\u00e9voilera pas trop l&rsquo;intrigue du film, mais notons que la constitution \u00e9voque le crime de simonie (qui est la vente ou l&rsquo;achat d&rsquo;une chose spirituelle). Si crime de simonie il y a, la constitution \u00ab\u00a0d\u00e9clare que tous ceux qui s&rsquo;en rendraient coupables encourront l&rsquo;excommunication\u00a0\u00bb automatique.<\/p>\n<p><a href=\"https:\/\/www.lalibre.be\/international\/europe\/2025\/04\/26\/y-a-t-il-deja-eu-une-papesse-YSPYLKIRDZEUZKOJJ4AENOTD5E\/\" target=\"_blank\" rel=\"noopener noreferrer nofollow\" class=\"ap-StoryInterstitialLink ap-StoryElement ap-StoryElement--mb\">Y a-t-il d\u00e9j\u00e0 eu une papesse ?<\/a>En conclusion, le film est-il fid\u00e8le \u00e0 la r\u00e9alit\u00e9 ?<\/p>\n<p class=\"ap-StoryElement ap-StoryElement--mb ap-StoryText\">Dans ses d\u00e9tails, le film est fid\u00e8le au d\u00e9roulement d&rsquo;un conclave. L&rsquo;esprit du sc\u00e9nario est cependant celui d&rsquo;un thriller qui ne correspond pas totalement \u00e0 la r\u00e9alit\u00e9, et qui sous-estime la dimension spirituelle d&rsquo;un conclave, rythm\u00e9 de nombreux temps de recueillement et de pri\u00e8res (la sc\u00e8ne repr\u00e9sentant la messe est particuli\u00e8rement rat\u00e9e). Certes, il y a des ententes pour favoriser tel ou tel, voire des coups bas, et diff\u00e9rentes visions s&rsquo;affrontent dans l&rsquo;\u00c9glise, mais elles sont moins caricaturales que dans le film. \u00c0 en croire les cardinaux qui t\u00e9moignent, c&rsquo;est avant tout une recherche commune du meilleur candidat, plut\u00f4t qu&rsquo;une guerre des clans \u00e0 couteaux tir\u00e9s qui a caract\u00e9ris\u00e9 les derniers conclaves.<\/p>\n<p>Deux bonus pour la route<\/p>\n<p class=\"ap-StoryElement ap-StoryElement--mb ap-StoryText\">Ajoutons deux bonus qui t\u00e9moignent de la bonne connaissance que le r\u00e9alisateur a du Vatican : les canaris des religieuses qui \u00e9taient effectivement des animaux appr\u00e9ci\u00e9s de Pie XII et confi\u00e9s \u00e0 des religieuses. De m\u00eame, en 2013, c&rsquo;est une prise de parole de trois minutes qui rappel\u00e8rent le cardinal Bergoglio au bon souvenir de ses confr\u00e8res, et enclench\u00e8rent son \u00e9lection. Ceux qui ont vu le film comprendront.<\/p>\n","protected":false},"excerpt":{"rendered":"Y a-t-il un pr\u00e9sident du Conclave ? Oui. Dans le film, il s&rsquo;appelle le cardinal Lawrence. Cette ann\u00e9e,&hellip;\n","protected":false},"author":2,"featured_media":65107,"comment_status":"","ping_status":"","sticky":false,"template":"","format":"standard","meta":{"footnotes":""},"categories":[1354],"tags":[16468,58,59,1346,1011,27,1227,1360,16469,4020],"class_list":{"0":"post-65106","1":"post","2":"type-post","3":"status-publish","4":"format-standard","5":"has-post-thumbnail","7":"category-films","8":"tag-christianity","9":"tag-divertissement","10":"tag-entertainment","11":"tag-films","12":"tag-fr","13":"tag-france","14":"tag-horizontal","15":"tag-movies","16":"tag-pope","17":"tag-religion"},"share_on_mastodon":{"url":"https:\/\/pubeurope.com\/@fr\/114428542097057331","error":""},"_links":{"self":[{"href":"https:\/\/www.europesays.com\/fr\/wp-json\/wp\/v2\/posts\/65106","targetHints":{"allow":["GET"]}}],"collection":[{"href":"https:\/\/www.europesays.com\/fr\/wp-json\/wp\/v2\/posts"}],"about":[{"href":"https:\/\/www.europesays.com\/fr\/wp-json\/wp\/v2\/types\/post"}],"author":[{"embeddable":true,"href":"https:\/\/www.europesays.com\/fr\/wp-json\/wp\/v2\/users\/2"}],"replies":[{"embeddable":true,"href":"https:\/\/www.europesays.com\/fr\/wp-json\/wp\/v2\/comments?post=65106"}],"version-history":[{"count":0,"href":"https:\/\/www.europesays.com\/fr\/wp-json\/wp\/v2\/posts\/65106\/revisions"}],"wp:featuredmedia":[{"embeddable":true,"href":"https:\/\/www.europesays.com\/fr\/wp-json\/wp\/v2\/media\/65107"}],"wp:attachment":[{"href":"https:\/\/www.europesays.com\/fr\/wp-json\/wp\/v2\/media?parent=65106"}],"wp:term":[{"taxonomy":"category","embeddable":true,"href":"https:\/\/www.europesays.com\/fr\/wp-json\/wp\/v2\/categories?post=65106"},{"taxonomy":"post_tag","embeddable":true,"href":"https:\/\/www.europesays.com\/fr\/wp-json\/wp\/v2\/tags?post=65106"}],"curies":[{"name":"wp","href":"https:\/\/api.w.org\/{rel}","templated":true}]}}