{"id":651063,"date":"2026-01-09T06:15:13","date_gmt":"2026-01-09T06:15:13","guid":{"rendered":"https:\/\/www.europesays.com\/fr\/651063\/"},"modified":"2026-01-09T06:15:13","modified_gmt":"2026-01-09T06:15:13","slug":"le-classement-du-plus-grand-nombre-daces-en-deux-sets-gagnants-de-lhistoire-tennistemple","status":"publish","type":"post","link":"https:\/\/www.europesays.com\/fr\/651063\/","title":{"rendered":"le classement du plus grand nombre d&rsquo;aces en deux sets gagnants de l&rsquo;histoire \u2022 TennisTemple"},"content":{"rendered":"\n<p>Depuis 1991, l\u2019ATP archive les statistiques des matchs, mais certains chiffres continuent de stup\u00e9fier. <\/p>\n<p>  <img decoding=\"async\" src=\"https:\/\/www.europesays.com\/fr\/wp-content\/uploads\/2026\/01\/1767894797069.webp.webp\" fetchpriority=\"high\" alt=\"\u00ab 47 Aces en un match \u00bb : le classement du plus grand nombre d'aces en deux sets gagnants de l'histoire\"\/>  <\/p>\n<p>\u00a9 AFP<\/p>\n<p>   <img decoding=\"async\" src=\"https:\/\/www.europesays.com\/fr\/wp-content\/uploads\/2025\/11\/1759296022591.webp\" alt=\"Arthur Millot\" class=\"author-photo-main\"\/>   <\/p>\n<p> 1 min de lecture<\/p>\n<p>Depuis l\u2019archivage des statistiques par l\u2019ATP en 1991, plusieurs joueurs ont repouss\u00e9 les limites.<\/p>\n<p>Dont Milos Raonic, qui d\u00e9tient le record avec 47 aces lors d\u2019un match en deux sets gagnants au Queen\u2019s en 2024. Une performance impressionnante.<\/p>\n<p>\u00c0 seulement deux aces derri\u00e8re, Ivo Karlovic avait d\u00e9j\u00e0 marqu\u00e9 l\u2019histoire avec 45 aces \u00e0 Halle en 2015, tandis que d\u2019autres comme Kyrgios, Isner et Opelka ont continu\u00e9 de r\u00e9inventer la notion de puissance au service.<\/p>\n<p>Un Top 7 de prestige<\/p>\n<p>Voici le top des matchs en deux sets gagnants, depuis le d\u00e9but des statistiques ATP :<\/p>\n<p>&#8211; 47 aces : Milos Raonic vs Norrie (Queen\u2019s 2024)<\/p>\n<p>&#8211; 45 aces : Ivo Karlovic vs Berdych (Halle 2015)<\/p>\n<p>&#8211; 44 aces : Mark Philippoussis vs Noir (Kuala Lumpur 1995)<\/p>\n<p>&#8211; 44 aces : Ivo Karlovic vs Brands (Zagreb 2014)<\/p>\n<p>&#8211; 44 aces : Nick Kyrgios vs Harrison (Brisbane 2019)<\/p>\n<p>&#8211; 44 aces : John Isner vs Wu (Dallas 2023)<\/p>\n<p>&#8211; 44 aces : Reilly Opelka vs Majchrzak (Brisbane 2026)<\/p>\n<p>Opelka nouveau dans la liste<\/p>\n<p>Reilly Opelka, 28 ans, est nouveau dans la liste gr\u00e2ce \u00e0 sa performance \u00e0 Brisbane cette ann\u00e9e.<\/p>\n<p>Contre Kamil Majchrzak, le g\u00e9ant Am\u00e9ricain a r\u00e9alis\u00e9 la prouesse de 44 aces sur l&rsquo;ensemble de la rencontre.<\/p>\n<p>Un chiffre colossal, mais qui ne l&rsquo;a pas emp\u00each\u00e9 de s&rsquo;incliner en trois sets (6-7, 7-6, 7-6).<\/p>\n<p> Derni\u00e8re modification le 08\/01\/2026 \u00e0 17h59 <\/p>\n","protected":false},"excerpt":{"rendered":"Depuis 1991, l\u2019ATP archive les statistiques des matchs, mais certains chiffres continuent de stup\u00e9fier. \u00a9 AFP 1 min&hellip;\n","protected":false},"author":2,"featured_media":651064,"comment_status":"","ping_status":"","sticky":false,"template":"","format":"standard","meta":{"footnotes":""},"categories":[1415],"tags":[1011,27,60,1467],"class_list":{"0":"post-651063","1":"post","2":"type-post","3":"status-publish","4":"format-standard","5":"has-post-thumbnail","7":"category-tennis","8":"tag-fr","9":"tag-france","10":"tag-sports","11":"tag-tennis"},"share_on_mastodon":{"url":"https:\/\/pubeurope.com\/@fr\/115863678108495841","error":""},"_links":{"self":[{"href":"https:\/\/www.europesays.com\/fr\/wp-json\/wp\/v2\/posts\/651063","targetHints":{"allow":["GET"]}}],"collection":[{"href":"https:\/\/www.europesays.com\/fr\/wp-json\/wp\/v2\/posts"}],"about":[{"href":"https:\/\/www.europesays.com\/fr\/wp-json\/wp\/v2\/types\/post"}],"author":[{"embeddable":true,"href":"https:\/\/www.europesays.com\/fr\/wp-json\/wp\/v2\/users\/2"}],"replies":[{"embeddable":true,"href":"https:\/\/www.europesays.com\/fr\/wp-json\/wp\/v2\/comments?post=651063"}],"version-history":[{"count":0,"href":"https:\/\/www.europesays.com\/fr\/wp-json\/wp\/v2\/posts\/651063\/revisions"}],"wp:featuredmedia":[{"embeddable":true,"href":"https:\/\/www.europesays.com\/fr\/wp-json\/wp\/v2\/media\/651064"}],"wp:attachment":[{"href":"https:\/\/www.europesays.com\/fr\/wp-json\/wp\/v2\/media?parent=651063"}],"wp:term":[{"taxonomy":"category","embeddable":true,"href":"https:\/\/www.europesays.com\/fr\/wp-json\/wp\/v2\/categories?post=651063"},{"taxonomy":"post_tag","embeddable":true,"href":"https:\/\/www.europesays.com\/fr\/wp-json\/wp\/v2\/tags?post=651063"}],"curies":[{"name":"wp","href":"https:\/\/api.w.org\/{rel}","templated":true}]}}