{"id":651068,"date":"2026-01-09T06:21:11","date_gmt":"2026-01-09T06:21:11","guid":{"rendered":"https:\/\/www.europesays.com\/fr\/651068\/"},"modified":"2026-01-09T06:21:11","modified_gmt":"2026-01-09T06:21:11","slug":"jennifer-garner-revele-ce-qui-lui-a-fait-le-plus-de-mal-dans-son-divorce-avec-ben-affleck","status":"publish","type":"post","link":"https:\/\/www.europesays.com\/fr\/651068\/","title":{"rendered":"Jennifer Garner r\u00e9v\u00e8le ce qui lui a fait le plus de mal dans son divorce avec Ben Affleck"},"content":{"rendered":"<p>Jennifer Garner et Ben Affleck ont trois enfants ensemble\u00a0: Violet, 20 ans, Fin, 17 ans, et Samuel, 13 ans. Mari\u00e9s en\u00a02005, les deux acteurs ont finalis\u00e9 leur divorce en\u00a02018. Une \u00e9poque qui laisse un go\u00fbt amer \u00e0 l\u2019actrice d\u2019Arr\u00eate-moi si tu peux, comme elle s\u2019en est confi\u00e9e \u00e0 Marie Claire UK.<\/p>\n<p>\u00ab\u00a0Il faut savoir faire preuve d\u2019intelligence quant \u00e0 ce que l\u2019on peut et ne peut pas g\u00e9rer, et je ne pouvais pas g\u00e9rer ce qui se passait\u00a0\u00bb, <a href=\"https:\/\/www.marieclaire.co.uk\/fashion\/jennifer-garner\" rel=\"nofollow noopener\" target=\"_blank\" class=\"c-link c-link--is-underlined\">analyse-t-elle<\/a>. Cependant, selon elle, \u00ab\u00a0ce n\u2019est pas ce se passait\u00a0\u00bb autour de leur divorce \u00ab\u00a0qui \u00e9tait difficile\u00a0\u00bb, c\u2019\u00e9tait \u00ab\u00a0la rupture r\u00e9elle d\u2019une famille\u00a0\u00bb.<\/p>\n<p>\u00ab\u00a0C\u2019est la perte d\u2019un v\u00e9ritable partenariat et d\u2019une v\u00e9ritable amiti\u00e9 qui \u00e9tait difficile\u00a0\u00bb, ajoute celle qui a fait le choix de mettre entre parenth\u00e8ses sa carri\u00e8re pour \u00e9lever ses enfants, sans pour autant consid\u00e9rer cette d\u00e9cision comme un \u00ab\u00a0sacrifice\u00a0\u00bb.<\/p>\n<p>Les enfants avant tout<\/p>\n<p>\u00ab\u00a0C\u2019\u00e9tait vraiment difficile d\u2019aller travailler et cela a clairement influenc\u00e9 les choix de carri\u00e8re que j\u2019ai faits\u00a0\u00bb, a simplement expliqu\u00e9 la com\u00e9dienne de 53 ans, qui sera \u00e0 l\u2019affiche de La Derni\u00e8re chose qu\u2019il m\u2019a dite sur Apple TV le 20\u00a0f\u00e9vrier. Aujourd\u2019hui, Jennifer Garner est \u00ab\u00a0fi\u00e8re de la fa\u00e7on dont ils avancent dans la vie et fi\u00e8re qu\u2019ils fassent tant d\u2019efforts\u00a0\u00bb.<\/p>\n<p>Ben Affleck <a href=\"https:\/\/www.20minutes.fr\/arts-stars\/people\/4145453-20250326-ben-affleck-dit-chanceux-ex-epouse-jennifer-garner-mere-enfants\" target=\"_blank\" class=\"c-link c-link--is-underlined\" rel=\"noopener\">d\u00e9clarait de son c\u00f4t\u00e9 en juin<\/a> avoir \u00ab\u00a0vraiment de la chance d\u2019avoir une excellente co-parent et partenaire en la personne de Jennifer Garner, la m\u00e8re des enfants, qui est merveilleuse et formidable, et avec qui je travaille tr\u00e8s bien\u00a0\u00bb. L\u2019acteur a, lui, surtout, <a href=\"https:\/\/www.20minutes.fr\/arts-stars\/people\/2638655-20191028-video-ben-affleck-fait-petite-rechute-alcool-week-end\" target=\"_blank\" class=\"c-link c-link--is-underlined\" rel=\"noopener\">r\u00e9gl\u00e9 ses probl\u00e8mes d\u2019addiction<\/a> et poursuivi sa carri\u00e8re \u00e0 l\u2019\u00e9cran.<\/p>\n<p>Jennifer Garner fr\u00e9quente aujourd\u2019hui l\u2019homme d\u2019affaires John Miller, tandis que Ben Affleck a finalis\u00e9 son divorce de Jennifer Lopez au d\u00e9but de l\u2019ann\u00e9e derni\u00e8re.<\/p>\n","protected":false},"excerpt":{"rendered":"Jennifer Garner et Ben Affleck ont trois enfants ensemble\u00a0: Violet, 20 ans, Fin, 17 ans, et Samuel, 13&hellip;\n","protected":false},"author":2,"featured_media":651069,"comment_status":"","ping_status":"","sticky":false,"template":"","format":"standard","meta":{"footnotes":""},"categories":[1359],"tags":[19333,58,7681,59,652,1011,27,29115,1930,973,133],"class_list":{"0":"post-651068","1":"post","2":"type-post","3":"status-publish","4":"format-standard","5":"has-post-thumbnail","7":"category-people","8":"tag-ben-affleck","9":"tag-divertissement","10":"tag-divorce","11":"tag-entertainment","12":"tag-famille","13":"tag-fr","14":"tag-france","15":"tag-jennifer-garner","16":"tag-mariage","17":"tag-people","18":"tag-video"},"share_on_mastodon":{"url":"https:\/\/pubeurope.com\/@fr\/115863701706087033","error":""},"_links":{"self":[{"href":"https:\/\/www.europesays.com\/fr\/wp-json\/wp\/v2\/posts\/651068","targetHints":{"allow":["GET"]}}],"collection":[{"href":"https:\/\/www.europesays.com\/fr\/wp-json\/wp\/v2\/posts"}],"about":[{"href":"https:\/\/www.europesays.com\/fr\/wp-json\/wp\/v2\/types\/post"}],"author":[{"embeddable":true,"href":"https:\/\/www.europesays.com\/fr\/wp-json\/wp\/v2\/users\/2"}],"replies":[{"embeddable":true,"href":"https:\/\/www.europesays.com\/fr\/wp-json\/wp\/v2\/comments?post=651068"}],"version-history":[{"count":0,"href":"https:\/\/www.europesays.com\/fr\/wp-json\/wp\/v2\/posts\/651068\/revisions"}],"wp:featuredmedia":[{"embeddable":true,"href":"https:\/\/www.europesays.com\/fr\/wp-json\/wp\/v2\/media\/651069"}],"wp:attachment":[{"href":"https:\/\/www.europesays.com\/fr\/wp-json\/wp\/v2\/media?parent=651068"}],"wp:term":[{"taxonomy":"category","embeddable":true,"href":"https:\/\/www.europesays.com\/fr\/wp-json\/wp\/v2\/categories?post=651068"},{"taxonomy":"post_tag","embeddable":true,"href":"https:\/\/www.europesays.com\/fr\/wp-json\/wp\/v2\/tags?post=651068"}],"curies":[{"name":"wp","href":"https:\/\/api.w.org\/{rel}","templated":true}]}}