{"id":651072,"date":"2026-01-09T06:24:11","date_gmt":"2026-01-09T06:24:11","guid":{"rendered":"https:\/\/www.europesays.com\/fr\/651072\/"},"modified":"2026-01-09T06:24:11","modified_gmt":"2026-01-09T06:24:11","slug":"ses-chroniqueurs-sepanchent-sur-sa-fortune-l","status":"publish","type":"post","link":"https:\/\/www.europesays.com\/fr\/651072\/","title":{"rendered":"ses chroniqueurs s\u2019\u00e9panchent sur sa \u00ab\u00a0fortune\u00a0\u00bb, l\u2019 &#8230;"},"content":{"rendered":"<p>Ancien pr\u00e9sentateur vedette de C8. Cyril Hanouna a vu <a href=\"https:\/\/www.telestar.fr\/actu_tv\/fin-de-c8-derniere-de-tpmp-et-arrivee-chez-m6-cyril-hanouna-signe-la-meilleure-audience-de-sa-vie-1711546\" target=\"_blank\" rel=\"noopener\"><br \/>\nson ancienne cha\u00eene dispara\u00eetre<\/a> la saison derni\u00e8re. Dans la<br \/>\nfoul\u00e9e, <strong>l&rsquo;animateur a d\u00e9cid\u00e9 de quitter le groupe Canal+<br \/>\npour rejoindre le groupe M6<\/strong>. D\u00e9sormais aux commandes de<br \/>\nTout beau tout neuf sur W9. L&rsquo;ancienne incarnation de TPMP<br \/>\npr\u00e9sentait un nouveau num\u00e9ro de Tout beau tout neuf le jeudi 8<br \/>\njanvier 2026. Ce jour-l\u00e0, ses chroniqueurs ont notamment \u00e9voque<br \/>\n<a href=\"https:\/\/www.closermag.fr\/people\/neymar-decu-par-la-vie-sociale-parisienne-760902\" target=\"_blank\" rel=\"noopener\"><br \/>\nl&rsquo;ancien joueur du PSG, Neymar.<\/a><\/p>\n<p>En fait, l&rsquo;international br\u00e9silien a r\u00e9cemment post\u00e9 une photo<br \/>\nde lui aux c\u00f4t\u00e9s de sa voiture. <strong>Mais aussi de son<br \/>\nh\u00e9licopt\u00e8re personnel et de son jet priv\u00e9<\/strong> sur Instagram.<br \/>\nUn \u00e9talement de sa richesse au grand jour qui a pos\u00e9 probl\u00e8mes \u00e0<br \/>\ncertains chroniqueurs de Cyril Hanouna. L&rsquo;animateur fut ensuite<br \/>\nextr\u00eamement g\u00ean\u00e9 lorsque Raymond Aabou a commenc\u00e9 \u00e0 \u00e9voqu\u00e9 sa<br \/>\n\u00ab\u00a0fortune\u00a0\u00bb personnelle acquise au fil des ann\u00e9es.<\/p>\n<p class=\"transcription ng-star-inserted\">\u00ab\u00a0Je suis de ton<br \/>\n\u00e9cole. <strong>Avoir r\u00e9ussi ma vie, avoir embauch\u00e9 des gens, avoir<br \/>\ncr\u00e9\u00e9 une richesse avec des gens.<\/strong> Mais aussi s&rsquo;acheter des<br \/>\ntrucs pour se faire plaisir. Et ne pas les montrer. C&rsquo;est pareil<br \/>\navec les associations. Donner aux associations, donner aux<br \/>\nfondations. Et ne pas le montrer\u00a0\u00bb, a ainsi lanc\u00e9 le<br \/>\nchroniqueur. Dans la foul\u00e9e, les autres personnes pr\u00e9sentes autour<br \/>\nde la table y sont toutes all\u00e9es de leurs petits commentaires au<br \/>\nsujet de la \u00ab\u00a0fortune\u00a0\u00bb de Cyril Hanouna.<\/p>\n<p class=\"transcription ng-star-inserted\">\u00ab\u00a0Vous pourriez faire<br \/>\ncette photo (la m\u00eame photo que Neymar, ndlr) mais vous ne l&rsquo;avez<br \/>\npas fait\u00a0\u00bb, a ainsi d\u00e9clar\u00e9 Olivier Dartigolles. \u00ab\u00a0Tu prends<br \/>\nla fortune de Neymar. Tu prends sa fortune \u00e0 lui (Cyril Hanouna,<br \/>\nndlr), c&rsquo;est pareil\u00a0\u00bb, a ensuite l\u00e2ch\u00e9 G\u00e9raldine Maillet.<br \/>\nTandis que l&rsquo;animateur de W9 ne savait vraiment plus o\u00f9 se mettre.<br \/>\n\u00ab\u00a0Moi ce que j&rsquo;adore c&rsquo;est quand on parle pendant 10 minutes et<br \/>\nque <strong>Cyril ne dit pas un mot !<\/strong> Il attend le<br \/>\nprochain sujet\u00a0\u00bb, a d&rsquo;ailleurs remarqu\u00e9 Matthieu Delormeau.<\/p>\n<p>Raymond Aabou sur l&rsquo;animateur de W9 :<br \/>\n\u00ab\u00a0S&rsquo;il veut, il peut acheter un jet\u00a0\u00bb<\/p>\n<p>\u00ab\u00a0On parle franchement aux gens. On le sait qu&rsquo;il a de<br \/>\nl&rsquo;argent !\u00a0\u00bb, a imm\u00e9diatement encha\u00een\u00e9 Raymond<br \/>\nAabou.\u00a0\u00ab\u00a0Mais ce que je voulais dire c&rsquo;est qu&rsquo;au-del\u00e0 de<br \/>\n\u00e7a. Quand bien m\u00eame on apprendrait que Cyril a un jet priv\u00e9 \u00e0 50<br \/>\nmillions d&rsquo;euros. 14 ans qu&rsquo;il fait de la t\u00e9l\u00e9. <strong>Il fait 6<br \/>\nheures d&rsquo;antenne quasiment tous les jours.<\/strong> Les \u00e9missions<br \/>\nmarchent sur toutes les cha\u00eenes. Il est sur des cha\u00eenes priv\u00e9es, il<br \/>\nproduit&#8230; \u00c7a ne me choque pas du tout\u00a0\u00bb, a ensuite ajout\u00e9<br \/>\n<a href=\"https:\/\/www.telestar.fr\/actu_tv\/je-suis-le-mec-de-b-matthieu-delormeau-va-droit-au-but-dans-tout-beau-tout-n9uf-1750157\" target=\"_blank\" rel=\"noopener\"><br \/>\nMatthieu Delormeau<\/a>. Devant un Cyril Hanouna inhabituellement<br \/>\nmuet.<\/p>\n<p>\u00ab\u00a0Stop ! Arr\u00eatez !\u00a0\u00bb, a finalement lanc\u00e9 lanc\u00e9<br \/>\nl&rsquo;animateur de W9. Ce qui n&rsquo;a pas arr\u00eat\u00e9 ses chroniqueurs pour<br \/>\nautant. \u00ab\u00a0S&rsquo;il veut un jet, il va le louer\u00a0\u00bb, a ainsi<br \/>\nsurench\u00e9ri Raymond Aabou. \u00ab\u00a0<strong>Il loue parce que voil\u00e0.<br \/>\nMais s&rsquo;il avait la fortune de Neymar, il<br \/>\nl&rsquo;ach\u00e8terait<\/strong>\u00ab\u00a0, a ensuite affirm\u00e9 Val\u00e9rie Bena\u00efm, non<br \/>\nsans humour. \u00ab\u00a0Je ne suis pas d&rsquo;accord. S&rsquo;il veut, il peut<br \/>\nacheter un jet. Il ne l&rsquo;ach\u00e8te pas\u00a0\u00bb, a alors r\u00e9pliqu\u00e9 Raymond<br \/>\nAabou. Ce qui lui a valu d&rsquo;\u00eatre temporairement exclu du plateau par<br \/>\nCyril Hanouna. L&rsquo;animateur a par la suite mis fin \u00e0 cette s\u00e9quence<br \/>\ndurant laquelle il est apparu tr\u00e8s mal \u00e0 l&rsquo;aise.<\/p>\n","protected":false},"excerpt":{"rendered":"Ancien pr\u00e9sentateur vedette de C8. Cyril Hanouna a vu son ancienne cha\u00eene dispara\u00eetre la saison derni\u00e8re. Dans la&hellip;\n","protected":false},"author":2,"featured_media":651073,"comment_status":"","ping_status":"","sticky":false,"template":"","format":"standard","meta":{"footnotes":""},"categories":[1356],"tags":[548,1083,58,59,1011,27,252,1364],"class_list":{"0":"post-651072","1":"post","2":"type-post","3":"status-publish","4":"format-standard","5":"has-post-thumbnail","7":"category-television","8":"tag-article-simple","9":"tag-cyril-hanouna","10":"tag-divertissement","11":"tag-entertainment","12":"tag-fr","13":"tag-france","14":"tag-television","15":"tag-tv"},"share_on_mastodon":{"url":"https:\/\/pubeurope.com\/@fr\/115863713406887191","error":""},"_links":{"self":[{"href":"https:\/\/www.europesays.com\/fr\/wp-json\/wp\/v2\/posts\/651072","targetHints":{"allow":["GET"]}}],"collection":[{"href":"https:\/\/www.europesays.com\/fr\/wp-json\/wp\/v2\/posts"}],"about":[{"href":"https:\/\/www.europesays.com\/fr\/wp-json\/wp\/v2\/types\/post"}],"author":[{"embeddable":true,"href":"https:\/\/www.europesays.com\/fr\/wp-json\/wp\/v2\/users\/2"}],"replies":[{"embeddable":true,"href":"https:\/\/www.europesays.com\/fr\/wp-json\/wp\/v2\/comments?post=651072"}],"version-history":[{"count":0,"href":"https:\/\/www.europesays.com\/fr\/wp-json\/wp\/v2\/posts\/651072\/revisions"}],"wp:featuredmedia":[{"embeddable":true,"href":"https:\/\/www.europesays.com\/fr\/wp-json\/wp\/v2\/media\/651073"}],"wp:attachment":[{"href":"https:\/\/www.europesays.com\/fr\/wp-json\/wp\/v2\/media?parent=651072"}],"wp:term":[{"taxonomy":"category","embeddable":true,"href":"https:\/\/www.europesays.com\/fr\/wp-json\/wp\/v2\/categories?post=651072"},{"taxonomy":"post_tag","embeddable":true,"href":"https:\/\/www.europesays.com\/fr\/wp-json\/wp\/v2\/tags?post=651072"}],"curies":[{"name":"wp","href":"https:\/\/api.w.org\/{rel}","templated":true}]}}