{"id":651074,"date":"2026-01-09T06:25:13","date_gmt":"2026-01-09T06:25:13","guid":{"rendered":"https:\/\/www.europesays.com\/fr\/651074\/"},"modified":"2026-01-09T06:25:13","modified_gmt":"2026-01-09T06:25:13","slug":"vianney-tient-le-coup-en-foret-et-construit-sa-cabane","status":"publish","type":"post","link":"https:\/\/www.europesays.com\/fr\/651074\/","title":{"rendered":"Vianney tient le coup en for\u00eat et construit sa cabane"},"content":{"rendered":"\n<p lang=\"fr-FR\" style=\"margin-bottom: 0cm;\">Malgr\u00e9 la neige et le froid mordant, Vianney poursuit co\u00fbte que co\u00fbte la construction de sa cabane isol\u00e9e en for\u00eat, un projet personnel entam\u00e9 en juin 2025 pour s\u2019\u00e9loigner du tumulte parisien. Le chanteur a racont\u00e9 le 6 janvier sur Instagram avoir d\u00e9couvert les engelures au visage, sans pour autant renoncer \u00e0 travailler chaque jour du lever au coucher du soleil. Dans ce refuge qu\u2019il b\u00e2tit de ses propres mains, o\u00f9 il a pr\u00e9vu d\u2019installer notamment un piano et un po\u00eale, l\u2019artiste voit surtout un apprentissage quotidien, expliquant progresser \u00e0 chaque \u00e9tape, du d\u00e9coupage au calcul. De retour sur le chantier apr\u00e8s sa parenth\u00e8se sc\u00e9nique avec Lara Fabian, il affiche un objectif clair : terminer rapidement pour profiter enfin de ce lieu, symbole de pers\u00e9v\u00e9rance et de retour \u00e0 l\u2019essentiel.<\/p>\n","protected":false},"excerpt":{"rendered":"Malgr\u00e9 la neige et le froid mordant, Vianney poursuit co\u00fbte que co\u00fbte la construction de sa cabane isol\u00e9e&hellip;\n","protected":false},"author":2,"featured_media":651075,"comment_status":"","ping_status":"","sticky":false,"template":"","format":"standard","meta":{"footnotes":""},"categories":[1355],"tags":[11,75547,1696,2704,58,59,1011,3844,27,1110,1361,873,12,973],"class_list":{"0":"post-651074","1":"post","2":"type-post","3":"status-publish","4":"format-standard","5":"has-post-thumbnail","7":"category-musique","8":"tag-actualites","9":"tag-artistesfrancais","10":"tag-chanteur","11":"tag-chanteuse","12":"tag-divertissement","13":"tag-entertainment","14":"tag-fr","15":"tag-francais","16":"tag-france","17":"tag-informations","18":"tag-music","19":"tag-musique","20":"tag-news","21":"tag-people"},"share_on_mastodon":{"url":"https:\/\/pubeurope.com\/@fr\/115863717324758325","error":""},"_links":{"self":[{"href":"https:\/\/www.europesays.com\/fr\/wp-json\/wp\/v2\/posts\/651074","targetHints":{"allow":["GET"]}}],"collection":[{"href":"https:\/\/www.europesays.com\/fr\/wp-json\/wp\/v2\/posts"}],"about":[{"href":"https:\/\/www.europesays.com\/fr\/wp-json\/wp\/v2\/types\/post"}],"author":[{"embeddable":true,"href":"https:\/\/www.europesays.com\/fr\/wp-json\/wp\/v2\/users\/2"}],"replies":[{"embeddable":true,"href":"https:\/\/www.europesays.com\/fr\/wp-json\/wp\/v2\/comments?post=651074"}],"version-history":[{"count":0,"href":"https:\/\/www.europesays.com\/fr\/wp-json\/wp\/v2\/posts\/651074\/revisions"}],"wp:featuredmedia":[{"embeddable":true,"href":"https:\/\/www.europesays.com\/fr\/wp-json\/wp\/v2\/media\/651075"}],"wp:attachment":[{"href":"https:\/\/www.europesays.com\/fr\/wp-json\/wp\/v2\/media?parent=651074"}],"wp:term":[{"taxonomy":"category","embeddable":true,"href":"https:\/\/www.europesays.com\/fr\/wp-json\/wp\/v2\/categories?post=651074"},{"taxonomy":"post_tag","embeddable":true,"href":"https:\/\/www.europesays.com\/fr\/wp-json\/wp\/v2\/tags?post=651074"}],"curies":[{"name":"wp","href":"https:\/\/api.w.org\/{rel}","templated":true}]}}