{"id":651076,"date":"2026-01-09T06:26:24","date_gmt":"2026-01-09T06:26:24","guid":{"rendered":"https:\/\/www.europesays.com\/fr\/651076\/"},"modified":"2026-01-09T06:26:24","modified_gmt":"2026-01-09T06:26:24","slug":"200-figurants-annees-70-80-pour-film-badinter-de-pierre-godeau-avec-jeremie-renier","status":"publish","type":"post","link":"https:\/\/www.europesays.com\/fr\/651076\/","title":{"rendered":"200 figurants ann\u00e9es 70\/80 pour film \u00ab\u00a0Badinter\u00a0\u00bb de Pierre Godeau avec J\u00e9r\u00e9mie Renier"},"content":{"rendered":"<p>\ud83c\udfac \u00c0 PROPOS DU PROJET<\/p>\n<p>Vivez l\u2019exp\u00e9rience cin\u00e9matographique de l\u2019ann\u00e9e en rejoignant le casting du film \u201cBadinter\u201d, r\u00e9alis\u00e9 par le talentueux <strong>Pierre Godeau<\/strong> ! Le r\u00e9alisateur <strong>Pierre Godeau<\/strong> (\u201cSous le vent des Marquises\u201d, \u201cRaoul Taburin\u201d) met en sc\u00e8ne le combat historique de Robert Badinter pour l\u2019abolition de la peine de mort en France. Distribu\u00e9 par Pan Distribution, ce biopic \u00e9v\u00e9nement sera port\u00e9 par <strong>J\u00e9r\u00e9mie Renier<\/strong> dans le r\u00f4le-titre de l\u2019ancien Garde des Sceaux. Le film s\u2019articule notamment autour de l\u2019affaire Buffet-Bontems et du proc\u00e8s de Clairvaux en 1972, moment charni\u00e8re dans l\u2019engagement de Badinter, ainsi que du soutien ind\u00e9fectible de son \u00e9pouse \u00c9lisabeth.<\/p>\n<p>Le tournage d\u00e9bute fin janvier 2026 \u00e0 Paris et en r\u00e9gion parisienne. Ce long-m\u00e9trage captivant vous plonge dans les ann\u00e9es 70\/80, retra\u00e7ant le combat historique de Robert Badinter pour l\u2019abolition de la peine de mort en France.<\/p>\n<p>\u2b50 T\u00caTES D\u2019AFFICHE<\/p>\n<ul>\n<li><strong>J\u00e9r\u00e9mie Renier<\/strong> (Robert Badinter)<\/li>\n<li><strong>Georgia Scalliet<\/strong><\/li>\n<li><strong>Rapha\u00ebl Thi\u00e9ry<\/strong><\/li>\n<li><strong>Eddy de Pretto<\/strong><\/li>\n<li><strong>Xavier Beauvois<\/strong><\/li>\n<li><strong>Emmanuel Salinger<\/strong><\/li>\n<li><strong>Hippolyte Girardot<\/strong><\/li>\n<li><strong>David Ayala<\/strong><\/li>\n<li><strong>C\u00e9dric Appietto<\/strong><\/li>\n<li><strong>Quentin Dolmaire<\/strong><\/li>\n<\/ul>\n<p>\ud83d\udc65 PROFILS RECHERCH\u00c9S<\/p>\n<p><strong>200 figurants ann\u00e9es 70\/80 :<\/strong> \u2022 Type caucasien \u2022 Tous \u00e2ges \u2022 Sans piercing ou tatouage apparent \u2022 Pas de sourcils refaits ni faux ongles \u2022 \u00c9viter coupes de cheveux trop modernes \u2022 Profils li\u00e9s au droit, justice, police ou arm\u00e9e\/gendarmerie tr\u00e8s appr\u00e9ci\u00e9s<\/p>\n<p>\ud83d\udcc5 PLANNING<\/p>\n<p><strong>Essayage costume :<\/strong> \u00c0 partir du 8 f\u00e9vrier 2026 <strong>Tournage :<\/strong> Fin janvier 2026 (d\u00e9but) \u2013 Paris et r\u00e9gion parisienne <strong>Lieu :<\/strong> Secteur de Troyes <strong>Sortie :<\/strong> 11 novembre 2026<\/p>\n<p>\ud83d\udcb0 R\u00c9MUN\u00c9RATION<\/p>\n<p>\u2022 Tournage r\u00e9mun\u00e9r\u00e9<\/p>\n<p>\ud83d\udccb MODALIT\u00c9S DE CANDIDATURE<\/p>\n<p><strong>\u26a0\ufe0f Important :<\/strong> Priorit\u00e9 aux profils locaux de la R\u00e9gion Grand Est. Les candidatures incompl\u00e8tes ne seront pas trait\u00e9es.<\/p>\n<p><strong>Documents requis :<\/strong> Photos r\u00e9centes (portrait et en pied), nom, pr\u00e9nom, date de naissance, taille, lieu de r\u00e9sidence, coordonn\u00e9es mail et t\u00e9l\u00e9phone, pr\u00e9ciser si exp\u00e9rience en th\u00e9\u00e2tre et\/ou tournage.<\/p>\n<p>\ud83c\udfac <strong>Ne manquez pas cette opportunit\u00e9 de participer \u00e0 un projet cin\u00e9matographique ambitieux avec Pierre Godeau et un casting prestigieux pour ce biopic sur l\u2019abolition de la peine de mort !<\/strong><\/p>\n","protected":false},"excerpt":{"rendered":"\ud83c\udfac \u00c0 PROPOS DU PROJET Vivez l\u2019exp\u00e9rience cin\u00e9matographique de l\u2019ann\u00e9e en rejoignant le casting du film \u201cBadinter\u201d, r\u00e9alis\u00e9&hellip;\n","protected":false},"author":2,"featured_media":651077,"comment_status":"","ping_status":"","sticky":false,"template":"","format":"standard","meta":{"footnotes":""},"categories":[1354],"tags":[58,59,1346,1011,27,1360],"class_list":{"0":"post-651076","1":"post","2":"type-post","3":"status-publish","4":"format-standard","5":"has-post-thumbnail","7":"category-films","8":"tag-divertissement","9":"tag-entertainment","10":"tag-films","11":"tag-fr","12":"tag-france","13":"tag-movies"},"share_on_mastodon":{"url":"https:\/\/pubeurope.com\/@fr\/115863721293716364","error":""},"_links":{"self":[{"href":"https:\/\/www.europesays.com\/fr\/wp-json\/wp\/v2\/posts\/651076","targetHints":{"allow":["GET"]}}],"collection":[{"href":"https:\/\/www.europesays.com\/fr\/wp-json\/wp\/v2\/posts"}],"about":[{"href":"https:\/\/www.europesays.com\/fr\/wp-json\/wp\/v2\/types\/post"}],"author":[{"embeddable":true,"href":"https:\/\/www.europesays.com\/fr\/wp-json\/wp\/v2\/users\/2"}],"replies":[{"embeddable":true,"href":"https:\/\/www.europesays.com\/fr\/wp-json\/wp\/v2\/comments?post=651076"}],"version-history":[{"count":0,"href":"https:\/\/www.europesays.com\/fr\/wp-json\/wp\/v2\/posts\/651076\/revisions"}],"wp:featuredmedia":[{"embeddable":true,"href":"https:\/\/www.europesays.com\/fr\/wp-json\/wp\/v2\/media\/651077"}],"wp:attachment":[{"href":"https:\/\/www.europesays.com\/fr\/wp-json\/wp\/v2\/media?parent=651076"}],"wp:term":[{"taxonomy":"category","embeddable":true,"href":"https:\/\/www.europesays.com\/fr\/wp-json\/wp\/v2\/categories?post=651076"},{"taxonomy":"post_tag","embeddable":true,"href":"https:\/\/www.europesays.com\/fr\/wp-json\/wp\/v2\/tags?post=651076"}],"curies":[{"name":"wp","href":"https:\/\/api.w.org\/{rel}","templated":true}]}}