{"id":651086,"date":"2026-01-09T06:32:10","date_gmt":"2026-01-09T06:32:10","guid":{"rendered":"https:\/\/www.europesays.com\/fr\/651086\/"},"modified":"2026-01-09T06:32:10","modified_gmt":"2026-01-09T06:32:10","slug":"au-moins-quatre-morts-et-dix-blesses-dans-des-frappes-russes-sur-kiev-lensemble-du-territoire-en-alerte-face-aux-missiles","status":"publish","type":"post","link":"https:\/\/www.europesays.com\/fr\/651086\/","title":{"rendered":"au moins quatre morts et dix bless\u00e9s dans des frappes russes sur Kiev, l\u2019ensemble du territoire en alerte face aux missiles"},"content":{"rendered":"<p>   Deux morts et cinq bless\u00e9s dans des frappes sur Kiev             <\/p>\n<p class=\"post__live-container--answer-text post__space-node\">\u00ab\u00a0Deux morts dans la capitale. Cinq personnes bless\u00e9es\u00a0\u00bb, a fait savoir le maire de Kiev, Vitali Klitschko, sur Telegram, apr\u00e8s des frappes nocturnes russes. Le chef de l\u2019administration militaire r\u00e9gionale, Mykola Kalachnyk, a pr\u00e9cis\u00e9 que \u00ab\u00a0l\u2019ennemi attaque massivement Kiev avec des drones explosifs\u00a0\u00bb.<\/p>\n<p class=\"post__live-container--answer-text post__space-node\">A l\u2019\u00e9chelle nationale, l\u2019arm\u00e9e de l\u2019air a lanc\u00e9 une \u00ab\u00a0alerte aux missiles \u00e0 travers toute l\u2019Ukraine\u00a0\u00bb, \u00e9voquant des missiles balistiques provenant de la base de Kapoustine Yar, \u00e0 quelque 400\u00a0kilom\u00e8tres \u00e0 l\u2019est de la fronti\u00e8re. Cette source a pr\u00e9cis\u00e9 que de tels missiles se dirigeaient notamment vers la capitale.<\/p>\n<p class=\"post__live-container--answer-text post__space-node\">Plus \u00e0 l\u2019ouest, Lviv a d\u00e9j\u00e0 fait l\u2019objet dans la nuit d\u2019une \u00ab\u00a0frappe de missile\u00a0\u00bb, a rapport\u00e9 le chef de l\u2019administration de la ville, Maksym Kozytsky, sans faire \u00e9tat de victimes. Selon le maire, Andri Sadovy, \u00ab\u00a0une infrastructure critique\u00a0\u00bb non pr\u00e9cis\u00e9e a \u00e9t\u00e9 touch\u00e9e.<\/p>\n<p class=\"post__live-container--answer-text post__space-node\">L\u2019Ukraine subit, chaque nuit, des frappes russes d\u2019ampleur variable. Celles-ci ont tu\u00e9, jeudi, une femme de 77\u00a0ans et fait 24 bless\u00e9s dont six enfants dans la seule ville de Kryvy Rih (dans le centre du pays), selon un bilan rendu t\u00f4t vendredi par le chef de l\u2019administration militaire, Oleksandr Vilkoul.<\/p>\n","protected":false},"excerpt":{"rendered":"Deux morts et cinq bless\u00e9s dans des frappes sur Kiev \u00ab\u00a0Deux morts dans la capitale. Cinq personnes bless\u00e9es\u00a0\u00bb,&hellip;\n","protected":false},"author":2,"featured_media":651087,"comment_status":"","ping_status":"","sticky":false,"template":"","format":"standard","meta":{"footnotes":""},"categories":[5],"tags":[11,1011,27,14,12,28],"class_list":{"0":"post-651086","1":"post","2":"type-post","3":"status-publish","4":"format-standard","5":"has-post-thumbnail","7":"category-international","8":"tag-actualites","9":"tag-fr","10":"tag-france","11":"tag-international","12":"tag-news","13":"tag-world"},"share_on_mastodon":{"url":"https:\/\/pubeurope.com\/@fr\/115863744946073852","error":""},"_links":{"self":[{"href":"https:\/\/www.europesays.com\/fr\/wp-json\/wp\/v2\/posts\/651086","targetHints":{"allow":["GET"]}}],"collection":[{"href":"https:\/\/www.europesays.com\/fr\/wp-json\/wp\/v2\/posts"}],"about":[{"href":"https:\/\/www.europesays.com\/fr\/wp-json\/wp\/v2\/types\/post"}],"author":[{"embeddable":true,"href":"https:\/\/www.europesays.com\/fr\/wp-json\/wp\/v2\/users\/2"}],"replies":[{"embeddable":true,"href":"https:\/\/www.europesays.com\/fr\/wp-json\/wp\/v2\/comments?post=651086"}],"version-history":[{"count":0,"href":"https:\/\/www.europesays.com\/fr\/wp-json\/wp\/v2\/posts\/651086\/revisions"}],"wp:featuredmedia":[{"embeddable":true,"href":"https:\/\/www.europesays.com\/fr\/wp-json\/wp\/v2\/media\/651087"}],"wp:attachment":[{"href":"https:\/\/www.europesays.com\/fr\/wp-json\/wp\/v2\/media?parent=651086"}],"wp:term":[{"taxonomy":"category","embeddable":true,"href":"https:\/\/www.europesays.com\/fr\/wp-json\/wp\/v2\/categories?post=651086"},{"taxonomy":"post_tag","embeddable":true,"href":"https:\/\/www.europesays.com\/fr\/wp-json\/wp\/v2\/tags?post=651086"}],"curies":[{"name":"wp","href":"https:\/\/api.w.org\/{rel}","templated":true}]}}