{"id":651092,"date":"2026-01-09T06:36:12","date_gmt":"2026-01-09T06:36:12","guid":{"rendered":"https:\/\/www.europesays.com\/fr\/651092\/"},"modified":"2026-01-09T06:36:12","modified_gmt":"2026-01-09T06:36:12","slug":"pourquoi-eric-le-jaouen-nest-pas-dans-les-clous-en-matiere-daffichage","status":"publish","type":"post","link":"https:\/\/www.europesays.com\/fr\/651092\/","title":{"rendered":"pourquoi Eric Le Jaouen n\u2019est pas dans les clous en mati\u00e8re d\u2019affichage"},"content":{"rendered":"<p>Attention, en mati\u00e8re d\u2019affichage en vue des \u00e9lections municipales des 15 et 22\u00a0mars prochains, tout n\u2019est pas permis. C\u2019est ce que rappelle, dans un communiqu\u00e9, la pr\u00e9f\u00e8te de la Loire visant \u00e0 sensibiliser les diff\u00e9rents candidats quant au respect de la r\u00e9glementation en mati\u00e8re de communication \u00e9lectorale.<\/p>\n<p>Il a en effet \u00e9t\u00e9 constat\u00e9 que plusieurs candidats ne respectaient pas les r\u00e8gles en ce qui concerne la vitrophanie et l\u2019affichage \u00e0 caract\u00e8re de propagande \u00e9lectorale sur les permanences.<\/p>\n<p>\u00ab\u00a0La r\u00e9glementation et la jurisprudence sont tr\u00e8s claires en la mati\u00e8re et proscrivent, entre autres, les&#8230;<\/p>\n","protected":false},"excerpt":{"rendered":"Attention, en mati\u00e8re d\u2019affichage en vue des \u00e9lections municipales des 15 et 22\u00a0mars prochains, tout n\u2019est pas permis.&hellip;\n","protected":false},"author":2,"featured_media":651093,"comment_status":"","ping_status":"","sticky":false,"template":"","format":"standard","meta":{"footnotes":""},"categories":[9653],"tags":[1111,11,2430,7539,4188,1777,674,1011,27,12,316,25,4001,7538],"class_list":{"0":"post-651092","1":"post","2":"type-post","3":"status-publish","4":"format-standard","5":"has-post-thumbnail","7":"category-saint-etienne","8":"tag-actu","9":"tag-actualites","10":"tag-auvergne-rhone-alpes","11":"tag-edition-loire-sud","12":"tag-elections-municipales","13":"tag-eu","14":"tag-europe","15":"tag-fr","16":"tag-france","17":"tag-news","18":"tag-politique","19":"tag-republique-francaise","20":"tag-saint-etienne","21":"tag-saint-etienne-ville"},"share_on_mastodon":{"url":"https:\/\/pubeurope.com\/@fr\/115863760540008814","error":""},"_links":{"self":[{"href":"https:\/\/www.europesays.com\/fr\/wp-json\/wp\/v2\/posts\/651092","targetHints":{"allow":["GET"]}}],"collection":[{"href":"https:\/\/www.europesays.com\/fr\/wp-json\/wp\/v2\/posts"}],"about":[{"href":"https:\/\/www.europesays.com\/fr\/wp-json\/wp\/v2\/types\/post"}],"author":[{"embeddable":true,"href":"https:\/\/www.europesays.com\/fr\/wp-json\/wp\/v2\/users\/2"}],"replies":[{"embeddable":true,"href":"https:\/\/www.europesays.com\/fr\/wp-json\/wp\/v2\/comments?post=651092"}],"version-history":[{"count":0,"href":"https:\/\/www.europesays.com\/fr\/wp-json\/wp\/v2\/posts\/651092\/revisions"}],"wp:featuredmedia":[{"embeddable":true,"href":"https:\/\/www.europesays.com\/fr\/wp-json\/wp\/v2\/media\/651093"}],"wp:attachment":[{"href":"https:\/\/www.europesays.com\/fr\/wp-json\/wp\/v2\/media?parent=651092"}],"wp:term":[{"taxonomy":"category","embeddable":true,"href":"https:\/\/www.europesays.com\/fr\/wp-json\/wp\/v2\/categories?post=651092"},{"taxonomy":"post_tag","embeddable":true,"href":"https:\/\/www.europesays.com\/fr\/wp-json\/wp\/v2\/tags?post=651092"}],"curies":[{"name":"wp","href":"https:\/\/api.w.org\/{rel}","templated":true}]}}