{"id":651094,"date":"2026-01-09T06:40:47","date_gmt":"2026-01-09T06:40:47","guid":{"rendered":"https:\/\/www.europesays.com\/fr\/651094\/"},"modified":"2026-01-09T06:40:47","modified_gmt":"2026-01-09T06:40:47","slug":"le-vnvb-peut-avoir-des-regrets","status":"publish","type":"post","link":"https:\/\/www.europesays.com\/fr\/651094\/","title":{"rendered":"Le VNVB peut avoir des regrets"},"content":{"rendered":"<p>        <strong>Devant 1800 spectateurs, le VNVB est pass\u00e9 proche de battre Chieri (2-3, 16-25, 25-18, 28-26, 11-25, 11-15)<\/strong><\/p>\n<p>Vainqueur de la CEV Cup en 2024, finaliste de la Challenge Cup en 2025, le club italien de Chieri, actuel troisi\u00e8me du championnat d&rsquo;Italie, est assur\u00e9ment un poids lourd du volley europ\u00e9en. Le public vandop\u00e9rien ne s&rsquo;est d&rsquo;ailleurs pas tromp\u00e9, le parc des sports de Vandoeuvre \u00e9tait copieusement garni malgr\u00e9 une m\u00e9t\u00e9o peu propice aux d\u00e9placements.\u00a0<\/p>\n<p>Dans une belle ambiance \u00e0 la hauteur de l&rsquo;\u00e9v\u00e9nement et de la prestation des joueuses locales, le VNVB s&rsquo;est inclin\u00e9 de justesse face \u00e0 l&rsquo;ogre italien et peut m\u00eame nourrir des regrets. Dans le cinqui\u00e8me set, les filles de Nicola Vettori ont par exemple men\u00e9 3-0 avant de voir l&rsquo;\u00e9quipe Italienne reprendre les devants (3-4) avant de prendre le large en fin de tie-break passant de 9-10 \u00e0 10-14, Chieri validant sa victoire sur sa deuxi\u00e8me balle de match par Alberti (11-15).\u00a0<\/p>\n<p>Si les Pi\u00e9montaises avaient remport\u00e9 sans trembler la premi\u00e8re manche (16-25), le VNVB avait bien r\u00e9agi par la suite en remportant les deux sets suivants en livrant une belle bataille notamment pour remporter la troisi\u00e8me manche (28-26) apr\u00e8s avoir \u00e9t\u00e9 men\u00e9 22-24. Dans le quatri\u00e8me set, les Italiennes ont domin\u00e9 les d\u00e9bats \u00e0 l&rsquo;image de Stella Nervini, internationale italienne (11-25) et MVP de la rencontre. Une rencontre durant laquelle\u00a0Pimpichaya KOKRAM a \u00e9t\u00e9 la meilleure marqueuse de son \u00e9quipe avec 19 points.\u00a0<\/p>\n<p>Le match retour aura lieu le 14 janvier dans la banlieue de Turin, auparavant le VNVB re\u00e7oit Le Cannet samedi \u00e0 20h au parc des sports de Vandoeuvre.\u00a0<\/p>\n<p>\t\t\t\t\t\t<a href=\"https:\/\/www.pinterest.com\/pin\/create\/button\/\" data-pin-do=\"buttonBookmark\" data-pin-color=\"red\" target=\"_blank\" rel=\"noopener\"><img decoding=\"async\" src=\"https:\/\/www.europesays.com\/fr\/wp-content\/uploads\/2025\/04\/pinit_fg_en_rect_red_20.png\" alt=\"Pin It\"\/><\/a><\/p>\n","protected":false},"excerpt":{"rendered":"Devant 1800 spectateurs, le VNVB est pass\u00e9 proche de battre Chieri (2-3, 16-25, 25-18, 28-26, 11-25, 11-15) Vainqueur&hellip;\n","protected":false},"author":2,"featured_media":651095,"comment_status":"","ping_status":"","sticky":false,"template":"","format":"standard","meta":{"footnotes":""},"categories":[9635],"tags":[1111,11,1777,674,1011,27,775,1702,12,25],"class_list":{"0":"post-651094","1":"post","2":"type-post","3":"status-publish","4":"format-standard","5":"has-post-thumbnail","7":"category-nancy","8":"tag-actu","9":"tag-actualites","10":"tag-eu","11":"tag-europe","12":"tag-fr","13":"tag-france","14":"tag-grand-est","15":"tag-nancy","16":"tag-news","17":"tag-republique-francaise"},"share_on_mastodon":{"url":"https:\/\/pubeurope.com\/@fr\/115863776440470901","error":""},"_links":{"self":[{"href":"https:\/\/www.europesays.com\/fr\/wp-json\/wp\/v2\/posts\/651094","targetHints":{"allow":["GET"]}}],"collection":[{"href":"https:\/\/www.europesays.com\/fr\/wp-json\/wp\/v2\/posts"}],"about":[{"href":"https:\/\/www.europesays.com\/fr\/wp-json\/wp\/v2\/types\/post"}],"author":[{"embeddable":true,"href":"https:\/\/www.europesays.com\/fr\/wp-json\/wp\/v2\/users\/2"}],"replies":[{"embeddable":true,"href":"https:\/\/www.europesays.com\/fr\/wp-json\/wp\/v2\/comments?post=651094"}],"version-history":[{"count":0,"href":"https:\/\/www.europesays.com\/fr\/wp-json\/wp\/v2\/posts\/651094\/revisions"}],"wp:featuredmedia":[{"embeddable":true,"href":"https:\/\/www.europesays.com\/fr\/wp-json\/wp\/v2\/media\/651095"}],"wp:attachment":[{"href":"https:\/\/www.europesays.com\/fr\/wp-json\/wp\/v2\/media?parent=651094"}],"wp:term":[{"taxonomy":"category","embeddable":true,"href":"https:\/\/www.europesays.com\/fr\/wp-json\/wp\/v2\/categories?post=651094"},{"taxonomy":"post_tag","embeddable":true,"href":"https:\/\/www.europesays.com\/fr\/wp-json\/wp\/v2\/tags?post=651094"}],"curies":[{"name":"wp","href":"https:\/\/api.w.org\/{rel}","templated":true}]}}