{"id":651106,"date":"2026-01-09T06:46:50","date_gmt":"2026-01-09T06:46:50","guid":{"rendered":"https:\/\/www.europesays.com\/fr\/651106\/"},"modified":"2026-01-09T06:46:50","modified_gmt":"2026-01-09T06:46:50","slug":"video-a-rouen-un-skieur-fait-le-spectacle-sur-les-quais-en-bord-de-seine","status":"publish","type":"post","link":"https:\/\/www.europesays.com\/fr\/651106\/","title":{"rendered":"VID\u00c9O &#8211; \u00c0 Rouen, un skieur fait le spectacle sur les quais en bord de Seine"},"content":{"rendered":"<p>Une image rare \u00e0 Rouen (Seine-Maritime), ce mercredi 7 janvier 2026, un homme aper\u00e7u en train de faire du ski de fond sur les quais. Une couche de neige parfaite qui lui a permis de sortir son mat\u00e9riel pour la premi\u00e8re fois en Normandie.<\/p>\n<p>\u00ab\u00a0C&rsquo;est improbable\u00a0\u00bb, un skieur a \u00e9t\u00e9 aper\u00e7u, mercredi 7 janvier 2026, sur les quais de la rive droite \u00e0 Rouen. <strong>Un moment rare<\/strong> et presque surr\u00e9aliste qui n&rsquo;a pas manqu\u00e9 de faire r\u00e9agir les passants, mais aussi les p\u00e9niches qui passaient sur la Seine.<\/p>\n<p>\u00ab\u00a0\u00c7a m&rsquo;arrivera qu&rsquo;une seule fois dans ma vie\u00a0\u00bb<\/p>\n<p>La neige <a class=\"IciLink ici-link IciArticleLink g-ici-body-regular-1 underline brand svelte-1chfe2s\" href=\"https:\/\/www.francebleu.fr\/infos\/societe\/neige-et-verglas-circulation-difficile-en-seine-maritime-et-dans-l-eure-ce-mercredi-matin-7785321\" target=\"_blank\" rel=\"noopener\">s&rsquo;est arr\u00eat\u00e9e de tomber sur la Seine-Maritime et l&rsquo;Eure<\/a>\u00a0\u00e0 la mi-journ\u00e9e, ce qui laisse des paysages aussi splendides qu&rsquo;inhabituels. \u00c0 Rouen, c&rsquo;est l&rsquo;occasion pour certains de courir, faire du v\u00e9lo, mais aussi de skier\u00a0! Martin est propri\u00e9taire du restaurant scandinave, le Lakson, sur les quais, <strong>il en a profit\u00e9 pour faire une petite heure de glisse<\/strong> avant sa prise de service m\u00e9ridienne.<\/p>\n<p>\u00ab\u00a0J&rsquo;utilise le mat\u00e9riel une fois par an quand je pars avec des potes faire du ski de fond dans le Jura ou dans les Vosges, c&rsquo;est la premi\u00e8re fois que les sors \u00e0 Rouen. Quand j&rsquo;ai vu les conditions, je me suis dit que \u00e7a m&rsquo;arriverait peut-\u00eatre qu&rsquo;une seule fois dans ma vie\u00a0\u00bb, explique Martin.<\/p>\n<p><strong>La neige tomb\u00e9e depuis trois jours sur les quais \u00e9tait id\u00e9ale pour lui<\/strong>. \u00ab\u00a0Il y a deux couches de neige, celle tomb\u00e9e il y a deux jours, qui est assez tass\u00e9e et assez dure, parfaite pour le ski de fond. C&rsquo;est une couche qui a gel\u00e9 pendant les deux derni\u00e8res journ\u00e9es. Et ce matin, il y a eu entre 5 et 7 centim\u00e8tres de poudreuse, donc c&rsquo;est tr\u00e8s agr\u00e9able\u00a0\u00bb, poursuit l&rsquo;amateur de ski de fond.<\/p>\n<p>loading<\/p>\n<p>\u00c0 lire aussi   <img decoding=\"async\" src=\"https:\/\/www.europesays.com\/fr\/wp-content\/uploads\/2026\/01\/1767941210_475_400x400.jpeg\" alt=\"\" style=\"--_image-preview:url('data:image\/jpeg;base64,\/9j\/2wBDACgcHiMeGSgjISMtKygwPGRBPDc3PHtYXUlkkYCZlo+AjIqgtObDoKrarYqMyP\/L2u71\/\/\/\/m8H\/\/\/\/6\/+b9\/\/j\/2wBDASstLTw1PHZBQXb4pYyl+Pj4+Pj4+Pj4+Pj4+Pj4+Pj4+Pj4+Pj4+Pj4+Pj4+Pj4+Pj4+Pj4+Pj4+Pj4+Pj4+Pj\/wAARCAAXACoDASIAAhEBAxEB\/8QAGAAAAwEBAAAAAAAAAAAAAAAAAAECAwT\/xAAYEAEBAQEBAAAAAAAAAAAAAAAAARECEv\/EABYBAQEBAAAAAAAAAAAAAAAAAAABAv\/EABURAQEAAAAAAAAAAAAAAAAAAAAR\/9oADAMBAAIRAxEAPwC70m1l7HpusrNMXItIWHisPEpHDOlc0BBty15gAq8GAIP\/2Q==');\" loading=\"lazy\" fetchpriority=\"low\" aria-hidden=\"true\" class=\"svelte-1cksh76 rounded\" onload=\"this.__e=event\" onerror=\"this.__e=event\"\/><\/p>\n","protected":false},"excerpt":{"rendered":"Une image rare \u00e0 Rouen (Seine-Maritime), ce mercredi 7 janvier 2026, un homme aper\u00e7u en train de faire&hellip;\n","protected":false},"author":2,"featured_media":651107,"comment_status":"","ping_status":"","sticky":false,"template":"","format":"standard","meta":{"footnotes":""},"categories":[9587],"tags":[1111,11,1777,674,1011,27,12,5161,25,9590],"class_list":{"0":"post-651106","1":"post","2":"type-post","3":"status-publish","4":"format-standard","5":"has-post-thumbnail","7":"category-rouen","8":"tag-actu","9":"tag-actualites","10":"tag-eu","11":"tag-europe","12":"tag-fr","13":"tag-france","14":"tag-news","15":"tag-normandie","16":"tag-republique-francaise","17":"tag-rouen"},"share_on_mastodon":{"url":"https:\/\/pubeurope.com\/@fr\/115863803962754802","error":""},"_links":{"self":[{"href":"https:\/\/www.europesays.com\/fr\/wp-json\/wp\/v2\/posts\/651106","targetHints":{"allow":["GET"]}}],"collection":[{"href":"https:\/\/www.europesays.com\/fr\/wp-json\/wp\/v2\/posts"}],"about":[{"href":"https:\/\/www.europesays.com\/fr\/wp-json\/wp\/v2\/types\/post"}],"author":[{"embeddable":true,"href":"https:\/\/www.europesays.com\/fr\/wp-json\/wp\/v2\/users\/2"}],"replies":[{"embeddable":true,"href":"https:\/\/www.europesays.com\/fr\/wp-json\/wp\/v2\/comments?post=651106"}],"version-history":[{"count":0,"href":"https:\/\/www.europesays.com\/fr\/wp-json\/wp\/v2\/posts\/651106\/revisions"}],"wp:featuredmedia":[{"embeddable":true,"href":"https:\/\/www.europesays.com\/fr\/wp-json\/wp\/v2\/media\/651107"}],"wp:attachment":[{"href":"https:\/\/www.europesays.com\/fr\/wp-json\/wp\/v2\/media?parent=651106"}],"wp:term":[{"taxonomy":"category","embeddable":true,"href":"https:\/\/www.europesays.com\/fr\/wp-json\/wp\/v2\/categories?post=651106"},{"taxonomy":"post_tag","embeddable":true,"href":"https:\/\/www.europesays.com\/fr\/wp-json\/wp\/v2\/tags?post=651106"}],"curies":[{"name":"wp","href":"https:\/\/api.w.org\/{rel}","templated":true}]}}