{"id":651111,"date":"2026-01-09T06:49:09","date_gmt":"2026-01-09T06:49:09","guid":{"rendered":"https:\/\/www.europesays.com\/fr\/651111\/"},"modified":"2026-01-09T06:49:09","modified_gmt":"2026-01-09T06:49:09","slug":"a-rennes-et-en-ille-et-vilaine-le-cout-de-la-cantine-dans-les-colleges-va-changer-pour-certaines-familles","status":"publish","type":"post","link":"https:\/\/www.europesays.com\/fr\/651111\/","title":{"rendered":"\u00c0 Rennes et en Ille-et-Vilaine, le co\u00fbt de la cantine dans les coll\u00e8ges va changer pour certaines familles"},"content":{"rendered":"<p>                    Par<br \/>\n        <strong><br \/>\n            <a href=\"https:\/\/actu.fr\/auteur\/laurene-fertin\" title=\"Consulter tous les articles de Laur\u00e8ne Fertin\" target=\"_blank\" rel=\"noopener\">Laur\u00e8ne Fertin<\/a><br \/>\n                    <\/strong><\/p>\n<p>        Publi\u00e9 le<\/p>\n<p>            9 janv. 2026 \u00e0 6h32        <\/p>\n<p>Une <strong>nouvelle tarification solidaire<\/strong> a \u00e9t\u00e9 approuv\u00e9e, jeudi 18\u00a0d\u00e9cembre 2025, par le D\u00e9partement d\u2019Ille-et-Vilaine. Celle-ci sera applicable <strong>d\u00e8s la rentr\u00e9e 2026<\/strong> et permettra \u00ab\u2009au plus grand nombre d\u2019\u00e9l\u00e8ves\u2009\u00bb de b\u00e9n\u00e9ficier \u00ab\u2009d\u2019un repas complet et de qualit\u00e9\u2009\u00bb.<\/p>\n<p>De 0,80 centime \u00e0 5,90\u00a0euros le repas<\/p>\n<p class=\" wall-content\">\u00ab\u2009Dor\u00e9navant, le D\u00e9partement d\u2019Ille-et-Vilaine<strong> d\u00e9terminera annuellement les tarifs de la restauration<\/strong> jusqu\u2019ici fix\u00e9s par chaque conseil d\u2019administration des coll\u00e8ges publics\u2009\u00bb, pr\u00e9cise-t-il.<\/p>\n<p class=\" wall-content\">Concr\u00e8tement, le tarif appliqu\u00e9 sera d\u00e9sormais calcul\u00e9 en fonction <strong>du quotient familial,<\/strong> d\u00e9termin\u00e9 par la Caisse d\u2019allocations familiales (CAF), afin de \u00ab\u2009prendre en compte le plus finement possible la situation \u00e9conomique\u2009\u00bb des familles.<\/p>\n<p class=\" wall-content\">Les repas iront <strong>de 0,80 centime \u00e0 5,90\u00a0euros.<\/strong><\/p>\n<p>Le bar\u00e8me<\/p>\n<p class=\" wall-content\">Voici la grille \u00e0 conna\u00eetre\u2009:<\/p>\n<ul class=\" wall-content\">\n<li><strong>tranche 1<\/strong>\u2009: pour un quotient familial situ\u00e9 <strong>entre 0 et 300<\/strong>, le tarif du repas appliqu\u00e9 sera de <strong>0,80 centime<\/strong>\u2009;<\/li>\n<li><strong>tranche 2<\/strong>\u2009: pour un quotient familial situ\u00e9 <strong>entre 301 et 400<\/strong>, le tarif du repas appliqu\u00e9 sera de <strong>1,10\u00a0euro<\/strong>\u2009;<\/li>\n<li><strong>tranche 3<\/strong>\u2009: pour un quotient familial situ\u00e9 <strong>entre 401 et 500<\/strong>, le tarif du repas appliqu\u00e9 sera de <strong>1,45\u00a0euro<\/strong>\u2009;<\/li>\n<li><strong>tranche 4<\/strong>\u2009: pour un quotient familial situ\u00e9 <strong>entre 501 et 600<\/strong>, le tarif du repas appliqu\u00e9 sera de <strong>1,90\u00a0euro<\/strong>\u2009;<\/li>\n<li><strong>tranche 5<\/strong>\u2009: pour un quotient familial situ\u00e9<strong> entre 601 et 750<\/strong>, le tarif du repas appliqu\u00e9 sera de <strong>2,40\u00a0euros<\/strong>\u2009;<\/li>\n<li><strong>tranche 6<\/strong>\u2009: pour un quotient familial situ\u00e9 <strong>entre 751 et 900<\/strong>, le tarif du repas appliqu\u00e9 sera de <strong>3\u00a0euros<\/strong>\u2009;<\/li>\n<li><strong>tranche 7<\/strong>\u2009: pour un quotient familial situ\u00e9 <strong>entre 901 et 1\u2009100<\/strong>, le tarif du repas appliqu\u00e9 sera de <strong>3,50\u00a0euros<\/strong>\u2009;<\/li>\n<li><strong>tranche 8<\/strong>\u2009: pour un quotient familial situ\u00e9 <strong>entre 1\u2009101 et 1\u2009350<\/strong>, le tarif du repas appliqu\u00e9 sera de <strong>4,10\u00a0euros<\/strong>\u2009;<\/li>\n<li><strong>tranche 9<\/strong>\u2009: pour un quotient familial situ\u00e9 <strong>entre 1 351et 1\u2009600<\/strong>, le tarif du repas appliqu\u00e9 sera de<strong> 4,60\u00a0euros<\/strong>\u2009;<\/li>\n<li><strong>tranche 10<\/strong>\u2009: pour un quotient familial situ\u00e9 <strong>entre 1\u2009601 et 2\u2009000<\/strong>, le tarif du repas appliqu\u00e9 sera de <strong>5,10\u00a0euros<\/strong>\u2009;<\/li>\n<li><strong>tranche 11<\/strong>\u2009: pour un quotient familial situ\u00e9 <strong>entre 2\u2009001 et 2\u2009500<\/strong>, le tarif du repas appliqu\u00e9 sera de <strong>5,65\u00a0euros<\/strong>\u2009;<\/li>\n<li><strong>tranche 12<\/strong>\u2009: pour un quotient familial situ\u00e9 \u00e0 <strong>plus de 2\u2009500<\/strong>, le tarif du repas appliqu\u00e9 sera de <strong>5,90\u00a0euros<\/strong>.<\/li>\n<\/ul>\n<p>Votre r\u00e9gion, votre actu !<\/p>\n<p>Recevez chaque jour les infos qui comptent pour vous.<\/p>\n<p>\t<a href=\"https:\/\/actu.fr\/newsletter\" class=\"ac-btn ac-btn--corner ac-btn--medium ac-btn--blue800\" target=\"_blank\" rel=\"noopener\">S&rsquo;incrire<\/a><\/p>\n<p class=\" wall-content\">Le D\u00e9partement ajoute que pour permettre \u00e0 tous les coll\u00e8ges de disposer des ressources n\u00e9cessaires \u00e0 la mise en place d\u2019une \u00ab\u2009alimentation de qualit\u00e9\u2009\u00bb, <strong>un m\u00e9canisme de compensation financi\u00e8re<\/strong> sera mis en place entre les \u00e9tablissements.<\/p>\n<p class=\" wall-content\">Le but\u2009: garantir un niveau de ressources \u00ab\u2009homog\u00e8ne\u2009\u00bb afin de couvrir le co\u00fbt des aliments et des charges induits au service de restauration.<\/p>\n<p class=\" wall-content\">Personnalisez votre actualit\u00e9 en ajoutant vos villes et m\u00e9dias en favori avec <a href=\"https:\/\/moncompte.actu.fr\" title=\"D\u00e9couvez Mon Actu\" rel=\"nofollow noopener\" data-trk=\"{&quot;cta&quot;:{&quot;action&quot;:&quot;https:\\\/\\\/moncompte.actu.fr&quot;,&quot;category&quot;:&quot;mon compte&quot;,&quot;from&quot;:&quot;article footer&quot;,&quot;name&quot;:&quot;Mon actu&quot;,&quot;type&quot;:&quot;cta&quot;}}\" target=\"_blank\">Mon Actu<\/a>.<\/p>\n","protected":false},"excerpt":{"rendered":"Par Laur\u00e8ne Fertin Publi\u00e9 le 9 janv. 2026 \u00e0 6h32 Une nouvelle tarification solidaire a \u00e9t\u00e9 approuv\u00e9e, jeudi&hellip;\n","protected":false},"author":2,"featured_media":651112,"comment_status":"","ping_status":"","sticky":false,"template":"","format":"standard","meta":{"footnotes":""},"categories":[2821],"tags":[1111,11,829,1777,674,1011,27,12,584,25,104],"class_list":{"0":"post-651111","1":"post","2":"type-post","3":"status-publish","4":"format-standard","5":"has-post-thumbnail","7":"category-rennes","8":"tag-actu","9":"tag-actualites","10":"tag-bretagne","11":"tag-eu","12":"tag-europe","13":"tag-fr","14":"tag-france","15":"tag-news","16":"tag-rennes","17":"tag-republique-francaise","18":"tag-societe"},"share_on_mastodon":{"url":"https:\/\/pubeurope.com\/@fr\/115863811738670682","error":""},"_links":{"self":[{"href":"https:\/\/www.europesays.com\/fr\/wp-json\/wp\/v2\/posts\/651111","targetHints":{"allow":["GET"]}}],"collection":[{"href":"https:\/\/www.europesays.com\/fr\/wp-json\/wp\/v2\/posts"}],"about":[{"href":"https:\/\/www.europesays.com\/fr\/wp-json\/wp\/v2\/types\/post"}],"author":[{"embeddable":true,"href":"https:\/\/www.europesays.com\/fr\/wp-json\/wp\/v2\/users\/2"}],"replies":[{"embeddable":true,"href":"https:\/\/www.europesays.com\/fr\/wp-json\/wp\/v2\/comments?post=651111"}],"version-history":[{"count":0,"href":"https:\/\/www.europesays.com\/fr\/wp-json\/wp\/v2\/posts\/651111\/revisions"}],"wp:featuredmedia":[{"embeddable":true,"href":"https:\/\/www.europesays.com\/fr\/wp-json\/wp\/v2\/media\/651112"}],"wp:attachment":[{"href":"https:\/\/www.europesays.com\/fr\/wp-json\/wp\/v2\/media?parent=651111"}],"wp:term":[{"taxonomy":"category","embeddable":true,"href":"https:\/\/www.europesays.com\/fr\/wp-json\/wp\/v2\/categories?post=651111"},{"taxonomy":"post_tag","embeddable":true,"href":"https:\/\/www.europesays.com\/fr\/wp-json\/wp\/v2\/tags?post=651111"}],"curies":[{"name":"wp","href":"https:\/\/api.w.org\/{rel}","templated":true}]}}