{"id":651118,"date":"2026-01-09T06:53:09","date_gmt":"2026-01-09T06:53:09","guid":{"rendered":"https:\/\/www.europesays.com\/fr\/651118\/"},"modified":"2026-01-09T06:53:09","modified_gmt":"2026-01-09T06:53:09","slug":"nice-voici-les-10-prenoms-de-garcon-les-plus-donnes-en-2025-gabriel-detrone","status":"publish","type":"post","link":"https:\/\/www.europesays.com\/fr\/651118\/","title":{"rendered":"Nice. Voici les 10 pr\u00e9noms de gar\u00e7on les plus donn\u00e9s en 2025 : Gabriel d\u00e9tr\u00f4n\u00e9"},"content":{"rendered":"<p>                    Par<br \/>\n        <strong><br \/>\n            <a href=\"https:\/\/actu.fr\/auteur\/arthur-frand\" title=\"Consulter tous les articles de Arthur Frand\" target=\"_blank\" rel=\"noopener\">Arthur Frand<\/a><br \/>\n                    <\/strong><\/p>\n<p>        Publi\u00e9 le<\/p>\n<p>            9 janv. 2026 \u00e0 6h32        <\/p>\n<p>L\u2019ann\u00e9e 2025 achev\u00e9e, les premi\u00e8res naissances de 2026 ont d\u00e9j\u00e0<strong> eu lieu<\/strong> \u00e0 <a href=\"https:\/\/actu.fr\/nice\/\" target=\"_blank\" rel=\"noopener\">Nice<\/a> dans les <a href=\"https:\/\/actu.fr\/provence-alpes-cote-d-azur\/alpes-maritimes_06\" target=\"_blank\" rel=\"noopener\">Alpes-Maritimes<\/a>. Dans la capitale azur\u00e9enne, le premier b\u00e9b\u00e9 de la nouvelle ann\u00e9e est une fille et se pr\u00e9nomme Romane. Cette derni\u00e8re a vu le jour au Chu de Nice dans la nuit du 31\u00a0d\u00e9cembre au 1er\u00a0janvier.<\/p>\n<p class=\" wall-content\">En 2025, <strong>plus de 6000 naissances<\/strong> ont eu lieu dans la capitale azur\u00e9enne. <a href=\"https:\/\/actu.fr\/nice\/\" target=\"_blank\" rel=\"noopener\">actu Nice<\/a> vous d\u00e9voile le Top\u00a010 des pr\u00e9noms de gar\u00e7on les plus donn\u00e9s.<\/p>\n<p>L\u00e9o en t\u00eate \u00e0 Nice<\/p>\n<p class=\" wall-content\">Pour les parents, le choix du pr\u00e9nom est simple et limpide. Mais s\u2019arr\u00eater sur un nom peut aussi \u00eatre un v\u00e9ritable casse-t\u00eate. Comme chaque ann\u00e9e, des pr\u00e9noms restent tr\u00e8s appr\u00e9ci\u00e9s et particuli\u00e8rement en vogue \u00e0 Nice. Chez les gar\u00e7ons, Gabriel \u00e9tait leader incontest\u00e9 \u00e0 Nice en 2024. Mais il a \u00e9t\u00e9 <strong>d\u00e9tr\u00f4n\u00e9<\/strong> par L\u00e9o (4e en 2024) en 2025.<\/p>\n<p class=\" wall-content\">Noah et Louis, sur le podium en 2024, sont d\u00e9pass\u00e9s par un pr\u00e9nom plus \u00ab\u2009ancien\u2009\u00bb, mais de retour \u00e0 la mode, <strong>L\u00e9on <\/strong>(3e).<\/p>\n<p>Le Top\u00a010 des pr\u00e9noms de gar\u00e7on<\/p>\n<ul class=\" wall-content\">\n<li>1- L\u00e9o<\/li>\n<li>2- Gabriel<\/li>\n<li>3- L\u00e9on<\/li>\n<li>4- Louis<\/li>\n<li>5- Noah<\/li>\n<li>6- Andr\u00e9a<\/li>\n<li>7- Rapha\u00ebl<\/li>\n<li>8- Jules<\/li>\n<li>9- Ma\u00ebl<\/li>\n<li>10- Zayn<\/li>\n<\/ul>\n<p class=\" wall-content\">\u00c0 Nice en 2025, 6021 naissances ont \u00e9t\u00e9 enregistr\u00e9es par la ville, 3465 au Chu de Nice, soit une centaine de plus qu\u2019en 2024. 532 reconnaissances ont \u00e9t\u00e9 effectu\u00e9es.<\/p>\n<p class=\" wall-content\">Personnalisez votre actualit\u00e9 en ajoutant vos villes et m\u00e9dias en favori avec <a href=\"https:\/\/moncompte.actu.fr\" title=\"D\u00e9couvez Mon Actu\" rel=\"nofollow noopener\" data-trk=\"{&quot;cta&quot;:{&quot;action&quot;:&quot;https:\\\/\\\/moncompte.actu.fr&quot;,&quot;category&quot;:&quot;mon compte&quot;,&quot;from&quot;:&quot;article footer&quot;,&quot;name&quot;:&quot;Mon actu&quot;,&quot;type&quot;:&quot;cta&quot;}}\" target=\"_blank\">Mon Actu<\/a>.<\/p>\n","protected":false},"excerpt":{"rendered":"Par Arthur Frand Publi\u00e9 le 9 janv. 2026 \u00e0 6h32 L\u2019ann\u00e9e 2025 achev\u00e9e, les premi\u00e8res naissances de 2026&hellip;\n","protected":false},"author":2,"featured_media":651119,"comment_status":"","ping_status":"","sticky":false,"template":"","format":"standard","meta":{"footnotes":""},"categories":[2819],"tags":[1111,11,1719,1777,674,1011,27,15761,12,2401,882,25,104],"class_list":{"0":"post-651118","1":"post","2":"type-post","3":"status-publish","4":"format-standard","5":"has-post-thumbnail","7":"category-nice","8":"tag-actu","9":"tag-actualites","10":"tag-enfants","11":"tag-eu","12":"tag-europe","13":"tag-fr","14":"tag-france","15":"tag-maternite","16":"tag-news","17":"tag-nice","18":"tag-provence-alpes-cote-dazur","19":"tag-republique-francaise","20":"tag-societe"},"share_on_mastodon":{"url":"https:\/\/pubeurope.com\/@fr\/115863827457766338","error":""},"_links":{"self":[{"href":"https:\/\/www.europesays.com\/fr\/wp-json\/wp\/v2\/posts\/651118","targetHints":{"allow":["GET"]}}],"collection":[{"href":"https:\/\/www.europesays.com\/fr\/wp-json\/wp\/v2\/posts"}],"about":[{"href":"https:\/\/www.europesays.com\/fr\/wp-json\/wp\/v2\/types\/post"}],"author":[{"embeddable":true,"href":"https:\/\/www.europesays.com\/fr\/wp-json\/wp\/v2\/users\/2"}],"replies":[{"embeddable":true,"href":"https:\/\/www.europesays.com\/fr\/wp-json\/wp\/v2\/comments?post=651118"}],"version-history":[{"count":0,"href":"https:\/\/www.europesays.com\/fr\/wp-json\/wp\/v2\/posts\/651118\/revisions"}],"wp:featuredmedia":[{"embeddable":true,"href":"https:\/\/www.europesays.com\/fr\/wp-json\/wp\/v2\/media\/651119"}],"wp:attachment":[{"href":"https:\/\/www.europesays.com\/fr\/wp-json\/wp\/v2\/media?parent=651118"}],"wp:term":[{"taxonomy":"category","embeddable":true,"href":"https:\/\/www.europesays.com\/fr\/wp-json\/wp\/v2\/categories?post=651118"},{"taxonomy":"post_tag","embeddable":true,"href":"https:\/\/www.europesays.com\/fr\/wp-json\/wp\/v2\/tags?post=651118"}],"curies":[{"name":"wp","href":"https:\/\/api.w.org\/{rel}","templated":true}]}}