{"id":651140,"date":"2026-01-09T07:07:13","date_gmt":"2026-01-09T07:07:13","guid":{"rendered":"https:\/\/www.europesays.com\/fr\/651140\/"},"modified":"2026-01-09T07:07:13","modified_gmt":"2026-01-09T07:07:13","slug":"lyon-voitures-motos-velos-la-ville-a-investi-17-me-dans-de-nouveaux-vehicules-pour-ses-policiers","status":"publish","type":"post","link":"https:\/\/www.europesays.com\/fr\/651140\/","title":{"rendered":"Lyon. Voitures, motos, v\u00e9los\u2026 la Ville a investi 1,7\u00a0M\u20ac dans de nouveaux v\u00e9hicules pour ses policiers"},"content":{"rendered":"<p>Sous la pluie, la flotte. Ce jeudi 8\u00a0janvier, le maire \u00e9cologiste <a href=\"https:\/\/www.leprogres.fr\/p\/gregory-doucet\" target=\"_blank\" rel=\"noopener\">Gr\u00e9gory Doucet<\/a> et son adjoint \u00e0 la S\u00e9curit\u00e9, Mohamed Chihi, ont visit\u00e9 le poste de police de la rue Claude-Boyer (Lyon 7 e ). L\u2019occasion d\u2019\u00e9changer avec les agents, en pr\u00e9sence de la maire de secteur Fanny Dubot (Les \u00c9cologistes), et de faire un point chiffr\u00e9 sur le renouvellement des v\u00e9hicules de la police municipale.<\/p>\n<p>Depuis le d\u00e9but du mandat, la Ville de Lyon en a achet\u00e9 129 &#8211; dix de plus sont en commande &#8211; pour \u00ab\u00a0mieux r\u00e9pondre aux besoins&#8230;<\/p>\n","protected":false},"excerpt":{"rendered":"Sous la pluie, la flotte. Ce jeudi 8\u00a0janvier, le maire \u00e9cologiste Gr\u00e9gory Doucet et son adjoint \u00e0 la&hellip;\n","protected":false},"author":2,"featured_media":651141,"comment_status":"","ping_status":"","sticky":false,"template":"","format":"standard","meta":{"footnotes":""},"categories":[1889],"tags":[1111,11,2430,2757,1777,674,274,107,1011,27,2428,2756,12,25,2429],"class_list":{"0":"post-651140","1":"post","2":"type-post","3":"status-publish","4":"format-standard","5":"has-post-thumbnail","7":"category-lyon","8":"tag-actu","9":"tag-actualites","10":"tag-auvergne-rhone-alpes","11":"tag-edition-lyon-villeurbanne","12":"tag-eu","13":"tag-europe","14":"tag-faits-divers-justice","15":"tag-fil-info","16":"tag-fr","17":"tag-france","18":"tag-lyon","19":"tag-lyon-bassin","20":"tag-news","21":"tag-republique-francaise","22":"tag-rhone"},"share_on_mastodon":{"url":"https:\/\/pubeurope.com\/@fr\/115863882453153213","error":""},"_links":{"self":[{"href":"https:\/\/www.europesays.com\/fr\/wp-json\/wp\/v2\/posts\/651140","targetHints":{"allow":["GET"]}}],"collection":[{"href":"https:\/\/www.europesays.com\/fr\/wp-json\/wp\/v2\/posts"}],"about":[{"href":"https:\/\/www.europesays.com\/fr\/wp-json\/wp\/v2\/types\/post"}],"author":[{"embeddable":true,"href":"https:\/\/www.europesays.com\/fr\/wp-json\/wp\/v2\/users\/2"}],"replies":[{"embeddable":true,"href":"https:\/\/www.europesays.com\/fr\/wp-json\/wp\/v2\/comments?post=651140"}],"version-history":[{"count":0,"href":"https:\/\/www.europesays.com\/fr\/wp-json\/wp\/v2\/posts\/651140\/revisions"}],"wp:featuredmedia":[{"embeddable":true,"href":"https:\/\/www.europesays.com\/fr\/wp-json\/wp\/v2\/media\/651141"}],"wp:attachment":[{"href":"https:\/\/www.europesays.com\/fr\/wp-json\/wp\/v2\/media?parent=651140"}],"wp:term":[{"taxonomy":"category","embeddable":true,"href":"https:\/\/www.europesays.com\/fr\/wp-json\/wp\/v2\/categories?post=651140"},{"taxonomy":"post_tag","embeddable":true,"href":"https:\/\/www.europesays.com\/fr\/wp-json\/wp\/v2\/tags?post=651140"}],"curies":[{"name":"wp","href":"https:\/\/api.w.org\/{rel}","templated":true}]}}