{"id":651153,"date":"2026-01-09T07:15:19","date_gmt":"2026-01-09T07:15:19","guid":{"rendered":"https:\/\/www.europesays.com\/fr\/651153\/"},"modified":"2026-01-09T07:15:19","modified_gmt":"2026-01-09T07:15:19","slug":"5-000-soldats-francais-commandement-au-mont-valerien-la-force-multinationale-en-ukraine-presentee-par-macron-aux-chefs-de-partis","status":"publish","type":"post","link":"https:\/\/www.europesays.com\/fr\/651153\/","title":{"rendered":"5\u00a0000 soldats fran\u00e7ais, commandement au Mont-Val\u00e9rien\u00a0: la force multinationale en Ukraine pr\u00e9sent\u00e9e par Macron aux chefs de partis"},"content":{"rendered":"<p class=\"paragraph text_align_left lp-f-body-02\"><a href=\"https:\/\/www.leparisien.fr\/politique\/emmanuel-macron\/\" target=\"_blank\" rel=\"noreferrer noopener\">Emmanuel Macron<\/a> a pr\u00e9sent\u00e9 jeudi aux principaux responsables politiques le projet de d\u00e9ploiement de plusieurs milliers de soldats fran\u00e7ais en <a href=\"https:\/\/www.leparisien.fr\/international\/ukraine\/\" target=\"_blank\" rel=\"noreferrer noopener\">Ukraine<\/a>, une fois un accord de paix conclu, suscitant des r\u00e9actions tr\u00e8s r\u00e9serv\u00e9es sur la \u00ab confiance \u00bb \u00e0 accorder \u00e0 <a href=\"https:\/\/www.leparisien.fr\/international\/etats-unis\/donald-trump\/\" target=\"_blank\" rel=\"noreferrer noopener\">Donald Trump<\/a> en mati\u00e8re de soutien militaire \u00e0 ces troupes. \u00ab Il ne faudrait avoir aucune na\u00efvet\u00e9 dans les paroles de Trump qui a une versatilit\u00e9 qui est quand m\u00eame assez record \u00bb, a lanc\u00e9 la cheffe des \u00c9cologistes Marine Tondelier \u00e0 la sortie de la r\u00e9union.<\/p>\n<p class=\"title-embed-dailymotion lp-color-text lp-f-subtitle-04\">Vid\u00e9oVolodymyr Zelensky annonce que l&rsquo;accord de paix \u00ab est pr\u00eat \u00e0 90% \u00bb<\/p>\n<p class=\"\">Emmanuel Macron s\u2019est f\u00e9licit\u00e9 mardi du \u00ab soutien \u00bb apport\u00e9 par les Am\u00e9ricains aux garanties de s\u00e9curit\u00e9 que les Europ\u00e9ens vont offrir \u00e0 l\u2019Ukraine, notamment l\u2019envoi de forces aux sol pour dissuader toute nouvelle attaque russe, une fois un cessez-le-feu en vigueur, une perspective encore lointaine. \u00ab Permettez-nous de douter de la sinc\u00e9rit\u00e9 de ces avanc\u00e9es et de leur stabilit\u00e9 dans le temps \u00bb, a insist\u00e9 Marine Tondelier, tout en disant \u00ab oui \u00bb \u00e0 des garanties de s\u00e9curit\u00e9.<\/p>\n<p class=\"\">La France insoumise n\u2019est \u00ab pas d\u2019accord que des soldats fran\u00e7ais puissent \u00eatre d\u00e9ploy\u00e9s dans ces conditions \u00bb et r\u00e9clamera un \u00ab mandat de l\u2019Onu \u00bb lorsque la question se posera, a indiqu\u00e9 pour sa part la cheffe de file des d\u00e9put\u00e9s LFI Mathilde Panot. Elle a \u00e9voqu\u00e9 l\u2019envoi de \u00ab deux brigades \u00bb sur des contingents fran\u00e7ais et britannique, soit \u00ab un peu moins de 10. 000 soldats \u00bb, dont \u00ab 6 000 soldats fran\u00e7ais qui pourraient \u00eatre d\u00e9ploy\u00e9s, ce qui est \u00e9videmment \u00e9norme \u00bb.<\/p>\n<p>\u00ab Aucune raison de faire confiance \u00e0 Trump \u00bb<\/p>\n<p class=\"\">Il y aurait \u00ab deux brigades au total soit environ 10 000 hommes. La moiti\u00e9 pourrait \u00eatre fran\u00e7aise \u00bb, a abond\u00e9 un autre participant. \u00ab C\u2019est cet ordre de grandeur \u00bb, a juste dit Cyrielle Chatelain chez les Verts o\u00f9 l\u2019on invoque la confidentialit\u00e9 demand\u00e9e par l\u2019\u00c9lys\u00e9e sur certaines informations.<\/p>\n<p class=\"\">\u00ab Il n\u2019y a aucune raison de faire confiance \u00e0 Donald Trump, et ce d\u2019autant plus qu\u2019il menace de nombreux pays en Am\u00e9rique latine \u00bb et vient \u00ab d\u2019agresser le Venezuela \u00bb, a ajout\u00e9 Mathilde Panot, en reprochant \u00e0 Emmanuel Macron d\u2019avoir mis \u00ab autant de temps \u00e0 r\u00e9agir sans aucune condamnation des violations du droit international \u00bb.<\/p>\n<p class=\"\">\u00ab Nous ne faisons confiance ni au Pr\u00e9sident Poutine, ni au pr\u00e9sident Trump \u00bb, a abond\u00e9 dans un communiqu\u00e9 le Parti communiste de Fabien Roussel, voyant dans l\u2019envoi d\u2019un contingent fran\u00e7ais \u00ab une marche de plus vers l\u2019escalade guerri\u00e8re, vers l\u2019\u00e9largissement du conflit \u00e0 l\u2019ensemble des pays europ\u00e9ens \u00bb.<\/p>\n<p class=\"\">Emmanuel Macron est all\u00e9 \u00ab dans le d\u00e9tail \u00bb sur la future force multinationale, son \u00ab commandement \u00bb qui est d\u00e9j\u00e0 install\u00e9 au Mont-Val\u00e9rien pr\u00e8s de Paris et a donn\u00e9 des \u00ab tableaux tr\u00e8s pr\u00e9cis avec quels types de mat\u00e9riels \u00bb \u00e0 d\u00e9ployer, a pr\u00e9cis\u00e9 le pr\u00e9sident de la Commission des Affaires \u00e9trang\u00e8res et de la D\u00e9fense du S\u00e9nat, C\u00e9dric Perrin (LR), \u00e0 l\u2019AFP.<\/p>\n<p>\u00ab Une cible \u00bb : les menaces de la Russie<\/p>\n<p class=\"\">Le pr\u00e9sident et le Premier ministre S\u00e9bastien Lecornu ont convenu de la \u00ab n\u00e9cessit\u00e9 d\u2019associer le Parlement aux discussions \u00bb et un d\u00e9bat aura lieu \u00ab dans les 15 jours \u00e0 trois semaines \u00bb selon l\u2019article 50-1 de la Constitution, avec ou sans vote, a-t-il ajout\u00e9.<\/p>\n<p class=\"\">Les pr\u00e9sidents du S\u00e9nat G\u00e9rard Larcher et de l\u2019Assembl\u00e9e nationale Ya\u00ebl Braun-Pivet, les responsables des partis repr\u00e9sent\u00e9s dans les deux chambres et les chefs des groupes parlementaires ont assist\u00e9 \u00e0 la r\u00e9union, de m\u00eame que les pr\u00e9sidents des commissions de la D\u00e9fense et des Affaires \u00e9trang\u00e8res des deux chambres.<\/p>\n<p class=\"title-embed-dailymotion lp-color-text lp-f-subtitle-04\">Vid\u00e9oLes \u00c9tats-Unis \u00ab s&rsquo;affranchissent des r\u00e8gles internationales\u00a0\u00bb, juge Macron<\/p>\n<p class=\"\">La plupart, dont les deux dirigeants du RN Jordan Bardella et Marine Le Pen, ainsi que Bruno Retailleau pour Les R\u00e9publicains ou Gabriel Attal pour Renaissance, sont ressortis sans dire un mot. Edouard Philippe (Horizons), bloqu\u00e9 au Havre par l\u2019alerte rouge Temp\u00eate, s\u2019\u00e9tait fait repr\u00e9senter.<\/p>\n<p class=\"\">Cette r\u00e9union \u00e0 huis clos a eu lieu deux jours apr\u00e8s le sommet de la \u00ab coalition des volontaires \u00bb organis\u00e9 mardi \u00e0 Paris, o\u00f9 ces pays alli\u00e9s de Kiev, essentiellement europ\u00e9ens, se sont engag\u00e9s \u00e0 d\u00e9ployer une force multinationale en Ukraine apr\u00e8s un \u00e9ventuel accord avec Moscou.<\/p>\n<p class=\"\">Des \u00e9missaires de Donald Trump ont, eux, promis un \u00ab soutien \u00bb des \u00c9tats-Unis \u00e0 cette force, tandis que Washington serait \u00e0 la t\u00eate d\u2019un m\u00e9canisme de surveillance d\u2019un cessez-le-feu, encore tr\u00e8s hypoth\u00e9tique. La Russie a d\u00e9nonc\u00e9 de son c\u00f4t\u00e9 ce projet de force multinationale, avertissant que toute pr\u00e9sence militaire occidentale dans ce pays serait consid\u00e9r\u00e9e par Moscou comme une \u00ab cible l\u00e9gitime \u00bb.<\/p>\n<p class=\"\">Emmanuel Macron a \u00e9t\u00e9 \u00ab tr\u00e8s clair \u00bb devant les chefs de partis que les Ukrainiens \u00ab seraient en premi\u00e8re ligne \u00bb et que la force internationale les accompagnerait \u00ab loin du front \u00bb, a pr\u00e9cis\u00e9 C\u00e9dric Perrin.<\/p>\n","protected":false},"excerpt":{"rendered":"Emmanuel Macron a pr\u00e9sent\u00e9 jeudi aux principaux responsables politiques le projet de d\u00e9ploiement de plusieurs milliers de soldats&hellip;\n","protected":false},"author":2,"featured_media":651154,"comment_status":"","ping_status":"","sticky":false,"template":"","format":"standard","meta":{"footnotes":""},"categories":[1590],"tags":[11,1777,674,14,12,316,220],"class_list":{"0":"post-651153","1":"post","2":"type-post","3":"status-publish","4":"format-standard","5":"has-post-thumbnail","7":"category-ukraine","8":"tag-actualites","9":"tag-eu","10":"tag-europe","11":"tag-international","12":"tag-news","13":"tag-politique","14":"tag-ukraine"},"share_on_mastodon":{"url":"https:\/\/pubeurope.com\/@fr\/115863914001964102","error":""},"_links":{"self":[{"href":"https:\/\/www.europesays.com\/fr\/wp-json\/wp\/v2\/posts\/651153","targetHints":{"allow":["GET"]}}],"collection":[{"href":"https:\/\/www.europesays.com\/fr\/wp-json\/wp\/v2\/posts"}],"about":[{"href":"https:\/\/www.europesays.com\/fr\/wp-json\/wp\/v2\/types\/post"}],"author":[{"embeddable":true,"href":"https:\/\/www.europesays.com\/fr\/wp-json\/wp\/v2\/users\/2"}],"replies":[{"embeddable":true,"href":"https:\/\/www.europesays.com\/fr\/wp-json\/wp\/v2\/comments?post=651153"}],"version-history":[{"count":0,"href":"https:\/\/www.europesays.com\/fr\/wp-json\/wp\/v2\/posts\/651153\/revisions"}],"wp:featuredmedia":[{"embeddable":true,"href":"https:\/\/www.europesays.com\/fr\/wp-json\/wp\/v2\/media\/651154"}],"wp:attachment":[{"href":"https:\/\/www.europesays.com\/fr\/wp-json\/wp\/v2\/media?parent=651153"}],"wp:term":[{"taxonomy":"category","embeddable":true,"href":"https:\/\/www.europesays.com\/fr\/wp-json\/wp\/v2\/categories?post=651153"},{"taxonomy":"post_tag","embeddable":true,"href":"https:\/\/www.europesays.com\/fr\/wp-json\/wp\/v2\/tags?post=651153"}],"curies":[{"name":"wp","href":"https:\/\/api.w.org\/{rel}","templated":true}]}}