{"id":651155,"date":"2026-01-09T07:16:11","date_gmt":"2026-01-09T07:16:11","guid":{"rendered":"https:\/\/www.europesays.com\/fr\/651155\/"},"modified":"2026-01-09T07:16:11","modified_gmt":"2026-01-09T07:16:11","slug":"etats-unis-apres-la-fusillade-du-minnesota-deux-autres-personnes-blessees-par-balle-par-les-agents-de-la-police-de-limmigration","status":"publish","type":"post","link":"https:\/\/www.europesays.com\/fr\/651155\/","title":{"rendered":"\u00c9tats-Unis\u00a0: Apr\u00e8s la fusillade du Minnesota, deux autres personnes bless\u00e9es par balle par les agents de la police de l\u2019immigration"},"content":{"rendered":"<p>\n                                                                Une nouvelle fusillade a eu lieu \u00e0 Portland blessant deux personnes.\n                            <\/p>\n<p>Un agent f\u00e9d\u00e9ral des services am\u00e9ricains de l\u2019immigration a bless\u00e9 par balle deux personnes jeudi \u00e0 Portland, dans l\u2019\u00c9tat de l\u2019Oregon, ont d\u00e9clar\u00e9 les autorit\u00e9s, un incident \u2060\u00e0 m\u00eame d\u2019alimenter les tensions aux \u00c9tats-Unis \u00e0 propos des raids anti-immigration apr\u00e8s la fusillade mortelle dans le Minnesota ayant co\u00fbt\u00e9 la vie d\u2019une m\u00e8re de famille de 37 ans mercredi 7\u00a0janvier.<\/p>\n<p>Le chef de la police de Portland a appel\u00e9 \u200dla population au calme, disant \u00ab\u00a0comprendre l\u2019\u00e9motion et les tensions accrues que vous \u00eates nombreux \u00e0 ressentir dans la foul\u00e9e de la fusillade \u00e0 Minneapolis\u00a0\u00bb, lors de laquelle un \u200bagent du service f\u00e9d\u00e9ral de l\u2019immigration et des douanes (ICE) a mortellement touch\u00e9 une femme qui se trouvait \u00e0 bord de son v\u00e9hicule. \u00ab\u00a0Nous travaillons pour en savoir davantage\u00a0\u00bb, a ajout\u00e9 Bob Day dans un communiqu\u00e9.<\/p>\n<p>La fusillade est survenue dans \u200dl\u2019apr\u00e8s-midi alors qu\u2019une \u00e9quipe de l\u2019ICE \u2060proc\u00e9dait \u00e0 l\u2019arr\u00eat d\u2019un v\u00e9hicule \u2060sp\u00e9cifique transportant deux personnes, a dit pour sa part le d\u00e9partement f\u00e9d\u00e9ral de la S\u00e9curit\u00e9 int\u00e9rieure, d\u00e9crivant le conducteur du v\u00e9hicule comme un membre pr\u00e9sum\u00e9 d\u2019un gang v\u00e9n\u00e9zu\u00e9lien. Cet homme a tent\u00e9 d\u2019utiliser son v\u00e9hicule \u00ab\u00a0comme une arme\u00a0\u00bb afin d\u2019\u00e9craser les agents f\u00e9d\u00e9raux, a ajout\u00e9 le \u200dd\u00e9partement dans un communiqu\u00e9. \u200dEn r\u00e9ponse, \u00ab\u00a0un agent a effectu\u00e9 un \u200btir d\u00e9fensif\u00a0\u00bb alors que le v\u00e9hicule s\u2019\u00e9loignait.<\/p>\n<p>La \u200cpolice de Portland a d\u00e9clar\u00e9 que la fusillade s\u2019est produite \u00e0 proximit\u00e9 d\u2019une clinique m\u00e9dicale situ\u00e9e dans l\u2019est de \u200dla ville. Six minutes apr\u00e8s son arriv\u00e9e sur les lieux et avoir constat\u00e9 que des agents f\u00e9d\u00e9raux \u00e9taient impliqu\u00e9s, elle a \u00e9t\u00e9 inform\u00e9e que deux personnes bless\u00e9es par balle \u2013 un homme et une femme \u2013 avaient appel\u00e9 \u00e0 l\u2019aide \u00e0 environ trois kilom\u00e8tres de l\u00e0.<\/p>\n<p>Ces deux personnes ont \u00e9t\u00e9 transport\u00e9es \u00e0 l\u2019h\u00f4pital apr\u00e8s avoir re\u00e7u des soins sur place, a ajout\u00e9 la police, \u2060sans communiquer \u200cd\u2019informations sur leur \u00e9tat de sant\u00e9.<\/p>\n","protected":false},"excerpt":{"rendered":"Une nouvelle fusillade a eu lieu \u00e0 Portland blessant deux personnes. Un agent f\u00e9d\u00e9ral des services am\u00e9ricains de&hellip;\n","protected":false},"author":2,"featured_media":651156,"comment_status":"","ping_status":"","sticky":false,"template":"","format":"standard","meta":{"footnotes":""},"categories":[1589],"tags":[1111,11,73,1866,14,12,1864,1865,1863,308],"class_list":{"0":"post-651155","1":"post","2":"type-post","3":"status-publish","4":"format-standard","5":"has-post-thumbnail","7":"category-etats-unis","8":"tag-actu","9":"tag-actualites","10":"tag-etats-unis","11":"tag-etats-unis-damerique","12":"tag-international","13":"tag-news","14":"tag-united-states","15":"tag-united-states-of-america","16":"tag-us","17":"tag-usa"},"share_on_mastodon":{"url":"https:\/\/pubeurope.com\/@fr\/115863918268339975","error":""},"_links":{"self":[{"href":"https:\/\/www.europesays.com\/fr\/wp-json\/wp\/v2\/posts\/651155","targetHints":{"allow":["GET"]}}],"collection":[{"href":"https:\/\/www.europesays.com\/fr\/wp-json\/wp\/v2\/posts"}],"about":[{"href":"https:\/\/www.europesays.com\/fr\/wp-json\/wp\/v2\/types\/post"}],"author":[{"embeddable":true,"href":"https:\/\/www.europesays.com\/fr\/wp-json\/wp\/v2\/users\/2"}],"replies":[{"embeddable":true,"href":"https:\/\/www.europesays.com\/fr\/wp-json\/wp\/v2\/comments?post=651155"}],"version-history":[{"count":0,"href":"https:\/\/www.europesays.com\/fr\/wp-json\/wp\/v2\/posts\/651155\/revisions"}],"wp:featuredmedia":[{"embeddable":true,"href":"https:\/\/www.europesays.com\/fr\/wp-json\/wp\/v2\/media\/651156"}],"wp:attachment":[{"href":"https:\/\/www.europesays.com\/fr\/wp-json\/wp\/v2\/media?parent=651155"}],"wp:term":[{"taxonomy":"category","embeddable":true,"href":"https:\/\/www.europesays.com\/fr\/wp-json\/wp\/v2\/categories?post=651155"},{"taxonomy":"post_tag","embeddable":true,"href":"https:\/\/www.europesays.com\/fr\/wp-json\/wp\/v2\/tags?post=651155"}],"curies":[{"name":"wp","href":"https:\/\/api.w.org\/{rel}","templated":true}]}}