{"id":651157,"date":"2026-01-09T07:17:27","date_gmt":"2026-01-09T07:17:27","guid":{"rendered":"https:\/\/www.europesays.com\/fr\/651157\/"},"modified":"2026-01-09T07:17:27","modified_gmt":"2026-01-09T07:17:27","slug":"je-suis-extremement-fiere-la-reine-camilla-prend-la-parole-a-loccasion-dun-anniversaire-particulier","status":"publish","type":"post","link":"https:\/\/www.europesays.com\/fr\/651157\/","title":{"rendered":"\u00ab\u00a0Je suis extr\u00eamement fi\u00e8re\u00a0\u00bb, la reine Camilla prend la parole \u00e0 l&rsquo;occasion d&rsquo;un anniversaire particulier"},"content":{"rendered":"<p>Faites dix-mille pas par jour, mangez cinq fruits et l\u00e9gumes et&#8230; lisez au moins cinq minutes ! Voil\u00e0 ce que la reine <a target=\"_blank\" href=\"https:\/\/www.pointdevue.fr\/grand-angle\/biographies\/reine-camilla\" rel=\"noopener\">Camilla<\/a> pourrait conseiller si elle \u00e9tait amen\u00e9e \u00e0 donner son avis sur les recommandations sant\u00e9 du quotidien. Make room for reading (Prenez le temps de lire) est le nouveau mantra de la Queen&rsquo;s reading room en cette ann\u00e9e 2026 <strong>qui marque les cinq ans de <\/strong><a target=\"_blank\" href=\"https:\/\/www.pointdevue.fr\/royal\/royaume-uni\/austen-espace-et-trahison-les-trois-recommandations-lectures-de-la-reine-camilla\" rel=\"noopener\"><strong>l&rsquo;association caritative d\u00e9di\u00e9e \u00e0 la litt\u00e9rature<\/strong><\/a>, fond\u00e9e par la reine consort.\u00a0<\/p>\n<p><img decoding=\"async\" src=\"https:\/\/www.europesays.com\/fr\/wp-content\/uploads\/2026\/01\/ABACA_BRPAPhotos20230202_152JPA4ckPiZO.jpg\" alt=\"La reine Camilla visite Book Aid international \u00e0 Londres, le 2 f\u00e9vrier 2023.\"\/><strong>La reine Camilla visite Book Aid international \u00e0 Londres, le 2 f\u00e9vrier 2023.<\/strong> \u00a9 Eddie Mulholland\/Daily Telegraph\/PA Wire<\/p>\n<p>Lectrice insatiable depuis son enfance, l&rsquo;\u00e9pouse de <a target=\"_blank\" href=\"https:\/\/www.pointdevue.fr\/grand-angle\/biographies\/charles-iii\" rel=\"noopener\">Charles III<\/a> a fond\u00e9 ce qui \u00e9tait d&rsquo;abord un simple club de lecture gr\u00e2ce auquel elle partageait ses livres favoris sur les r\u00e9seaux sociaux en janvier 2021, alors que le Royaume-Uni \u00e9tait encore en confinement suite au Covid-19. L&rsquo;ampleur du succ\u00e8s fut tel que <strong>la reine Camilla transforma son projet en association caritative, d\u00e9di\u00e9e \u00e0 la transmission du plaisir de la lecture et \u00e0 une meilleure accessibilit\u00e9 aux livres.\u00a0<\/strong><\/p>\n<p><img decoding=\"async\" src=\"https:\/\/www.europesays.com\/fr\/wp-content\/uploads\/2026\/01\/ABACA_901708_006VYu2dkjMSm.jpg\" alt=\"La reine Camilla accueillie par Vicki Perrin, directrice de la Queen's reading room lors de l'\u00e9dition 2024 de son festival litt\u00e9raire.\"\/><strong>La reine Camilla accueillie par Vicki Perrin, directrice de la Queen&rsquo;s reading room lors de l&rsquo;\u00e9dition 2024 de son festival litt\u00e9raire.<\/strong> \u00a9 Jordan Pettitt\/PA Wire\/ABACAPRESS.COM<\/p>\n<p>\u00ab\u00a0Il y a cinq ans, <strong>j\u2019ai fond\u00e9 un club de lecture pendant le confinement, dans l\u2019espoir que d\u2019autres puissent tirer autant de plaisir de la bonne litt\u00e9rature que moi.<\/strong> Depuis ces d\u00e9buts modestes, ce club de lecture est devenu une association caritative mondiale, soutenant une communaut\u00e9 de passionn\u00e9s de livres, unis par une croyance commune dans le pouvoir de la lecture\u00a0\u00bb, d\u00e9clare la reine Camilla ce 8 janvier \u00e0 la Press Association. <strong>Depuis 2021, la Queen&rsquo;s reading room a \u00e9t\u00e9 d\u00e9clin\u00e9e sous la forme d&rsquo;un <\/strong><a target=\"_blank\" href=\"https:\/\/www.pointdevue.fr\/royal\/royaume-uni\/camilla-son-festival-litteraire-fait-salle-comble\" rel=\"noopener\"><strong>festival annuel<\/strong><\/a><strong>, d&rsquo;un podcast et m\u00eame d&rsquo;une m\u00e9daille destin\u00e9e \u00e0 r\u00e9compenser ceux qui \u0153uvrent localement pour d\u00e9fendre la lecture.\u00a0<\/strong><\/p>\n<p>\u00ab\u00a0Les livres rendent la vie meilleure\u00a0\u00bb<\/p>\n<p>\u00ab\u00a0<strong>Je suis extr\u00eamement fi\u00e8re de ce que mon association a accompli : toucher des millions de personnes, <\/strong><a target=\"_blank\" href=\"https:\/\/www.pointdevue.fr\/royal\/royaume-uni\/la-reine-camilla-recoit-un-invite-inattendu-pierre-lapin-en-personne\" rel=\"noopener\"><strong>organiser des \u00e9v\u00e9nements remarquables<\/strong><\/a> et s\u2019associer \u00e0 des organisations extraordinaires afin d\u2019apporter des livres \u00e0 ceux qui en ont le plus besoin\u00a0\u00bb, poursuit-elle. Lire est un loisir mais aussi, selon les \u00e9tudes que la Queen&rsquo;s reading room a soutenues, un v\u00e9ritable bonus pour la sant\u00e9 mentale. \u00ab\u00a0Les recherches novatrices ont confirm\u00e9 ce que beaucoup d\u2019entre nous ont toujours ressenti : <strong>la lecture change v\u00e9ritablement notre fa\u00e7on de percevoir, de penser et de nous connecter aux autres\u00a0\u00bb<\/strong>. Distractions num\u00e9riques, manque de temps, baisse de concentration&#8230; les facteurs de d\u00e9sint\u00e9r\u00eat de la lecture sont nombreux. Au Royaume-Uni, 46 % des personnes d\u00e9clarent avoir du mal \u00e0 terminer un livre.\u00a0<\/p>\n<p><img decoding=\"async\" src=\"https:\/\/www.europesays.com\/fr\/wp-content\/uploads\/2026\/01\/GettyImages-2254475575xOSFETw3v0.jpg\" alt=\"Une nouvelle photo de la reine Camilla lisant sur les marches de Ray Mill, sa maison de campagne dans le Wiltshire, en juillet 2025, publi\u00e9e par le palais de Buckingham ce 8 janvier 2026.\"\/><strong>Une nouvelle photo de la reine Camilla lisant sur les marches de Ray Mill, sa maison de campagne dans le Wiltshire, en juillet 2025, publi\u00e9e par le palais de Buckingham ce 8 janvier 2026.<\/strong> \u00a9 Chris Jackson\/Getty Images for Buckingham Palace<\/p>\n<p>Pour toutes ces raisons, la reine Camilla encourage la transmission de sa passion. \u00ab\u00a0\u00c0 une \u00e9poque o\u00f9 les taux de lecture mondiaux sont au plus bas, la mission de mon association n\u2019a jamais \u00e9t\u00e9 aussi urgente. <strong>Les livres rendent la vie meilleure, et ce n\u2019est que le d\u00e9but\u00a0\u00bb. <\/strong>Afin de c\u00e9l\u00e9brer ce cinqui\u00e8me anniversaire, le palais de Buckingham a publi\u00e9 une nouvelle photo de Sa Majest\u00e9, plong\u00e9e dans un livre, sur les marches de sa maison de Ray Mill. Un clich\u00e9 sign\u00e9 Chris Jackson, <a target=\"_blank\" href=\"https:\/\/www.pointdevue.fr\/royal\/royaume-uni\/la-reine-camilla-a-t-elle-profite-de-son-anniversaire-pour-faire-passer-un-message-a-donald-trump\" rel=\"noopener\">datant de juillet 2025<\/a>, \u00e0 l&rsquo;occasion d&rsquo;une s\u00e9rie de photographies prises pour son 78e anniversaire. Depuis le d\u00e9but de l&rsquo;aventure, Camilla a recommand\u00e9 personnellement plus de <strong>70 ouvrages<\/strong>, un \u00ab\u00a0book club\u00a0\u00bb qui ne cesse de grandir et de faire du bien.<\/p>\n<p>Lire aussi &gt;&gt; <a target=\"_blank\" href=\"https:\/\/www.pointdevue.fr\/royal\/royaume-uni\/kate-middleton-le-prince-harry-elisabeth-iiquels-sont-leurs-livres-favoris\" rel=\"noopener\">Kate, le prince Harry, \u00c9lisabeth II&#8230; Quels sont leurs livres favoris ?<\/a><\/p>\n<p>\u00a0<\/p>\n","protected":false},"excerpt":{"rendered":"Faites dix-mille pas par jour, mangez cinq fruits et l\u00e9gumes et&#8230; lisez au moins cinq minutes ! Voil\u00e0&hellip;\n","protected":false},"author":2,"featured_media":651158,"comment_status":"","ping_status":"","sticky":false,"template":"","format":"standard","meta":{"footnotes":""},"categories":[1588],"tags":[11,1777,674,12,473,1853,1851,1850,1852],"class_list":{"0":"post-651157","1":"post","2":"type-post","3":"status-publish","4":"format-standard","5":"has-post-thumbnail","7":"category-royaume-uni","8":"tag-actualites","9":"tag-eu","10":"tag-europe","11":"tag-news","12":"tag-royaume-uni","13":"tag-royaume-uni-de-grande-bretagne-et-dirlande-du-nord","14":"tag-uk","15":"tag-united-kingdom","16":"tag-united-kingdom-of-great-britain-and-northern-ireland"},"share_on_mastodon":{"url":"https:\/\/pubeurope.com\/@fr\/115863922148252534","error":""},"_links":{"self":[{"href":"https:\/\/www.europesays.com\/fr\/wp-json\/wp\/v2\/posts\/651157","targetHints":{"allow":["GET"]}}],"collection":[{"href":"https:\/\/www.europesays.com\/fr\/wp-json\/wp\/v2\/posts"}],"about":[{"href":"https:\/\/www.europesays.com\/fr\/wp-json\/wp\/v2\/types\/post"}],"author":[{"embeddable":true,"href":"https:\/\/www.europesays.com\/fr\/wp-json\/wp\/v2\/users\/2"}],"replies":[{"embeddable":true,"href":"https:\/\/www.europesays.com\/fr\/wp-json\/wp\/v2\/comments?post=651157"}],"version-history":[{"count":0,"href":"https:\/\/www.europesays.com\/fr\/wp-json\/wp\/v2\/posts\/651157\/revisions"}],"wp:featuredmedia":[{"embeddable":true,"href":"https:\/\/www.europesays.com\/fr\/wp-json\/wp\/v2\/media\/651158"}],"wp:attachment":[{"href":"https:\/\/www.europesays.com\/fr\/wp-json\/wp\/v2\/media?parent=651157"}],"wp:term":[{"taxonomy":"category","embeddable":true,"href":"https:\/\/www.europesays.com\/fr\/wp-json\/wp\/v2\/categories?post=651157"},{"taxonomy":"post_tag","embeddable":true,"href":"https:\/\/www.europesays.com\/fr\/wp-json\/wp\/v2\/tags?post=651157"}],"curies":[{"name":"wp","href":"https:\/\/api.w.org\/{rel}","templated":true}]}}