{"id":651172,"date":"2026-01-09T07:27:10","date_gmt":"2026-01-09T07:27:10","guid":{"rendered":"https:\/\/www.europesays.com\/fr\/651172\/"},"modified":"2026-01-09T07:27:10","modified_gmt":"2026-01-09T07:27:10","slug":"pronostic-mirra-andreeva-marta-kostyuk-wta-brisbane","status":"publish","type":"post","link":"https:\/\/www.europesays.com\/fr\/651172\/","title":{"rendered":"Pronostic Mirra Andreeva Marta Kostyuk &#8211; WTA Brisbane"},"content":{"rendered":"<p class=\"text-xs leading-5 text-gray-400 mb-2\">\n                        Publi\u00e9 le 08\/01\/2026 14:03<br \/>\n                        \u00a0par<br \/>\n                                                            <a href=\"https:\/\/www.sportytrader.com\/auteur\/leo-measson-54\/\" target=\"_blank\" rel=\"noopener\">L\u00e9o Measson<\/a><\/p>\n<p>                                                    |<br \/>\n                            Modifi\u00e9 le<br \/>\n                                08\/01\/2026<br \/>\n                                \u00e0 14:18<\/p>\n<p>                                                                                                            dans<br \/>\n                                <a data-trans=\"tips.published.sport %sport%\" href=\"https:\/\/www.sportytrader.com\/pronostics\/tennis\/\" target=\"_blank\" rel=\"noopener\"><br \/>\n                                    Pronostics Tennis<br \/>\n                                <\/a><\/p>\n<p>Nous connaitrons bient\u00f4t le nom de celle qui remportera l&rsquo;un des tous premiers titres de cette saison 2026 de tennis en remportant le tournoi de Brisbane\u00a0! Avant cela, la jeune joueuse russe de 18 ans\u00a0Mirra Andreeva va affronter l&rsquo;Ukrainienne de 23 ans\u00a0Marta Kostyuk lors des quarts de finale, offrant certainement un beau spectacle au public australien.\u00a0<\/p>\n<p>Mirra Andreeva est de retour dans ce tournoi de Brisbane pour tenter de faire encore mieux que son parcours ici l&rsquo;an dernier. En effet, elle avait su enchainer les victoires afin de rejoindre les demi-finales face \u00e0 la future gagnante, Aryna Sabalenka. Tombeuse de Ons Jabeur en quart\u00a0de finale, elle ne devrait pas douter dans ce nouveau quart de finale 2026. Mais la jeune joueuse a du revenir au score lors de ses deux premiers tours et pourrait donc \u00e0 nouveau laisser filer un set au profit de\u00a0son adversaire.\u00a0<\/p>\n<p>Marta Kostyuk a d\u00fb revenir au score d\u00e8s son premier tour face \u00e0 Yulia Putintseva avant de finalement s&rsquo;imposer bien plus s\u00e9v\u00e8rement ensuite sur le score de\u00a06-7(5-7), 6-1, 6-0. C&rsquo;est finalement en 8e de finale qu&rsquo;elle a fait sensation en dominant la num\u00e9ro 3 mondiale Amanda Anisimova en seulement 2 sets et en moins d&rsquo;1h30. Port\u00e9e par cette brillante victoire, elle devrait tout donner dans ce duel.\u00a0<\/p>\n","protected":false},"excerpt":{"rendered":"Publi\u00e9 le 08\/01\/2026 14:03 \u00a0par L\u00e9o Measson | Modifi\u00e9 le 08\/01\/2026 \u00e0 14:18 dans Pronostics Tennis Nous connaitrons&hellip;\n","protected":false},"author":2,"featured_media":651173,"comment_status":"","ping_status":"","sticky":false,"template":"","format":"standard","meta":{"footnotes":""},"categories":[1415],"tags":[1011,27,75548,15870,1817,1821,60,1467,74652],"class_list":{"0":"post-651172","1":"post","2":"type-post","3":"status-publish","4":"format-standard","5":"has-post-thumbnail","7":"category-tennis","8":"tag-fr","9":"tag-france","10":"tag-marta-kostyuk","11":"tag-mirra-andreeva","12":"tag-pronostic","13":"tag-pronostics","14":"tag-sports","15":"tag-tennis","16":"tag-wta-brisbane"},"share_on_mastodon":{"url":"https:\/\/pubeurope.com\/@fr\/115863961094346421","error":""},"_links":{"self":[{"href":"https:\/\/www.europesays.com\/fr\/wp-json\/wp\/v2\/posts\/651172","targetHints":{"allow":["GET"]}}],"collection":[{"href":"https:\/\/www.europesays.com\/fr\/wp-json\/wp\/v2\/posts"}],"about":[{"href":"https:\/\/www.europesays.com\/fr\/wp-json\/wp\/v2\/types\/post"}],"author":[{"embeddable":true,"href":"https:\/\/www.europesays.com\/fr\/wp-json\/wp\/v2\/users\/2"}],"replies":[{"embeddable":true,"href":"https:\/\/www.europesays.com\/fr\/wp-json\/wp\/v2\/comments?post=651172"}],"version-history":[{"count":0,"href":"https:\/\/www.europesays.com\/fr\/wp-json\/wp\/v2\/posts\/651172\/revisions"}],"wp:featuredmedia":[{"embeddable":true,"href":"https:\/\/www.europesays.com\/fr\/wp-json\/wp\/v2\/media\/651173"}],"wp:attachment":[{"href":"https:\/\/www.europesays.com\/fr\/wp-json\/wp\/v2\/media?parent=651172"}],"wp:term":[{"taxonomy":"category","embeddable":true,"href":"https:\/\/www.europesays.com\/fr\/wp-json\/wp\/v2\/categories?post=651172"},{"taxonomy":"post_tag","embeddable":true,"href":"https:\/\/www.europesays.com\/fr\/wp-json\/wp\/v2\/tags?post=651172"}],"curies":[{"name":"wp","href":"https:\/\/api.w.org\/{rel}","templated":true}]}}