{"id":651178,"date":"2026-01-09T07:33:17","date_gmt":"2026-01-09T07:33:17","guid":{"rendered":"https:\/\/www.europesays.com\/fr\/651178\/"},"modified":"2026-01-09T07:33:17","modified_gmt":"2026-01-09T07:33:17","slug":"la-reine-mathilde-enrhumee-mais-presente-au-cote-du-roi-philippe-pour-remettre-leurs-voeux-au-corps-diplomatique","status":"publish","type":"post","link":"https:\/\/www.europesays.com\/fr\/651178\/","title":{"rendered":"La reine Mathilde enrhum\u00e9e mais pr\u00e9sente au c\u00f4t\u00e9 du roi Philippe pour remettre leurs v\u0153ux au corps diplomatique"},"content":{"rendered":"<p>Le roi Philippe et la reine Mathilde ont organis\u00e9 leur traditionnelle r\u00e9ception de Nouvel an pour le corps diplomatique accr\u00e9dit\u00e9 \u00e0 Bruxelles. Les ambassadeurs du monde entier en poste en Belgique avaient rendez-vous avec les souverains au palais royal. La reine Mathilde tenait \u00e0 \u00eatre pr\u00e9sente au c\u00f4t\u00e9 de son \u00e9poux malgr\u00e9 une l\u00e9g\u00e8re toux. <\/p>\n<p><strong>Lire aussi : <a href=\"https:\/\/histoiresroyales.fr\/reine-mathilde-doree-princesse-elisabeth-etincelante-princesse-eleonore-pailletee-concert-de-noel\/\" target=\"_blank\" rel=\"noopener\">La reine Mathilde dor\u00e9e, la princesse Elisabeth \u00e9tincelante et la princesse \u00c9l\u00e9onore paillet\u00e9e au concert de No\u00ebl<\/a><\/strong><\/p>\n<p>Le roi Philippe et la reine Mathilde remettent leurs v\u0153ux au corps diplomatique accr\u00e9dit\u00e9 en Belgique<\/p>\n<p>La <a href=\"https:\/\/histoiresroyales.fr\/famille-royale-belge\/mathilde-de-belgique\/\" target=\"_blank\" rel=\"noopener\">reine Mathilde de Belgique<\/a>, \u00e0 quelques jours de son 53e anniversaire, se tenait \u00e0 c\u00f4t\u00e9 du roi Philippe, 65 ans, lors de la traditionnelle r\u00e9ception de Nouvel an du corps diplomatique. En d\u00e9but d\u2019ann\u00e9e, le chef de l\u2019\u00c9tat a pour habitude de rencontrer au palais royal de Bruxelles les ambassadeurs \u00e9trangers en poste en Belgique. Ceux-ci viennent accompagn\u00e9s de leur \u00e9poux ou de leur \u00e9pouse.<\/p>\n<p><img fetchpriority=\"high\" decoding=\"async\" width=\"1300\" height=\"854\" src=\"https:\/\/www.europesays.com\/fr\/wp-content\/uploads\/2026\/01\/reception-diplomatique-corps-diplomatique-nouvel-an-roi-philippe-reine-mathilde.jpg\" alt=\"\" class=\"wp-image-234427 lazyload\" data-  \/>Lors de cette r\u00e9ception de Nouvel an au palais royal de Bruxelles, le corps diplomatique d\u00e9file devant le couple royal (Photo : ABACAPRESS.COM)<\/p>\n<p><strong>Lire aussi : <a href=\"https:\/\/histoiresroyales.fr\/roi-philippe-remet-ordre-de-leopold-gymnaste-nina-derwael\/\" target=\"_blank\" rel=\"noopener\">Le roi Philippe remet les insignes de grand officier de l\u2019ordre de L\u00e9opold \u00e0 Nina Derwael<\/a><\/strong><\/p>\n<p>La reine Mathilde portait un ensemble rose poudr\u00e9 provenant de la maison de couture belge Natan. La reine des Belges a touss\u00e9 \u00e0 quelques reprises et a sorti son mouchoir entre deux poign\u00e9es de mains. Malgr\u00e9 ce petit refroidissement pendant les f\u00eates, la reine affichait son plus grand sourire pour remettre ses meilleurs v\u0153ux aux dignitaires \u00e9trangers.<\/p>\n<p><img loading=\"lazy\" decoding=\"async\" width=\"1300\" height=\"782\" src=\"https:\/\/www.europesays.com\/fr\/wp-content\/uploads\/2026\/01\/reine-mathilde-enrhumee-theo-francken-salutations.jpg\" alt=\"\" class=\"wp-image-234425 lazyload\" data-  \/>La reine Mathilde l\u00e9g\u00e8rement enrhum\u00e9e, en discussion avec le ministre de la D\u00e9fense Theo Francken (Photo : ABACAPRESS.COM)<\/p>\n<p><img loading=\"lazy\" decoding=\"async\" width=\"1300\" height=\"850\" src=\"https:\/\/www.europesays.com\/fr\/wp-content\/uploads\/2026\/01\/reine-mathilde-toux-rhume-reception-nouvel-an.jpg\" alt=\"\" class=\"wp-image-234428 lazyload\" data-  \/>La reine Mathilde retient une l\u00e9g\u00e8re toux face \u00e0 Pascal Heyman, directeur de la cellule Affaires \u00c9trang\u00e8res et s\u00e9curit\u00e9\u00a0du Premier ministre belge Bart De Wever (Photo : ABACAPRESS.COM)<\/p>\n<p><strong>Lire aussi : <a href=\"https:\/\/histoiresroyales.fr\/arrivee-carrosse-robe-doree-distinctions-roi-frederik-x-reine-mary-sortent-grand-jeu-grande-reception-de-nouvel-an\/\" target=\"_blank\" rel=\"noopener\">Arriv\u00e9e en carrosse, robe dor\u00e9e et distinctions : le roi Frederik X et la reine Mary sortent le grand jeu pour leur grande r\u00e9ception de Nouvel an<\/a><\/strong><\/p>\n<p>Le ministre de la D\u00e9fense, \u00e9galement charg\u00e9 du Commerce ext\u00e9rieur, Theo Francken, ainsi que le ministre f\u00e9d\u00e9ral des Affaires \u00e9trang\u00e8res et des Affaires europ\u00e9ennes, Maxime Pr\u00e9vot, se tenaient derri\u00e8re les souverains. Dans ce contexte politique international tendu, le roi Philippe souhaite d\u00e9marrer l\u2019ann\u00e9e 2026 sur de bonnes bases. Cette r\u00e9ception est l\u2019occasion pour le chef d\u2019\u00c9tat de confirmer les excellentes relations diplomatiques de la Belgique avec le reste du monde.<\/p>\n<p><img loading=\"lazy\" decoding=\"async\" width=\"1300\" height=\"924\" src=\"https:\/\/www.europesays.com\/fr\/wp-content\/uploads\/2026\/01\/ambassadeur-americain-belgique-mari-roi-philippe.jpg\" alt=\"\" class=\"wp-image-234426 lazyload\" data-  \/>L\u2019ambassadeur am\u00e9ricain en Belgique, William White, et son \u00e9poux, Bryan Eure, lors de la r\u00e9ception du 8 janvier 2026 (Photo : ABACAPRESS.COM)<\/p>\n<p><img loading=\"lazy\" decoding=\"async\" width=\"1300\" height=\"881\" src=\"https:\/\/www.europesays.com\/fr\/wp-content\/uploads\/2026\/01\/ambassadeur-americain-belgique-diplomatique-nouvel-an.jpg\" alt=\"\" class=\"wp-image-234429 lazyload\" data-  \/>L\u2019ambassadeur am\u00e9ricain offre des cadeaux souvenirs aux souverains (Photo : ABACAPRESS.COM)<\/p>\n<p>La presse \u00e9tait invit\u00e9e \u00e0 prendre quelques photos au d\u00e9but de la r\u00e9ception, permettant notamment d\u2019immortaliser la poign\u00e9e de main entre le roi Philippe et l\u2019ambassadeur am\u00e9ricain William White, qui \u00e9tait accompagn\u00e9 de son \u00e9poux, Bryan Eure. L\u2019ambassadeur a offert quelques fragments de la fa\u00e7ade de l\u2019ambassade am\u00e9ricaine de Bruxelles au Roi. <\/p>\n<p>\t\t\t\t<img loading=\"lazy\" alt=\"Avatar photo\" src=\"https:\/\/www.europesays.com\/fr\/wp-content\/uploads\/2025\/04\/1516945716303-164x164.jpeg\"  class=\"avatar avatar-164 photo lazyload\" height=\"164\" width=\"164\" decoding=\"async\"\/><br \/>\n\t\t<a href=\"https:\/\/histoiresroyales.fr\/author\/royaliste123\/\" target=\"_blank\" rel=\"noopener\">Nicolas Fontaine<\/a><br \/>\n\t\t\t\t\tR\u00e9dacteur en chef<\/p>\n<p>Nicolas Fontaine a \u00e9t\u00e9 concepteur-r\u00e9dacteur et auteur pour de nombreuses marques et m\u00e9dias belges et fran\u00e7ais. Sp\u00e9cialiste de l&rsquo;actualit\u00e9 des familles royales, Nicolas a fond\u00e9 le site Histoires royales dont il est le r\u00e9dacteur en chef.&#13;<br \/>\n&#13;<br \/>\nnicolas@histoiresroyales.fr<\/p>\n<p>\t\t\t\t\t\t\t<a href=\"https:\/\/twitter.com\/ActusRoyales\" class=\"boxed-icon fill twitter\" target=\"_blank\" rel=\"noopener\"><\/a><br \/>\n\t\t\t\t\t\t\t\t\t<a href=\"https:\/\/www.instagram.com\/histoiresroyales.fr\/\" class=\"boxed-icon fill instagram\" target=\"_blank\" rel=\"noopener\"><\/a><\/p>\n<p>\t\t\t\t\t\t\t\t\t\t\t\t\t<script async src=\"https:\/\/platform.twitter.com\/widgets.js\" charset=\"utf-8\"><\/script><script async src=\"\/\/www.instagram.com\/embed.js\"><\/script><\/p>\n","protected":false},"excerpt":{"rendered":"Le roi Philippe et la reine Mathilde ont organis\u00e9 leur traditionnelle r\u00e9ception de Nouvel an pour le corps&hellip;\n","protected":false},"author":2,"featured_media":651179,"comment_status":"","ping_status":"","sticky":false,"template":"","format":"standard","meta":{"footnotes":""},"categories":[1359],"tags":[8539,1903,58,59,1011,27,948,39117,973,949,75150],"class_list":{"0":"post-651178","1":"post","2":"type-post","3":"status-publish","4":"format-standard","5":"has-post-thumbnail","7":"category-people","8":"tag-ambassade","9":"tag-ambassadeur","10":"tag-divertissement","11":"tag-entertainment","12":"tag-fr","13":"tag-france","14":"tag-mathilde-de-belgique","15":"tag-nouvel-an","16":"tag-people","17":"tag-roi-philippe-de-belgique","18":"tag-ru00e9ception"},"share_on_mastodon":{"url":"https:\/\/pubeurope.com\/@fr\/115863985047586709","error":""},"_links":{"self":[{"href":"https:\/\/www.europesays.com\/fr\/wp-json\/wp\/v2\/posts\/651178","targetHints":{"allow":["GET"]}}],"collection":[{"href":"https:\/\/www.europesays.com\/fr\/wp-json\/wp\/v2\/posts"}],"about":[{"href":"https:\/\/www.europesays.com\/fr\/wp-json\/wp\/v2\/types\/post"}],"author":[{"embeddable":true,"href":"https:\/\/www.europesays.com\/fr\/wp-json\/wp\/v2\/users\/2"}],"replies":[{"embeddable":true,"href":"https:\/\/www.europesays.com\/fr\/wp-json\/wp\/v2\/comments?post=651178"}],"version-history":[{"count":0,"href":"https:\/\/www.europesays.com\/fr\/wp-json\/wp\/v2\/posts\/651178\/revisions"}],"wp:featuredmedia":[{"embeddable":true,"href":"https:\/\/www.europesays.com\/fr\/wp-json\/wp\/v2\/media\/651179"}],"wp:attachment":[{"href":"https:\/\/www.europesays.com\/fr\/wp-json\/wp\/v2\/media?parent=651178"}],"wp:term":[{"taxonomy":"category","embeddable":true,"href":"https:\/\/www.europesays.com\/fr\/wp-json\/wp\/v2\/categories?post=651178"},{"taxonomy":"post_tag","embeddable":true,"href":"https:\/\/www.europesays.com\/fr\/wp-json\/wp\/v2\/tags?post=651178"}],"curies":[{"name":"wp","href":"https:\/\/api.w.org\/{rel}","templated":true}]}}