{"id":651180,"date":"2026-01-09T07:34:25","date_gmt":"2026-01-09T07:34:25","guid":{"rendered":"https:\/\/www.europesays.com\/fr\/651180\/"},"modified":"2026-01-09T07:34:25","modified_gmt":"2026-01-09T07:34:25","slug":"peindre-le-temps-qui-passe","status":"publish","type":"post","link":"https:\/\/www.europesays.com\/fr\/651180\/","title":{"rendered":"peindre le temps qui passe"},"content":{"rendered":"<p>                            <img loading=\"lazy\" width=\"1181\" height=\"889\" class=\"attachment-article size-article wp-post-image lazyload\" alt=\"\" decoding=\"async\" src=\"https:\/\/www.europesays.com\/fr\/wp-content\/uploads\/2026\/01\/Charles-Malle-Paris-rue-a-la-palissade-sous-la-neige-60-x-60-cm-huile-sur-toile@galerie-Estades.jpg\" data-eio-rwidth=\"1181\" data-eio-rheight=\"889\"\/><\/p>\n<p>Charles Malle, Paris, rue \u00e0 la palissade sous la neige (d\u00e9tail),<br \/>\n60 x 60 cm, huile sur toile \u00a9\u2002Galerie Estades<\/p>\n<p>La galerie Estades rend un vibrant hommage \u00e0 Charles Malle (1935-2023), un peintre fran\u00e7ais qu\u2019elle repr\u00e9sente depuis 1994 et dont les toiles sont affich\u00e9es sur le march\u00e9 de l\u2019art en France comme \u00e0 l\u2019\u00e9tranger, notamment chez Christie\u2019s \u00e0 Londres.<\/p>\n<p>N\u00e9 \u00e0 Douai dans un milieu modeste, il s\u2019est form\u00e9 aux Beaux-Arts en Belgique o\u00f9 il d\u00e9couvre l\u2019art flamand qui l\u2019inspire pour ses c\u00e9l\u00e8bres paysages enneig\u00e9s et anim\u00e9s de petits personnages. Il est ainsi reconnu pour ses paysages empreints de nostalgie, ses vues de Paris et de la Normandie avec un style o\u00f9, lors d\u2019une premi\u00e8re p\u00e9riode, il d\u00e9veloppe de d\u00e9licates touches impressionnistes pour ensuite se consacrer \u00e0 des toiles plus vives et color\u00e9es.\u00a0<\/p>\n<p>L\u2019artiste aime par-dessus tout peindre avec douceur et po\u00e9sie le temps qui passe, creusant dans ses souvenirs pour imaginer des lieux o\u00f9 l\u2019eau, \u00e9galement tr\u00e8s pr\u00e9sente, illustre sa r\u00e9flexion sur la dilution du temps, un th\u00e8me intemporel qui ne peut que nous toucher. Cette exposition exceptionnelle est la premi\u00e8re r\u00e9alis\u00e9e par la galerie depuis la mort du peintre.<\/p>\n<p><strong>Charles Malle\u00a0<\/strong>\u2013 Jusqu\u2019au 7 mars 2026 \u00e0 la galerie Estades<\/p>\n<p><a href=\"http:\/\/www.estades.com\/\" target=\"_blank\" rel=\"noopener\">www.estades.com<\/a><\/p>\n<p>\t\t\t\t\t<a href=\"https:\/\/www.lyoncapitale.fr\/actualite\/pres-de-lyon-20-000-livres-et-cd-a-chiner-gratuitement\" title=\"Pr\u00e8s de Lyon : 20 000 livres et CD \u00e0 chiner gratuitement\" target=\"_blank\" rel=\"noopener\"><img loading=\"lazy\" width=\"521\" height=\"326\" class=\"attachment-actularge size-actularge wp-post-image lazyload\" alt=\"Livres\" decoding=\"async\" src=\"https:\/\/www.europesays.com\/fr\/wp-content\/uploads\/2026\/01\/evenement-d-auteur-en-librairie-e1767885478385.jpg\" data-eio-rwidth=\"615\" data-eio-rheight=\"385\"\/>\t\t\t\t\t<\/a><\/p>\n","protected":false},"excerpt":{"rendered":"Charles Malle, Paris, rue \u00e0 la palissade sous la neige (d\u00e9tail), 60 x 60 cm, huile sur toile&hellip;\n","protected":false},"author":2,"featured_media":651181,"comment_status":"","ping_status":"","sticky":false,"template":"","format":"standard","meta":{"footnotes":""},"categories":[1358],"tags":[1348,1384,1385,1386,58,59,1011,27],"class_list":{"0":"post-651180","1":"post","2":"type-post","3":"status-publish","4":"format-standard","5":"has-post-thumbnail","7":"category-arts-et-design","8":"tag-arts","9":"tag-arts-and-design","10":"tag-arts-et-design","11":"tag-design","12":"tag-divertissement","13":"tag-entertainment","14":"tag-fr","15":"tag-france"},"share_on_mastodon":{"url":"https:\/\/pubeurope.com\/@fr\/115863988873760378","error":""},"_links":{"self":[{"href":"https:\/\/www.europesays.com\/fr\/wp-json\/wp\/v2\/posts\/651180","targetHints":{"allow":["GET"]}}],"collection":[{"href":"https:\/\/www.europesays.com\/fr\/wp-json\/wp\/v2\/posts"}],"about":[{"href":"https:\/\/www.europesays.com\/fr\/wp-json\/wp\/v2\/types\/post"}],"author":[{"embeddable":true,"href":"https:\/\/www.europesays.com\/fr\/wp-json\/wp\/v2\/users\/2"}],"replies":[{"embeddable":true,"href":"https:\/\/www.europesays.com\/fr\/wp-json\/wp\/v2\/comments?post=651180"}],"version-history":[{"count":0,"href":"https:\/\/www.europesays.com\/fr\/wp-json\/wp\/v2\/posts\/651180\/revisions"}],"wp:featuredmedia":[{"embeddable":true,"href":"https:\/\/www.europesays.com\/fr\/wp-json\/wp\/v2\/media\/651181"}],"wp:attachment":[{"href":"https:\/\/www.europesays.com\/fr\/wp-json\/wp\/v2\/media?parent=651180"}],"wp:term":[{"taxonomy":"category","embeddable":true,"href":"https:\/\/www.europesays.com\/fr\/wp-json\/wp\/v2\/categories?post=651180"},{"taxonomy":"post_tag","embeddable":true,"href":"https:\/\/www.europesays.com\/fr\/wp-json\/wp\/v2\/tags?post=651180"}],"curies":[{"name":"wp","href":"https:\/\/api.w.org\/{rel}","templated":true}]}}