{"id":651182,"date":"2026-01-09T07:36:12","date_gmt":"2026-01-09T07:36:12","guid":{"rendered":"https:\/\/www.europesays.com\/fr\/651182\/"},"modified":"2026-01-09T07:36:12","modified_gmt":"2026-01-09T07:36:12","slug":"jimmy-mohamed-comme-une-victime-sa-confidence-amere-et-sans-filtre","status":"publish","type":"post","link":"https:\/\/www.europesays.com\/fr\/651182\/","title":{"rendered":"Jimmy Mohamed \u00ab\u00a0comme une victime\u00a0\u00bb : sa confidence am\u00e8re et sans filtre"},"content":{"rendered":"<p>Il y a presqu\u2019un an, le Dr. Jimmy Mohamed \u00e9tait l&rsquo;invit\u00e9 de<br \/>\nBruno Guillon sur RTL, dans son \u00e9mission \u00ab\u00a0Le Bon Dimanche Show\u00a0\u00bb.<br \/>\nLes deux animateurs ont discut\u00e9 de sant\u00e9, mais aussi des propres<br \/>\nhabitudes du m\u00e9decin.<\/p>\n<p>Interrog\u00e9 sur sa consommation de fast-food, Jimmy Mohamed a fait<br \/>\ndes r\u00e9v\u00e9lations \u00e9tonnantes.<\/p>\n<p>Jimmy Mohamed va-t-il au fast-food\u00a0? Il r\u00e9pond cash<\/p>\n<p>Sur RTL, Bruno Guillon a pos\u00e9 la question que tout le monde se<br \/>\npose \u00e0 son invit\u00e9, <a href=\"https:\/\/www.closermag.fr\/psycho_sexo\/depression-saisonniere-un-truc-quon-fait-tous-jimmy-mohamed-met-les-pieds-dans-le-plat-3610293\" target=\"_blank\" rel=\"noopener\"><br \/>\nJimmy Mohamed<\/a> : \u00ab\u00a0<strong>Un petit Mcdo de temps en temps,<br \/>\n\u00e7a vous arrive ou pas ?<\/strong>\u00ab\u00a0. \u00ab\u00a0Alors, c\u2019est une<br \/>\nangoisse de fou. J\u2019ai chang\u00e9 ma fa\u00e7on de m\u2019alimenter au fast food.<br \/>\nMaintenant j\u2019y vais, et <strong>je vais commander une salade comme<br \/>\nune victime<\/strong>\u00a0\u00bb a-t-il lanc\u00e9, amus\u00e9.<\/p>\n<p>Le m\u00e9decin a ensuite expliqu\u00e9 : \u00ab\u00a0De temps en temps, mes<br \/>\nenfants, comme tous les enfants, je vais les amener manger un<br \/>\nburger, ils sont contents, c\u2019est des enfants. Je ne vais pas les<br \/>\npriver en permanence. Mais quand j\u2019y vais, je vois les gens me<br \/>\nreconnaitre. Et <strong>les gens regardent<\/strong> ce que<br \/>\nj\u2019ach\u00e8te\u00a0\u00bb. L\u2019animateur a alors confi\u00e9 qu\u2019il se privait<br \/>\nvolontairement, \u00e0 cause du regard des gens. \u00ab\u00a0Du coup, moi, au<br \/>\nlieu d\u2019acheter un hamburger (\u2026) je me retrouve \u00e0 acheter une<br \/>\nsalade, dans un fast food. \u00c7a n\u2019a aucun int\u00e9r\u00eat, \u00e7a n\u2019a aucun sens.<br \/>\nQuitte \u00e0 aller l\u00e0-bas, autant d\u00e9glinguer le double burger\u00a0\u00bb<br \/>\na-t-il ajout\u00e9.<\/p>\n<p>Jimmy Mohamed conseille de s\u2019inspirer<br \/>\nd\u2019un autre pays europ\u00e9en pour s\u2019alimenter<\/p>\n<p>Le <a href=\"https:\/\/www.closermag.fr\/people\/jimmy-mohamed-pipi-sans-les-mains-flavie-flament-ne-sait-plus-ou-se-mettre-3610422\" target=\"_blank\" rel=\"noopener\"><br \/>\nm\u00e9decin g\u00e9n\u00e9raliste<\/a> de 38 ans a r\u00e9cemment pr\u00f4ner une approche<br \/>\nplus mesur\u00e9e que les jeunes radicaux et r\u00e9gimes drastiques. Selon<br \/>\nlui, il ne s\u2019agit pas de transformer son quotidien en parcours du<br \/>\ncombattant ni de renoncer aux plaisirs de la table, mais plut\u00f4t de<br \/>\nrevoir notre rapport \u00e0 la nourriture avec plus de conscience et de<br \/>\nbon sens.<\/p>\n<p>Le chroniqueur a invit\u00e9 le public \u00e0 s\u2019inspirer des<br \/>\n<strong>habitudes alimentaires<\/strong> d\u2019Europe du Nord, et plus<br \/>\npr\u00e9cis\u00e9ment de la <a href=\"https:\/\/www.closermag.fr\/beaute\/forme_bien_etre\/vous-devez-manger-comme-selon-jimmy-mohamed-il-faut-sinspirer-dun-autre-pays-europeen-3610736\" target=\"_blank\" rel=\"noopener\"><br \/>\nSu\u00e8de<\/a>. Un mod\u00e8le qui repose sur le principe du Lagom,<br \/>\ncette id\u00e9e profond\u00e9ment ancr\u00e9e dans la culture su\u00e9doise qui pr\u00f4ne<br \/>\nl\u2019\u00e9quilibre, la juste mesure et le \u201cni trop, ni trop peu\u201d.<br \/>\nAppliqu\u00e9e \u00e0 l\u2019assiette, cette philosophie encourage \u00e0<br \/>\n<strong>manger moins, mais mieux<\/strong>, en \u00e9coutant davantage<br \/>\nles besoins r\u00e9els du corps. Selon Jimmy Mohamed, cette mani\u00e8re de<br \/>\nse nourrir pourrait avoir un impact durable sur la sant\u00e9, sans<br \/>\nfrustration ni sentiment de privation.<\/p>\n","protected":false},"excerpt":{"rendered":"Il y a presqu\u2019un an, le Dr. Jimmy Mohamed \u00e9tait l&rsquo;invit\u00e9 de Bruno Guillon sur RTL, dans son&hellip;\n","protected":false},"author":2,"featured_media":651183,"comment_status":"","ping_status":"","sticky":false,"template":"","format":"standard","meta":{"footnotes":""},"categories":[1356],"tags":[21303,58,59,1011,27,70202,252,65861,1364,729],"class_list":{"0":"post-651182","1":"post","2":"type-post","3":"status-publish","4":"format-standard","5":"has-post-thumbnail","7":"category-television","8":"tag-buzz_nonli","9":"tag-divertissement","10":"tag-entertainment","11":"tag-fr","12":"tag-france","13":"tag-marfeel_connexes","14":"tag-television","15":"tag-trend","16":"tag-tv","17":"tag-yout_video"},"share_on_mastodon":{"url":"https:\/\/pubeurope.com\/@fr\/115863996642591421","error":""},"_links":{"self":[{"href":"https:\/\/www.europesays.com\/fr\/wp-json\/wp\/v2\/posts\/651182","targetHints":{"allow":["GET"]}}],"collection":[{"href":"https:\/\/www.europesays.com\/fr\/wp-json\/wp\/v2\/posts"}],"about":[{"href":"https:\/\/www.europesays.com\/fr\/wp-json\/wp\/v2\/types\/post"}],"author":[{"embeddable":true,"href":"https:\/\/www.europesays.com\/fr\/wp-json\/wp\/v2\/users\/2"}],"replies":[{"embeddable":true,"href":"https:\/\/www.europesays.com\/fr\/wp-json\/wp\/v2\/comments?post=651182"}],"version-history":[{"count":0,"href":"https:\/\/www.europesays.com\/fr\/wp-json\/wp\/v2\/posts\/651182\/revisions"}],"wp:featuredmedia":[{"embeddable":true,"href":"https:\/\/www.europesays.com\/fr\/wp-json\/wp\/v2\/media\/651183"}],"wp:attachment":[{"href":"https:\/\/www.europesays.com\/fr\/wp-json\/wp\/v2\/media?parent=651182"}],"wp:term":[{"taxonomy":"category","embeddable":true,"href":"https:\/\/www.europesays.com\/fr\/wp-json\/wp\/v2\/categories?post=651182"},{"taxonomy":"post_tag","embeddable":true,"href":"https:\/\/www.europesays.com\/fr\/wp-json\/wp\/v2\/tags?post=651182"}],"curies":[{"name":"wp","href":"https:\/\/api.w.org\/{rel}","templated":true}]}}