{"id":651184,"date":"2026-01-09T07:37:14","date_gmt":"2026-01-09T07:37:14","guid":{"rendered":"https:\/\/www.europesays.com\/fr\/651184\/"},"modified":"2026-01-09T07:37:14","modified_gmt":"2026-01-09T07:37:14","slug":"la-deuxieme-partie-de-idols-sort-tres-bientot","status":"publish","type":"post","link":"https:\/\/www.europesays.com\/fr\/651184\/","title":{"rendered":"la deuxi\u00e8me partie de Idols sort \u00ab\u00a0tr\u00e8s bient\u00f4t\u00a0\u00bb"},"content":{"rendered":"<p><img width=\"768\" height=\"432\" src=\"https:\/\/www.europesays.com\/fr\/wp-content\/uploads\/2026\/01\/yungblud-768x432.jpg\" class=\"post-thumbnail-image wp-post-image\" alt=\"Yungblud : la deuxi\u00e8me partie de Idols sort \u201ctr\u00e8s bient\u00f4t\u201d\" decoding=\"async\" fetchpriority=\"high\"  \/><\/p>\n<p>\u00a9 Yungblud (Presse)<\/p>\n<p><strong><a href=\"https:\/\/www.metalzone.fr\/yungblud\/\" target=\"_blank\" rel=\"noopener\">Yungblud<\/a> annonce que la deuxi\u00e8me partie de son double-album Idols sortira bient\u00f4t. Un nouveau chapitre plus sombre, dans la continuit\u00e9 d\u2019un premier volume nomm\u00e9 aux Grammy Awards.<\/strong><\/p>\n<p>Un nouveau chapitre plus cynique<\/p>\n<p>Invit\u00e9 du podcast Rolling Stone Music Now, Yungblud confirme que la suite d\u2019Idols para\u00eetra tr\u00e8s prochainement. Il la d\u00e9crit comme \u201cplus cynique\u201d et ancr\u00e9e dans \u201cle r\u00e9alisme\u201d, \u00e0 l\u2019oppos\u00e9 de la premi\u00e8re partie, sortie en mai 2025, qui parlait selon lui de \u201cr\u00e9apprendre \u00e0 voler et se r\u00e9approprier son identit\u00e9\u201d.<\/p>\n<p>Il confie \u00e9galement avoir \u00e9t\u00e9 surpris par l\u2019accueil r\u00e9serv\u00e9 au disque, nomm\u00e9 deux fois aux Grammy Awards : \u201cJe ne savais pas si les gens allaient accrocher\u2026 mais on a vendu la tourn\u00e9e en une minute.\u201d<\/p>\n<p>Ce deuxi\u00e8me volet s\u2019ouvrira sur le titre I Need You To Make The World Seem Fine, qu\u2019il d\u00e9crit comme \u201cincroyable\u201d.<\/p>\n<p>Pour \u00e9couter l\u2019interview compl\u00e8te, rendez-vous sur le <a href=\"https:\/\/open.spotify.com\/episode\/0Yjb8DYeW8CAruJCuf8Gtl?si=R5kIh4uRTF-Fs2VGisQ2QA\" target=\"_blank\" rel=\"noopener\">podcast Rolling Stone Music Now<\/a>.<\/p>\n","protected":false},"excerpt":{"rendered":"\u00a9 Yungblud (Presse) Yungblud annonce que la deuxi\u00e8me partie de son double-album Idols sortira bient\u00f4t. Un nouveau chapitre&hellip;\n","protected":false},"author":2,"featured_media":651185,"comment_status":"","ping_status":"","sticky":false,"template":"","format":"standard","meta":{"footnotes":""},"categories":[1355],"tags":[58,59,1011,27,1361,873],"class_list":{"0":"post-651184","1":"post","2":"type-post","3":"status-publish","4":"format-standard","5":"has-post-thumbnail","7":"category-musique","8":"tag-divertissement","9":"tag-entertainment","10":"tag-fr","11":"tag-france","12":"tag-music","13":"tag-musique"},"share_on_mastodon":{"url":"https:\/\/pubeurope.com\/@fr\/115864000552617782","error":""},"_links":{"self":[{"href":"https:\/\/www.europesays.com\/fr\/wp-json\/wp\/v2\/posts\/651184","targetHints":{"allow":["GET"]}}],"collection":[{"href":"https:\/\/www.europesays.com\/fr\/wp-json\/wp\/v2\/posts"}],"about":[{"href":"https:\/\/www.europesays.com\/fr\/wp-json\/wp\/v2\/types\/post"}],"author":[{"embeddable":true,"href":"https:\/\/www.europesays.com\/fr\/wp-json\/wp\/v2\/users\/2"}],"replies":[{"embeddable":true,"href":"https:\/\/www.europesays.com\/fr\/wp-json\/wp\/v2\/comments?post=651184"}],"version-history":[{"count":0,"href":"https:\/\/www.europesays.com\/fr\/wp-json\/wp\/v2\/posts\/651184\/revisions"}],"wp:featuredmedia":[{"embeddable":true,"href":"https:\/\/www.europesays.com\/fr\/wp-json\/wp\/v2\/media\/651185"}],"wp:attachment":[{"href":"https:\/\/www.europesays.com\/fr\/wp-json\/wp\/v2\/media?parent=651184"}],"wp:term":[{"taxonomy":"category","embeddable":true,"href":"https:\/\/www.europesays.com\/fr\/wp-json\/wp\/v2\/categories?post=651184"},{"taxonomy":"post_tag","embeddable":true,"href":"https:\/\/www.europesays.com\/fr\/wp-json\/wp\/v2\/tags?post=651184"}],"curies":[{"name":"wp","href":"https:\/\/api.w.org\/{rel}","templated":true}]}}