{"id":651186,"date":"2026-01-09T07:38:25","date_gmt":"2026-01-09T07:38:25","guid":{"rendered":"https:\/\/www.europesays.com\/fr\/651186\/"},"modified":"2026-01-09T07:38:25","modified_gmt":"2026-01-09T07:38:25","slug":"ne-manquez-pas-le-sublime-le-sud-de-victor-erice","status":"publish","type":"post","link":"https:\/\/www.europesays.com\/fr\/651186\/","title":{"rendered":"ne manquez pas le sublime \u00abLe Sud\u00bb de Victor Erice"},"content":{"rendered":"<p class=\"intro\">La bande-annonce du jour : \u00abLe Sud\u00bb de Victor Erice. Avec Omero Antonutti, Sonsoles Aranguren, Iciar Bollain, Lola Cardona. Ressortie dans une version restaur\u00e9e en 4K. <\/p>\n<p>Le synopsis :Dans l\u2019Espagne des ann\u00e9es 1950, Estrella, une petite fille de huit ans, vit avec ses parents au nord du pays, dans une maison appel\u00e9e \u201cLa Mouette\u201d. Son p\u00e8re, Agust\u00edn Arenas, m\u00e9decin taciturne et myst\u00e9rieux, radiesth\u00e9siste \u00e0 ses heures, est originaire du sud de l\u2019Espagne, r\u00e9gion qu\u2019il n\u2019\u00e9voque jamais. Intrigu\u00e9e par ses silences, Estrella grandit en essayant de percer le myst\u00e8re qui entoure la jeunesse et les blessures pass\u00e9es de cet homme qu\u2019elle admire profond\u00e9ment.<\/p>\n<p>L&rsquo;avis de Paris Match (5\/5)<\/p>\n<p>Un joyau m\u00e9connu du cin\u00e9aste-po\u00e8te espagnol Victor Erice (\u00abL&rsquo;Esprit de la ruche\u00bb), , portrait d&rsquo;une jeune fille qui tente de percer le myst\u00e8re qui plane autour de son p\u00e8re. Au-del\u00e0 de la mise en sc\u00e8ne \u00e0 la photographie sublime sign\u00e9e Jos\u00e9 Luis Alcaine (futur collaborateur de Pedro Almodovar), c&rsquo;est \u00a0l&rsquo;\u00e9criture qui est remarquable, la mani\u00e8re dont Victor Erice nous fait saisir la complexit\u00e9 des sentiments qu&rsquo;\u00e9prouve la jeune fille pour son paternel, m\u00e9lange d&rsquo;admiration et de r\u00e9signation. Pour la petite histoire, par manque de moyens, le cin\u00e9aste a d\u00fb se r\u00e9signer \u00e0 une sortie du film sans le troisi\u00e8me acte o\u00f9 la jeune femme d\u00e9couvrait la vie parall\u00e8le de son p\u00e8re dans le sud du titre&#8230; Regrets \u00e9ternels.<\/p>\n<p>    La suite apr\u00e8s cette publicit\u00e9<\/p>\n<p>\u00a0<\/p>\n","protected":false},"excerpt":{"rendered":"La bande-annonce du jour : \u00abLe Sud\u00bb de Victor Erice. Avec Omero Antonutti, Sonsoles Aranguren, Iciar Bollain, Lola&hellip;\n","protected":false},"author":2,"featured_media":651187,"comment_status":"","ping_status":"","sticky":false,"template":"","format":"standard","meta":{"footnotes":""},"categories":[1354],"tags":[58,59,1346,1011,27,1360],"class_list":{"0":"post-651186","1":"post","2":"type-post","3":"status-publish","4":"format-standard","5":"has-post-thumbnail","7":"category-films","8":"tag-divertissement","9":"tag-entertainment","10":"tag-films","11":"tag-fr","12":"tag-france","13":"tag-movies"},"share_on_mastodon":{"url":"https:\/\/pubeurope.com\/@fr\/115864004482790928","error":""},"_links":{"self":[{"href":"https:\/\/www.europesays.com\/fr\/wp-json\/wp\/v2\/posts\/651186","targetHints":{"allow":["GET"]}}],"collection":[{"href":"https:\/\/www.europesays.com\/fr\/wp-json\/wp\/v2\/posts"}],"about":[{"href":"https:\/\/www.europesays.com\/fr\/wp-json\/wp\/v2\/types\/post"}],"author":[{"embeddable":true,"href":"https:\/\/www.europesays.com\/fr\/wp-json\/wp\/v2\/users\/2"}],"replies":[{"embeddable":true,"href":"https:\/\/www.europesays.com\/fr\/wp-json\/wp\/v2\/comments?post=651186"}],"version-history":[{"count":0,"href":"https:\/\/www.europesays.com\/fr\/wp-json\/wp\/v2\/posts\/651186\/revisions"}],"wp:featuredmedia":[{"embeddable":true,"href":"https:\/\/www.europesays.com\/fr\/wp-json\/wp\/v2\/media\/651187"}],"wp:attachment":[{"href":"https:\/\/www.europesays.com\/fr\/wp-json\/wp\/v2\/media?parent=651186"}],"wp:term":[{"taxonomy":"category","embeddable":true,"href":"https:\/\/www.europesays.com\/fr\/wp-json\/wp\/v2\/categories?post=651186"},{"taxonomy":"post_tag","embeddable":true,"href":"https:\/\/www.europesays.com\/fr\/wp-json\/wp\/v2\/tags?post=651186"}],"curies":[{"name":"wp","href":"https:\/\/api.w.org\/{rel}","templated":true}]}}