{"id":651196,"date":"2026-01-09T07:44:12","date_gmt":"2026-01-09T07:44:12","guid":{"rendered":"https:\/\/www.europesays.com\/fr\/651196\/"},"modified":"2026-01-09T07:44:12","modified_gmt":"2026-01-09T07:44:12","slug":"la-france-ne-votera-pas-laccord-de-commerce-entre-lunion-europeenne-et-le-mercosur","status":"publish","type":"post","link":"https:\/\/www.europesays.com\/fr\/651196\/","title":{"rendered":"La France ne votera pas l\u2019accord de commerce entre l\u2019Union europ\u00e9enne et le Mercosur"},"content":{"rendered":"<p>                      <img loading=\"lazy\" decoding=\"async\" src=\"https:\/\/www.europesays.com\/fr\/wp-content\/uploads\/2026\/01\/de503c1_ftp-1-xfrqxzc5ccle-5830922-01-06.jpg\" alt=\"Manifestation de la Coordination rurale contre l\u2019accord de commerce entre l\u2019UE et le Mercosur, devant l\u2019Assembl\u00e9e nationale, \u00e0 Paris, le 8\u00a0janvier\u00a02026.\"   width=\"664\" height=\"443\"\/>    Manifestation de la Coordination rurale contre l\u2019accord de commerce entre l\u2019UE et le Mercosur, devant l\u2019Assembl\u00e9e nationale, \u00e0 Paris, le 8\u00a0janvier\u00a02026.  LUDOVIC MARIN\/AFP                            <\/p>\n<p class=\"article__paragraph  \">Emmanuel Macron a tranch\u00e9\u00a0: malgr\u00e9 les concessions \u00ab\u00a0incontestables\u00a0\u00bb de Bruxelles, la France votera \u00ab\u00a0contre\u00a0\u00bb l\u2019accord commercial entre l\u2019Union europ\u00e9enne (UE) et quatre pays du Mercosur, vendredi 9\u00a0janvier.<\/p>\n<p class=\"article__paragraph  \">\u00ab\u00a0Le constat doit \u00eatre dress\u00e9 d\u2019un rejet politique unanime de l\u2019accord\u00a0\u00bb, a d\u00e9clar\u00e9, jeudi soir, le chef de l\u2019Etat, dans un communiqu\u00e9, apr\u00e8s un appel pour informer Ursula von der Leyen de sa d\u00e9cision. La pr\u00e9sidente de la Commission europ\u00e9enne doit s\u2019envoler en d\u00e9but de semaine vers l\u2019Am\u00e9rique du Sud avec la b\u00e9n\u00e9diction des Etats europ\u00e9ens pour parapher la signature de l\u2019UE.<\/p>\n<p class=\"article__paragraph  \">La Pologne, la Hongrie, l\u2019Irlande et l\u2019Autriche devraient \u00e9galement s\u2019opposer au trait\u00e9, sans parvenir \u00e0 le bloquer pour autant. L\u2019Italie, qui avait demand\u00e9 un d\u00e9lai suppl\u00e9mentaire en d\u00e9cembre\u00a02025, semble cette fois pr\u00eate \u00e0 donner son aval, potentiellement d\u00e9cisif.<\/p>\n<p class=\"article__paragraph  \">Apr\u00e8s plus de vingt-cinq ans de n\u00e9gociations, l\u2019UE touche du doigt cet accord commercial avec l\u2019Argentine, le Br\u00e9sil, le Paraguay et l\u2019Uruguay, qui vise \u00e0 cr\u00e9er l\u2019une des plus grandes zones de libre-\u00e9change au monde. Pour ses d\u00e9tracteurs, le trait\u00e9 va bousculer l\u2019agriculture europ\u00e9enne \u00e0 coups de produits moins chers et pas forc\u00e9ment respectueux des normes environnementales de l\u2019UE, faute de contr\u00f4les suffisants.<\/p>\n<p>                      Calcul politique                      <\/p>\n<p class=\"article__paragraph  \">Avec des responsables politiques de tous bords hostiles et des manifestations d\u2019agriculteurs venus en tracteurs \u00e0 Paris, la pression \u00e9tait forte en France. Emmanuel Macron, qui \u00e9voque un trait\u00e9 \u00ab\u00a0d\u2019un autre \u00e2ge\u00a0\u00bb \u00e0 l\u2019impact limit\u00e9, a fait le calcul politique qu\u2019il valait mieux aller dans le sens des opposants, pour pr\u00e9server son premier ministre, S\u00e9bastien Lecornu, et lui \u00e9viter de chuter avant m\u00eame d\u2019avoir r\u00e9ussi \u00e0 faire adopter un budget pour l\u2019ann\u00e9e en cours. Quand bien m\u00eame, au fond, et contrairement aux manifestants, il ne juge pas cet accord commercial si n\u00e9faste.<\/p>\n<p>                                         Lire aussi |  <a href=\"https:\/\/www.lemonde.fr\/idees\/article\/2026\/01\/07\/mercosur-le-mauvais-pari-diplomatique-de-la-france_6660866_3232.html\" class=\"js-article-read-also catcher--favoris__link\" data-premium=\"\" id=\"article-title-3453514\" target=\"_blank\" rel=\"noopener\">Mercosur\u00a0: le mauvais pari diplomatique de la France<\/a>    <\/p>\n<p>   Lire plus tard  <\/p>\n<p class=\"article__paragraph  \">D\u00e9but novembre, depuis le Br\u00e9sil, le pr\u00e9sident fran\u00e7ais avait insist\u00e9 sur les bienfaits du texte pour \u00ab\u00a0notre fili\u00e8re viticole qui est heurt\u00e9e par les tarifs am\u00e9ricains\u00a0\u00bb et pour \u00ab\u00a0beaucoup de secteurs industriels\u00a0\u00bb en qu\u00eate de \u00ab\u00a0diversification\u00a0\u00bb. Il avait \u00e9galement salu\u00e9 le \u00ab\u00a0paquet\u00a0\u00bb de mesures \u00ab\u00a0tout \u00e0 fait acceptable\u00a0\u00bb propos\u00e9 par Bruxelles, notamment sur une \u00ab\u00a0clause de sauvegarde\u00a0\u00bb pour prot\u00e9ger les fili\u00e8res agricoles en cas de perturbation du march\u00e9. \u00ab\u00a0Je suis plut\u00f4t positif mais je reste vigilant\u00a0\u00bb, avait-il l\u00e2ch\u00e9, laissant entrevoir un possible feu vert fran\u00e7ais \u00e0 terme, si d\u2019autres exigences \u00e9taient satisfaites.<\/p>\n<p class=\"article__paragraph  \">Ses d\u00e9clarations avaient mis le feu aux poudres en France. Le pr\u00e9sident de la R\u00e9publique \u00e9tait donc revenu sur la position des mois pr\u00e9c\u00e9dents\u00a0: un \u00ab\u00a0non tr\u00e8s ferme de la France\u00a0\u00bb \u00e0 l\u2019accord \u00ab\u00a0en l\u2019\u00e9tat\u00a0\u00bb. Et il avait redoubl\u00e9 d\u2019efforts dans son bras de fer pour obtenir plus de garanties de la Commission europ\u00e9enne.<\/p>\n<p>                      Motion de censure                      <\/p>\n<p class=\"article__paragraph  \">Avant No\u00ebl, \u00e0 Bruxelles, gr\u00e2ce au soutien de l\u2019Italie, il avait m\u00eame r\u00e9ussi \u00e0 arracher un bref report de la signature qui semblait imminente. Depuis, l\u2019ex\u00e9cutif fran\u00e7ais se targue d\u2019avoir engrang\u00e9 des victoires pour ses agriculteurs, sur le co\u00fbt des engrais comme sur le futur budget de la politique agricole commune (PAC) pour s\u00e9curiser les aides europ\u00e9ennes \u00e0 leur revenu.<\/p>\n<p class=\"article__paragraph  \">Mais Paris n\u2019a pas r\u00e9ussi, a priori, \u00e0 r\u00e9unir une minorit\u00e9 de blocage, et l\u2019accord devrait donc \u00eatre ent\u00e9rin\u00e9 par l\u2019UE \u00e0 la majorit\u00e9 qualifi\u00e9e. De quoi nourrir les accusations d\u2019impuissance envers le chef de l\u2019Etat, voire d\u2019une entente tacite avec les instances europ\u00e9ennes, tr\u00e8s favorables au\u00a0Mercosur qui est aussi pl\u00e9biscit\u00e9 par l\u2019Allemagne et l\u2019Espagne.<\/p>\n<p> Le Monde Guides d\u2019achat  <\/p>\n<p> <a href=\"https:\/\/www.lemonde.fr\/guides-d-achat\/article\/2022\/06\/15\/les-meilleures-gourdes-pour-remplacer-les-bouteilles-jetables_6130466_5306571.html\" class=\"inread__link js-services-inread-link\" target=\"_blank\" rel=\"noopener\">  <\/p>\n<p>Gourdes r\u00e9utilisables<\/p>\n<p>Les meilleures gourdes pour remplacer les bouteilles jetables<\/p>\n<p>Lire<\/p>\n<p> <\/a>      <\/p>\n<p> Newsletter  <\/p>\n<p> <a href=\"https:\/\/www.lemonde.fr\/newsletters\/a-la-une\/\" class=\"inread__link js-services-inread-link\" target=\"_blank\" rel=\"noopener\">  <\/p>\n<p>\u00ab A la une \u00bb<\/p>\n<p>Chaque matin, parcourez l&rsquo;essentiel de l&rsquo;actualit\u00e9 du jour avec les derniers titres du \u00ab Monde \u00bb<\/p>\n<p>S&rsquo;inscrire<\/p>\n<p> <\/a>      <\/p>\n<p> Newsletter  <\/p>\n<p> <a href=\"https:\/\/www.lemonde.fr\/newsletters\/la-revue-du-monde\/\" class=\"inread__link js-services-inread-link\" target=\"_blank\" rel=\"noopener\">  <\/p>\n<p>\u00ab La revue du Monde \u00bb<\/p>\n<p>Chaque week-end, la r\u00e9daction s\u00e9lectionne les articles de la semaine qu\u2019il ne fallait pas manquer<\/p>\n<p>S&rsquo;inscrire<\/p>\n<p> <\/a>          <\/p>\n<p> Le Monde Jeux   <\/p>\n<p> <a href=\"https:\/\/jeux.lemonde.fr\/?inread\" class=\"inread__link js-services-inread-link\" target=\"_blank\" rel=\"noopener\">  <\/p>\n<p>Chaque jour de nouvelles grilles de mots crois\u00e9s, Sudoku et mots trouv\u00e9s.<\/p>\n<p>Jouer<\/p>\n<p> <\/a>      <\/p>\n<p> Newsletter abonn\u00e9s  <\/p>\n<p> <a href=\"https:\/\/www.lemonde.fr\/newsletters\/la-lettre-eco\/\" class=\"inread__link js-services-inread-link\" target=\"_blank\" rel=\"noopener\">  <\/p>\n<p>\u00ab La lettre \u00e9co \u00bb<\/p>\n<p>Le regard du \u00ab Monde \u00bb sur l\u2019actualit\u00e9 \u00e9conomique du jour<\/p>\n<p>S&rsquo;inscrire<\/p>\n<p> <\/a>          <\/p>\n<p> Newsletter abonn\u00e9s  <\/p>\n<p> <a href=\"https:\/\/www.lemonde.fr\/newsletters\/la-lettre-des-idees\/\" class=\"inread__link js-services-inread-link\" target=\"_blank\" rel=\"noopener\">  <\/p>\n<p>\u00ab La lettre des id\u00e9es \u00bb<\/p>\n<p>Votre rendez-vous avec la vie intellectuelle<\/p>\n<p>S&rsquo;inscrire<\/p>\n<p> <\/a>      <\/p>\n<p> Newsletter abonn\u00e9s  <\/p>\n<p> <a href=\"https:\/\/www.lemonde.fr\/newsletters\/la-lettre-eco\/\" class=\"inread__link js-services-inread-link\" target=\"_blank\" rel=\"noopener\">  <\/p>\n<p>\u00ab La lettre \u00e9co \u00bb<\/p>\n<p>Le regard du \u00ab Monde \u00bb sur l\u2019actualit\u00e9 \u00e9conomique du jour<\/p>\n<p>S&rsquo;inscrire<\/p>\n<p> <\/a>             <\/p>\n<p class=\"article__paragraph  \">Le pr\u00e9sident du Rassemblement national, Jordan Bardella, a estim\u00e9 que ce \u00ab\u00a0non\u00a0\u00bb \u00e9tait \u00ab\u00a0une man\u0153uvre de communication aussi tardive qu\u2019hypocrite\u00a0\u00bb, une mise en sc\u00e8ne \u00ab\u00a0et donc\u00a0\u00bb une trahison des agriculteurs. Il a annonc\u00e9 que le parti d\u2019extr\u00eame droite d\u00e9poserait une motion de censure contre le gouvernement Lecornu, qui a peu de chances d\u2019aboutir. <a href=\"https:\/\/www.lemonde.fr\/politique\/article\/2026\/01\/07\/mercosur-emmanuel-macron-prend-le-risque-d-une-censure-du-gouvernement-s-il-vote-pour-l-accord-de-libre-echange-previent-bruno-retailleau_6660890_823448.html\" target=\"_blank\" rel=\"noopener\">Le patron du parti Les R\u00e9publicains, Bruno Retailleau, avait lui aussi fait planer le \u00ab\u00a0risque d\u2019une censure\u00a0\u00bb<\/a> mais uniquement si Emmanuel Macron avait choisi de voter en faveur du texte.<\/p>\n<p class=\"article__paragraph  \">\u00ab\u00a0Emmanuel Macron a une responsabilit\u00e9 directe si ce trait\u00e9 passe\u00a0\u00bb puisque, \u00ab\u00a0depuis huit ans, il aurait pu et il aurait d\u00fb bloquer cet accord\u00a0\u00bb, a affirm\u00e9, de son c\u00f4t\u00e9, la cheffe des d\u00e9put\u00e9s de La\u00a0France insoumise, Mathilde Panot, \u00e0 l\u2019issue d\u2019une r\u00e9union \u00e0 l\u2019Elys\u00e9e.<\/p>\n<p class=\"author__detail\">  Le Monde avec AFP  <\/p>\n","protected":false},"excerpt":{"rendered":"Manifestation de la Coordination rurale contre l\u2019accord de commerce entre l\u2019UE et le Mercosur, devant l\u2019Assembl\u00e9e nationale, \u00e0&hellip;\n","protected":false},"author":2,"featured_media":651197,"comment_status":"","ping_status":"","sticky":false,"template":"","format":"standard","meta":{"footnotes":""},"categories":[5],"tags":[11,1011,27,14,12,28],"class_list":{"0":"post-651196","1":"post","2":"type-post","3":"status-publish","4":"format-standard","5":"has-post-thumbnail","7":"category-international","8":"tag-actualites","9":"tag-fr","10":"tag-france","11":"tag-international","12":"tag-news","13":"tag-world"},"share_on_mastodon":{"url":"https:\/\/pubeurope.com\/@fr\/115864028155350762","error":""},"_links":{"self":[{"href":"https:\/\/www.europesays.com\/fr\/wp-json\/wp\/v2\/posts\/651196","targetHints":{"allow":["GET"]}}],"collection":[{"href":"https:\/\/www.europesays.com\/fr\/wp-json\/wp\/v2\/posts"}],"about":[{"href":"https:\/\/www.europesays.com\/fr\/wp-json\/wp\/v2\/types\/post"}],"author":[{"embeddable":true,"href":"https:\/\/www.europesays.com\/fr\/wp-json\/wp\/v2\/users\/2"}],"replies":[{"embeddable":true,"href":"https:\/\/www.europesays.com\/fr\/wp-json\/wp\/v2\/comments?post=651196"}],"version-history":[{"count":0,"href":"https:\/\/www.europesays.com\/fr\/wp-json\/wp\/v2\/posts\/651196\/revisions"}],"wp:featuredmedia":[{"embeddable":true,"href":"https:\/\/www.europesays.com\/fr\/wp-json\/wp\/v2\/media\/651197"}],"wp:attachment":[{"href":"https:\/\/www.europesays.com\/fr\/wp-json\/wp\/v2\/media?parent=651196"}],"wp:term":[{"taxonomy":"category","embeddable":true,"href":"https:\/\/www.europesays.com\/fr\/wp-json\/wp\/v2\/categories?post=651196"},{"taxonomy":"post_tag","embeddable":true,"href":"https:\/\/www.europesays.com\/fr\/wp-json\/wp\/v2\/tags?post=651196"}],"curies":[{"name":"wp","href":"https:\/\/api.w.org\/{rel}","templated":true}]}}