{"id":651212,"date":"2026-01-09T07:54:11","date_gmt":"2026-01-09T07:54:11","guid":{"rendered":"https:\/\/www.europesays.com\/fr\/651212\/"},"modified":"2026-01-09T07:54:11","modified_gmt":"2026-01-09T07:54:11","slug":"le-fantome-de-montpellier-ici","status":"publish","type":"post","link":"https:\/\/www.europesays.com\/fr\/651212\/","title":{"rendered":"Le Fant\u00f4me de Montpellier | ICI"},"content":{"rendered":"<p>Un fant\u00f4me terrorise tout un quartier<\/p>\n<p class=\"PopSlotParagraph qg-tx2 qg-xtra-lh svelte-1r0pyek\">Portes qui claquent violemment dans la nuit, parquet qui grince, inscriptions franchement mena\u00e7antes&#8230; Les habitants de la rue Montels \u00e0 Montpellier vivent dans la peur\u00a0! Un fant\u00f4me r\u00f4de&#8230; D&rsquo;ailleurs, il y a quelques semaines, on a appris qu&rsquo;un ancien voisin peu fr\u00e9quentable s&rsquo;\u00e9tait \u00e9chapp\u00e9 du bagne. Panique \u00e0 bord\u00a0!<\/p>\n<p> L&rsquo;enqu\u00eate<\/p>\n<p class=\"PopSlotParagraph qg-tx2 qg-xtra-lh svelte-1r0pyek\">La police m\u00e8ne son enqu\u00eate mais ne trouve pas grand chose, mis \u00e0 part une porte qui a \u00e9t\u00e9 huil\u00e9e dans le plus grand des secrets. Le fant\u00f4me peut-\u00eatre, qui pourra ainsi se faufiler discr\u00e8tement dans l&rsquo;immeuble\u00a0?<\/p>\n<p class=\"PopSlotParagraph qg-tx2 qg-xtra-lh svelte-1r0pyek\">Un soir, les habitants de l&rsquo;immeuble hant\u00e9 entende du bruit au grenier\u00a0: ils aper\u00e7oivent le bras du fant\u00f4me, il s&rsquo;\u00e9chappe\u00a0! La police arrive et d\u00e9couvre que le fant\u00f4me est un jeune homme habitant l&rsquo;immeuble. Il avait un peu trop lu de romans&#8230;<\/p>\n","protected":false},"excerpt":{"rendered":"Un fant\u00f4me terrorise tout un quartier Portes qui claquent violemment dans la nuit, parquet qui grince, inscriptions franchement&hellip;\n","protected":false},"author":2,"featured_media":651213,"comment_status":"","ping_status":"","sticky":false,"template":"","format":"standard","meta":{"footnotes":""},"categories":[9599],"tags":[1111,11,1777,674,1011,27,2208,12,2680,25],"class_list":{"0":"post-651212","1":"post","2":"type-post","3":"status-publish","4":"format-standard","5":"has-post-thumbnail","7":"category-montpellier","8":"tag-actu","9":"tag-actualites","10":"tag-eu","11":"tag-europe","12":"tag-fr","13":"tag-france","14":"tag-montpellier","15":"tag-news","16":"tag-occitanie","17":"tag-republique-francaise"},"share_on_mastodon":{"url":"https:\/\/pubeurope.com\/@fr\/115864067425163489","error":""},"_links":{"self":[{"href":"https:\/\/www.europesays.com\/fr\/wp-json\/wp\/v2\/posts\/651212","targetHints":{"allow":["GET"]}}],"collection":[{"href":"https:\/\/www.europesays.com\/fr\/wp-json\/wp\/v2\/posts"}],"about":[{"href":"https:\/\/www.europesays.com\/fr\/wp-json\/wp\/v2\/types\/post"}],"author":[{"embeddable":true,"href":"https:\/\/www.europesays.com\/fr\/wp-json\/wp\/v2\/users\/2"}],"replies":[{"embeddable":true,"href":"https:\/\/www.europesays.com\/fr\/wp-json\/wp\/v2\/comments?post=651212"}],"version-history":[{"count":0,"href":"https:\/\/www.europesays.com\/fr\/wp-json\/wp\/v2\/posts\/651212\/revisions"}],"wp:featuredmedia":[{"embeddable":true,"href":"https:\/\/www.europesays.com\/fr\/wp-json\/wp\/v2\/media\/651213"}],"wp:attachment":[{"href":"https:\/\/www.europesays.com\/fr\/wp-json\/wp\/v2\/media?parent=651212"}],"wp:term":[{"taxonomy":"category","embeddable":true,"href":"https:\/\/www.europesays.com\/fr\/wp-json\/wp\/v2\/categories?post=651212"},{"taxonomy":"post_tag","embeddable":true,"href":"https:\/\/www.europesays.com\/fr\/wp-json\/wp\/v2\/tags?post=651212"}],"curies":[{"name":"wp","href":"https:\/\/api.w.org\/{rel}","templated":true}]}}