{"id":651214,"date":"2026-01-09T07:55:10","date_gmt":"2026-01-09T07:55:10","guid":{"rendered":"https:\/\/www.europesays.com\/fr\/651214\/"},"modified":"2026-01-09T07:55:10","modified_gmt":"2026-01-09T07:55:10","slug":"noubliez-pas-les-paroles-the-voice-kids-des-stars-de-la-television-sur-scene-pres-de-rouen-ce-week-end","status":"publish","type":"post","link":"https:\/\/www.europesays.com\/fr\/651214\/","title":{"rendered":"N&rsquo;oubliez pas les paroles, The Voice Kids&#8230; Des stars de la t\u00e9l\u00e9vision sur sc\u00e8ne pr\u00e8s de Rouen ce week-end"},"content":{"rendered":"<p>                    Par<br \/>\n        <strong><br \/>\n            <a href=\"https:\/\/actu.fr\/auteur\/laredaction\" title=\"Consulter tous les articles de R\u00e9daction Normandie\" target=\"_blank\" rel=\"noopener\">R\u00e9daction Normandie<\/a><br \/>\n                    <\/strong><\/p>\n<p>        Publi\u00e9 le<\/p>\n<p>            8 janv. 2026 \u00e0 20h04        <\/p>\n<p>En 2018, d\u2019anciens candidats de l\u2019\u00e9mission N\u2019oubliez pas les paroles se sont r\u00e9unis pour un concert caritatif, avec un premier succ\u00e8s \u00e0 la cl\u00e9. D\u00e8s 2022, ils sont partis en tourn\u00e9e, rejoints par des artistes d\u2019autres programmes t\u00e9l\u00e9vis\u00e9s comme la <a href=\"https:\/\/actu.fr\/tag\/star-academy\" target=\"_blank\" rel=\"noopener\">Star Academy<\/a>, The Voice &amp; The Voice Kids, l\u2019Eurovision junior ou encore le Plus grand karaok\u00e9 de France. Depuis, <a href=\"https:\/\/actu.fr\/normandie\/bihorel_76095\/bihorel-des-chanteurs-demissions-a-succes-sur-la-scene-du-ptit-lido-pour-la-bonne-cause_62491570.html\" target=\"_blank\" rel=\"noopener\">177 concerts<\/a> ont eu lieu dans l\u2019hexagone qui ont accueilli pr\u00e8s de 45 000\u00a0spectateurs.<\/p>\n<p class=\" wall-content\">\u00ab Nous sommes toujours douze sur sc\u00e8ne avec de beaux parcours t\u00e9l\u00e9vis\u00e9s. Nous chantons b\u00e9n\u00e9volement pour que les b\u00e9n\u00e9fices des concerts soient revers\u00e9s \u00e0 l\u2019association pour la recherche sur les tumeurs c\u00e9r\u00e9brales (ARTC). Chaque ann\u00e9e, nous reversons pr\u00e8s de 10 000\u00a0euros \u00bb, explique Dorian Bedel, co-fondateur et vainqueur de N\u2019oubliez pas les paroles en 2021. Et ce week-end, ils seront \u00e0 Bihorel, pr\u00e8s de <a href=\"https:\/\/actu.fr\/normandie\/rouen_76540\" target=\"_blank\" rel=\"noopener\">Rouen<\/a>.<\/p>\n<p>Deux heures de chansons de tous styles<\/p>\n<p class=\" wall-content\">Samedi 10 janvier 2026, les spectateurs entendront des chansons de tous les styles. D\u2019\u00c9dith Piaf \u00e0 Viannet, de Jacques Brel \u00e0 Jacques Higelin, d\u2019Elton John \u00e0 Supertramp.<\/p>\n<blockquote class=\"ac-article-quote wall-content\">\n<p>Un panel tr\u00e8s large, car cela correspond \u00e0 notre public qui va des enfants aux grands-parents. Il faut faire plaisir \u00e0 tout le monde. Tout cela sera accompagn\u00e9 par des costumes, des lumi\u00e8res, des danses et des anecdotes des \u00e9missions, car les gens aiment cela. Ils aiment aussi reprendre les refrains connus avec nous. <\/p>\n<p>    <strong>Dorian Bedel<\/strong><br \/>\n        co-fondateur et vainqueur de N&rsquo;oubliez pas les paroles en 2021    <\/p><\/blockquote>\n<p>\u00a0<\/p>\n<p class=\" wall-content\">Pour cette premi\u00e8re date de la saison 2026, qui va comprendre 60 concerts dont la 200e, et un show exceptionnel devant plusieurs milliers d\u2019estivants, le 15\u00a0ao\u00fbt \u00e0 Fort-Mahon (Somme), les artistes qui monteront sur sc\u00e8ne sont les suivants : Lauren, Violaine, L\u00e9a, \u00c9lodie de N\u2019oubliez pas les paroles ; Iskandar, Jade et N\u00e9o de The Voice &amp; The Voice Kids ; les Barentinois Dim\u00e8te et Damien, vainqueurs du Plus grand karaok\u00e9 de France, \u00ab et une surprise, Julien, de la derni\u00e8re saison de L\u2019amour est dans le pr\u00e9. Ce jeune agriculteur qui passait son temps \u00e0 gratter sa guitare et chanter. On nous a parl\u00e9 de lui et il avait sa place avec nous, car il a du talent \u00bb, souligne Dorian Bedel.<\/p>\n<p>Vid\u00e9os : en ce moment sur Actu<\/p>\n<p class=\" wall-content\">Au d\u00e9part, il constate qu\u2019il fallait convaincre les chanteurs mais aujourd\u2019hui, ce sont eux qui demandent \u00e0 venir. \u00ab Ce sera le cas, courant janvier, de Lou Deleuze qui vient de remporter l\u2019Eurovision Junior en G\u00e9orgie. Notre concept reste toujours le m\u00eame. Faire plaisir et venir en r\u00e9gion \u00bb, conclut Dorian Lebel.<\/p>\n<p>Des chansons plein la t\u00eate, le samedi 21 janvier, \u00e0 20 h 30 au P\u2019tit Lido, rue Carnot, \u00e0 Bihorel. Tarifs : 15 euros \/ 10 euros pour les moins de 12 ans. R\u00e9servation \u00e0 la mairie :\u00a0\u00a002 35 59 56 34 ou sur www.bihorel.fr\/agenda\/concert-des-chansons-plein-la-tete\/ R\u00e8glement sur place le soir du concert<\/p>\n<p>Votre r\u00e9gion, votre actu !<\/p>\n<p>Recevez chaque jour les infos qui comptent pour vous.<\/p>\n<p>\t<a href=\"https:\/\/actu.fr\/newsletter\" class=\"ac-btn ac-btn--corner ac-btn--medium ac-btn--blue800\" target=\"_blank\" rel=\"noopener\">S&rsquo;incrire<\/a><br \/>\nSuivez l\u2019actualit\u00e9 de Rouen sur notre <a href=\"https:\/\/www.whatsapp.com\/channel\/0029VaKfnf99hXF2ddApFB1D\" target=\"_blank\" rel=\"noopener\">cha\u00eene WhatsApp<\/a> et sur notre <a href=\"https:\/\/www.tiktok.com\/@76actu.fr?lang=fr\" target=\"_blank\" rel=\"noopener\">compte TikTok<\/a><\/p>\n<p class=\" wall-content\">Personnalisez votre actualit\u00e9 en ajoutant vos villes et m\u00e9dias en favori avec <a href=\"https:\/\/moncompte.actu.fr\" title=\"D\u00e9couvez Mon Actu\" rel=\"nofollow noopener\" data-trk=\"{&quot;cta&quot;:{&quot;action&quot;:&quot;https:\\\/\\\/moncompte.actu.fr&quot;,&quot;category&quot;:&quot;mon compte&quot;,&quot;from&quot;:&quot;article footer&quot;,&quot;name&quot;:&quot;Mon actu&quot;,&quot;type&quot;:&quot;cta&quot;}}\" target=\"_blank\">Mon Actu<\/a>.<\/p>\n<p>                    <script async src=\"\/\/www.tiktok.com\/embed.js\"><\/script><\/p>\n","protected":false},"excerpt":{"rendered":"Par R\u00e9daction Normandie Publi\u00e9 le 8 janv. 2026 \u00e0 20h04 En 2018, d\u2019anciens candidats de l\u2019\u00e9mission N\u2019oubliez pas&hellip;\n","protected":false},"author":2,"featured_media":651215,"comment_status":"","ping_status":"","sticky":false,"template":"","format":"standard","meta":{"footnotes":""},"categories":[9587],"tags":[1111,11,1697,1777,674,1011,27,1652,12,5161,25,9590,252,3074],"class_list":{"0":"post-651214","1":"post","2":"type-post","3":"status-publish","4":"format-standard","5":"has-post-thumbnail","7":"category-rouen","8":"tag-actu","9":"tag-actualites","10":"tag-concert","11":"tag-eu","12":"tag-europe","13":"tag-fr","14":"tag-france","15":"tag-loisirs-culture","16":"tag-news","17":"tag-normandie","18":"tag-republique-francaise","19":"tag-rouen","20":"tag-television","21":"tag-the-voice"},"share_on_mastodon":{"url":"https:\/\/pubeurope.com\/@fr\/115864071348379473","error":""},"_links":{"self":[{"href":"https:\/\/www.europesays.com\/fr\/wp-json\/wp\/v2\/posts\/651214","targetHints":{"allow":["GET"]}}],"collection":[{"href":"https:\/\/www.europesays.com\/fr\/wp-json\/wp\/v2\/posts"}],"about":[{"href":"https:\/\/www.europesays.com\/fr\/wp-json\/wp\/v2\/types\/post"}],"author":[{"embeddable":true,"href":"https:\/\/www.europesays.com\/fr\/wp-json\/wp\/v2\/users\/2"}],"replies":[{"embeddable":true,"href":"https:\/\/www.europesays.com\/fr\/wp-json\/wp\/v2\/comments?post=651214"}],"version-history":[{"count":0,"href":"https:\/\/www.europesays.com\/fr\/wp-json\/wp\/v2\/posts\/651214\/revisions"}],"wp:featuredmedia":[{"embeddable":true,"href":"https:\/\/www.europesays.com\/fr\/wp-json\/wp\/v2\/media\/651215"}],"wp:attachment":[{"href":"https:\/\/www.europesays.com\/fr\/wp-json\/wp\/v2\/media?parent=651214"}],"wp:term":[{"taxonomy":"category","embeddable":true,"href":"https:\/\/www.europesays.com\/fr\/wp-json\/wp\/v2\/categories?post=651214"},{"taxonomy":"post_tag","embeddable":true,"href":"https:\/\/www.europesays.com\/fr\/wp-json\/wp\/v2\/tags?post=651214"}],"curies":[{"name":"wp","href":"https:\/\/api.w.org\/{rel}","templated":true}]}}