{"id":651225,"date":"2026-01-09T08:04:15","date_gmt":"2026-01-09T08:04:15","guid":{"rendered":"https:\/\/www.europesays.com\/fr\/651225\/"},"modified":"2026-01-09T08:04:15","modified_gmt":"2026-01-09T08:04:15","slug":"lopera-national-du-rhin-demenagera-au-palais-des-fetes-pendant-cinq-ans-a-partir-de-2028","status":"publish","type":"post","link":"https:\/\/www.europesays.com\/fr\/651225\/","title":{"rendered":"L&rsquo;Op\u00e9ra national du Rhin d\u00e9m\u00e9nagera au Palais des f\u00eates pendant cinq ans \u00e0 partir de 2028"},"content":{"rendered":"<p><strong>Le Palais des f\u00eates de Strasbourg, b\u00e2timent inscrit aux monuments historiques, va \u00eatre am\u00e9nag\u00e9 pour accueillir l\u2019Op\u00e9ra national du Rhin pendant cinq ans \u00e0 partir de 2028, le temps de sa r\u00e9novation, a annonc\u00e9 jeudi la maire de la ville, Jeanne Barseghian.<\/strong><\/p>\n<p>Le Th\u00e9\u00e2tre Municipal, b\u00e2timent qui h\u00e9berge \u00e0 Strasbourg <a href=\"https:\/\/www.radioclassique.fr\/classique\/alsace-la-renovation-du-theatre-municipal-de-strasbourg-qui-abrite-lopera-du-rhin-devrait-debuter-dici-2026\/\" target=\"_blank\" rel=\"noopener\">l\u2019Op\u00e9ra national du Rhin<\/a>, doit subir une vaste op\u00e9ration de r\u00e9novation et d\u2019extension et sera donc ferm\u00e9 pendant les travaux qui doivent d\u00e9buter \u00e0 l\u2019automne 2028 et s\u2019achever fin 2033. Pour accueillir les spectacles \u00ab\u00a0hors les murs\u00a0\u00bb de l\u2019Op\u00e9ra national du Rhin pendant ces cinq ans, le Palais des f\u00eates, o\u00f9 sont pour l\u2019instant organis\u00e9s des concerts et spectacles de ch\u0153urs amateurs, va \u00eatre adapt\u00e9 afin d\u2019y cr\u00e9er notamment une fosse d\u2019orchestre de 100 m2, un gradin et des loges.<\/p>\n<p>Le projet pr\u00e9voit \u00ab\u00a0des am\u00e9nagements provisoires pour accueillir l\u2019Op\u00e9ra national du Rhin dans les meilleures conditions\u00a0\u00bb mais aussi \u00ab\u00a0des am\u00e9nagements p\u00e9rennes demand\u00e9s par les acteurs culturels de la ville, comme des loges, des espaces de stockage, des monte-charges, autant d\u2019\u00e9l\u00e9ments indispensables qui jusque-l\u00e0 ont tr\u00e8s clairement frein\u00e9 l\u2019exploitation de ce lieu\u00a0\u00bb,\u00a0a d\u00e9clar\u00e9 la maire.<\/p>\n<p>Le Palais des f\u00eates ne proposera que 660 places<\/p>\n<p>Parmi ces am\u00e9liorations durables, \u00ab\u00a0le monte-d\u00e9cors, le d\u00e9senfumage, ou l\u2019acoustique du grand foyer, des \u00e9l\u00e9ments qui sont vraiment structurants pour le b\u00e2timent\u00a0\u00bb,\u00a0a expliqu\u00e9 Vincent Speller, co-g\u00e9rant de l\u2019agence d\u2019architecture Fabre\/Speller, sp\u00e9cialis\u00e9e dans les b\u00e2timents culturels.<\/p>\n<p style=\"color: #282828; text-align: left;\">A lire aussi<\/p>\n<p>\u00a0<\/p>\n<p>\u00ab\u00a0Au niveau de la vision et de l\u2019\u00e9coute, ce sera une meilleure salle que l\u2019actuelle\u00a0\u00bb,\u00a0a soulign\u00e9 <a href=\"https:\/\/www.radioclassique.fr\/classique\/jy-ai-vu-mes-premiers-operas-a-11-ans-alain-perroux-nomme-a-la-tete-du-grand-theatre-de-geneve\/\" target=\"_blank\" rel=\"noopener\">Alain Perroux<\/a>. Actuellement, pr\u00e8s de la moiti\u00e9 des places de l\u2019op\u00e9ra pr\u00e9sentent une visibilit\u00e9 r\u00e9duite. \u00ab\u00a0Seul d\u00e9savantage\u00a0\u00bb point\u00e9 par le directeur g\u00e9n\u00e9ral de l\u2019Op\u00e9ra national du Rhin, qui quittera ses fonctions <a href=\"https:\/\/www.radioclassique.fr\/classique\/chrysoline-dupont-bientot-a-la-tete-de-lopera-national-du-rhin\/\" target=\"_blank\" rel=\"noopener\">en juillet 2026<\/a>, la \u00ab\u00a0petite\u00a0\u00bb jauge: le palais des f\u00eates ne proposera en effet que 660 places environ contre 1.100 pour l\u2019op\u00e9ra de Strasbourg.<\/p>\n<blockquote class=\"instagram-media\" data-instgrm-permalink=\"https:\/\/www.instagram.com\/reel\/DTQZAE4jAxg\/?utm_source=ig_embed&amp;utm_campaign=loading\" data-instgrm-version=\"14\" style=\"background: #FFF; border: 0; border-radius: 3px; box-shadow: 0 0 1px 0 rgba(0,0,0,0.5),0 1px 10px 0 rgba(0,0,0,0.15); margin: 1px; max-width: 540px; min-width: 326px; padding: 0; width: calc(100% - 2px);\">\n<\/blockquote>\n<p>Les travaux du Palais des f\u00eates, d\u2019un montant de 11 millions d\u2019euros, vont d\u00e9buter \u00e0 partir de juillet 2026. Ils doivent s\u2019achever fin 2027 pour permettre le d\u00e9m\u00e9nagement de l\u2019Op\u00e9ra national du Rhin \u00e0 partir du premier semestre 2028.<\/p>\n<p><strong>Philippe Gault (avec AFP)<\/strong><\/p>\n<p style=\"color: white; text-align: left;\"><strong>Retrouvez l\u2019actualit\u00e9 du Classique<\/strong><\/p>\n<p>\t\t\t\t\t\t\t\t\t\t\t<script async src=\"\/\/www.instagram.com\/embed.js\"><\/script><\/p>\n","protected":false},"excerpt":{"rendered":"Le Palais des f\u00eates de Strasbourg, b\u00e2timent inscrit aux monuments historiques, va \u00eatre am\u00e9nag\u00e9 pour accueillir l\u2019Op\u00e9ra national&hellip;\n","protected":false},"author":2,"featured_media":651226,"comment_status":"","ping_status":"","sticky":false,"template":"","format":"standard","meta":{"footnotes":""},"categories":[2820],"tags":[1111,11,1777,674,1011,27,775,12,25,640],"class_list":{"0":"post-651225","1":"post","2":"type-post","3":"status-publish","4":"format-standard","5":"has-post-thumbnail","7":"category-strasbourg","8":"tag-actu","9":"tag-actualites","10":"tag-eu","11":"tag-europe","12":"tag-fr","13":"tag-france","14":"tag-grand-est","15":"tag-news","16":"tag-republique-francaise","17":"tag-strasbourg"},"share_on_mastodon":{"url":"https:\/\/pubeurope.com\/@fr\/115864106665587780","error":""},"_links":{"self":[{"href":"https:\/\/www.europesays.com\/fr\/wp-json\/wp\/v2\/posts\/651225","targetHints":{"allow":["GET"]}}],"collection":[{"href":"https:\/\/www.europesays.com\/fr\/wp-json\/wp\/v2\/posts"}],"about":[{"href":"https:\/\/www.europesays.com\/fr\/wp-json\/wp\/v2\/types\/post"}],"author":[{"embeddable":true,"href":"https:\/\/www.europesays.com\/fr\/wp-json\/wp\/v2\/users\/2"}],"replies":[{"embeddable":true,"href":"https:\/\/www.europesays.com\/fr\/wp-json\/wp\/v2\/comments?post=651225"}],"version-history":[{"count":0,"href":"https:\/\/www.europesays.com\/fr\/wp-json\/wp\/v2\/posts\/651225\/revisions"}],"wp:featuredmedia":[{"embeddable":true,"href":"https:\/\/www.europesays.com\/fr\/wp-json\/wp\/v2\/media\/651226"}],"wp:attachment":[{"href":"https:\/\/www.europesays.com\/fr\/wp-json\/wp\/v2\/media?parent=651225"}],"wp:term":[{"taxonomy":"category","embeddable":true,"href":"https:\/\/www.europesays.com\/fr\/wp-json\/wp\/v2\/categories?post=651225"},{"taxonomy":"post_tag","embeddable":true,"href":"https:\/\/www.europesays.com\/fr\/wp-json\/wp\/v2\/tags?post=651225"}],"curies":[{"name":"wp","href":"https:\/\/api.w.org\/{rel}","templated":true}]}}