{"id":651288,"date":"2026-01-09T08:43:11","date_gmt":"2026-01-09T08:43:11","guid":{"rendered":"https:\/\/www.europesays.com\/fr\/651288\/"},"modified":"2026-01-09T08:43:11","modified_gmt":"2026-01-09T08:43:11","slug":"algerie-un-forfait-de-taille-contre-le-nigeria","status":"publish","type":"post","link":"https:\/\/www.europesays.com\/fr\/651288\/","title":{"rendered":"Alg\u00e9rie, un forfait de taille contre le Nigeria ?"},"content":{"rendered":"<p><strong>Touch\u00e9e par un possible forfait<br \/>\nmajeur, l\u2019Alg\u00e9rie pourrait devoir se passer d\u2019un cadre de son<br \/>\nmilieu de terrain face au Nigeria.<\/strong><\/p>\n<p>La CAN entre dans sa phase \u00e0 \u00e9limination directe. D\u00e8s ce<br \/>\nvendredi, les huit \u00e9quipes encore en lice s\u2019affrontent en quarts de<br \/>\nfinale. Apr\u00e8s sa victoire arrach\u00e9e dans les derni\u00e8res minutes face<br \/>\n\u00e0 la RD Congo (1-0), l\u2019Alg\u00e9rie d\u00e9fiera le Nigeria ce samedi \u00e0 17h.<br \/>\nMais un s\u00e9rieux coup dur menace les Fennecs \u00e0 l\u2019approche de ce choc<br \/>\ncontinental.<\/p>\n<p>Touch\u00e9 face aux L\u00e9opards, Isma\u00ebl Bennacer inqui\u00e8te. Sorti en<br \/>\nd\u00e9but de seconde p\u00e9riode, en larmes, apr\u00e8s une douleur aux<br \/>\nischio-jambiers, le milieu du Dinamo Zagreb est tr\u00e8s incertain pour<br \/>\nle rendez-vous face au Nigeria. Absent de la s\u00e9ance d\u2019entra\u00eenement<br \/>\nau lendemain de la qualification, comme l\u2019a rapport\u00e9<br \/>\nDZfoot, Bennacer devrait manquer ce quart de finale<br \/>\nd\u00e9cisif.<\/p>\n<blockquote class=\"twitter-tweet\"><p><a class=\"twitter-link\" rel=\"noindex, nofollow noopener\" href=\"https:\/\/twitter.com\/football_fr\/status\/2009283941262319982\" target=\"_blank\"><\/p><\/blockquote>\n<p>Une opportunit\u00e9 pour Abdelli<\/p>\n<p>L\u2019\u00e9ventuelle absence du m\u00e9tronome alg\u00e9rien serait un \u00e9norme<br \/>\nmanque pour l\u2019entrejeu, tant son impact et son volume de jeu ont<br \/>\n\u00e9t\u00e9 pr\u00e9cieux depuis le d\u00e9but de la comp\u00e9tition. Le staff alg\u00e9rien<br \/>\ntravaille d\u00e9j\u00e0 sur des solutions de remplacement, avec Himad<br \/>\nAbdelli en t\u00eate de liste pour compenser ce forfait probable,<br \/>\nl\u2019objectif \u00e9tant de pr\u00e9server Bennacer en vue d\u2019une possible<br \/>\ndemi-finale.<\/p>\n<p>Convoqu\u00e9 en derni\u00e8re minute pour pallier le forfait de Houssem<br \/>\nAouar, le milieu offensif d\u2019Angers, annonc\u00e9 dans le viseur de l\u2019OM,<br \/>\npourrait ainsi se voir offrir une vraie carte \u00e0 jouer. D\u2019abord<br \/>\nabsent de la feuille de match lors de l\u2019entr\u00e9e en lice contre le<br \/>\nSoudan (3-0), Abdelli avait grappill\u00e9 quelques minutes face au<br \/>\nBurkina Faso avant de disputer l\u2019int\u00e9gralit\u00e9 de la rencontre contre<br \/>\nla Guin\u00e9e \u00e9quatoriale, au sein d\u2019un onze largement remani\u00e9. Face \u00e0<br \/>\nla RD Congo, il a \u00e9galement pris le relais de Bennacer.<\/p>\n<p><script async src=\"https:\/\/platform.twitter.com\/widgets.js\" charset=\"utf-8\"><\/script><\/p>\n","protected":false},"excerpt":{"rendered":"Touch\u00e9e par un possible forfait majeur, l\u2019Alg\u00e9rie pourrait devoir se passer d\u2019un cadre de son milieu de terrain&hellip;\n","protected":false},"author":2,"featured_media":651289,"comment_status":"","ping_status":"","sticky":false,"template":"","format":"standard","meta":{"footnotes":""},"categories":[1410],"tags":[63,1011,27,60],"class_list":{"0":"post-651288","1":"post","2":"type-post","3":"status-publish","4":"format-standard","5":"has-post-thumbnail","7":"category-football","8":"tag-football","9":"tag-fr","10":"tag-france","11":"tag-sports"},"share_on_mastodon":{"url":"https:\/\/pubeurope.com\/@fr\/115864260100263388","error":""},"_links":{"self":[{"href":"https:\/\/www.europesays.com\/fr\/wp-json\/wp\/v2\/posts\/651288","targetHints":{"allow":["GET"]}}],"collection":[{"href":"https:\/\/www.europesays.com\/fr\/wp-json\/wp\/v2\/posts"}],"about":[{"href":"https:\/\/www.europesays.com\/fr\/wp-json\/wp\/v2\/types\/post"}],"author":[{"embeddable":true,"href":"https:\/\/www.europesays.com\/fr\/wp-json\/wp\/v2\/users\/2"}],"replies":[{"embeddable":true,"href":"https:\/\/www.europesays.com\/fr\/wp-json\/wp\/v2\/comments?post=651288"}],"version-history":[{"count":0,"href":"https:\/\/www.europesays.com\/fr\/wp-json\/wp\/v2\/posts\/651288\/revisions"}],"wp:featuredmedia":[{"embeddable":true,"href":"https:\/\/www.europesays.com\/fr\/wp-json\/wp\/v2\/media\/651289"}],"wp:attachment":[{"href":"https:\/\/www.europesays.com\/fr\/wp-json\/wp\/v2\/media?parent=651288"}],"wp:term":[{"taxonomy":"category","embeddable":true,"href":"https:\/\/www.europesays.com\/fr\/wp-json\/wp\/v2\/categories?post=651288"},{"taxonomy":"post_tag","embeddable":true,"href":"https:\/\/www.europesays.com\/fr\/wp-json\/wp\/v2\/tags?post=651288"}],"curies":[{"name":"wp","href":"https:\/\/api.w.org\/{rel}","templated":true}]}}