{"id":651294,"date":"2026-01-09T08:47:23","date_gmt":"2026-01-09T08:47:23","guid":{"rendered":"https:\/\/www.europesays.com\/fr\/651294\/"},"modified":"2026-01-09T08:47:23","modified_gmt":"2026-01-09T08:47:23","slug":"alex-et-martin-face-au-piege-mortel-de-basile-la-course-contre-la-montre-commence-demain-nous-appartient-12-janvier-2026-episode-2116-resume-complet-dna","status":"publish","type":"post","link":"https:\/\/www.europesays.com\/fr\/651294\/","title":{"rendered":"Alex et Martin face au pi\u00e8ge mortel de Basile : la course contre la montre commence &#8211; Demain nous appartient 12 janvier 2026 (\u00e9pisode 2116 &#8211; r\u00e9sum\u00e9 complet DNA)"},"content":{"rendered":"<p><img fetchpriority=\"high\" decoding=\"async\" aria-describedby=\"caption-attachment-337775\" src=\"https:\/\/www.europesays.com\/fr\/wp-content\/uploads\/2026\/01\/alex-martin-dna-2116.jpg\" alt=\"Martin et Alex en danger dans Demain nous appartient \" width=\"1280\" height=\"720\" class=\"size-full wp-image-337775\"  \/><\/p>\n<p id=\"caption-attachment-337775\" class=\"wp-caption-text\">Martin et Alex en alerte pour retrouver les filles<\/p>\n<p>Tout ce qu\u2019il faut savoir sur l\u2019\u00e9pisode 2116 de Demain nous appartient du 12 janvier 2026, tous les <strong>spoilers complets<\/strong> par rapport aux intrigues du jour \u00e0 S\u00e8te.<\/p>\n<p>Demain nous appartient en avance : Bart est \u00e0 bout avec Charles<br \/>\n<img loading=\"lazy\" decoding=\"async\" aria-describedby=\"caption-attachment-337789\" src=\"data:image\/svg+xml,%3Csvg%20xmlns=\" http:=\"\" alt=\"Bart et Charles dna \" width=\"1200\" height=\"624\" class=\"size-full wp-image-337789\" data-lazy- data-lazy- data-lazy-src=\"https:\/\/www.europesays.com\/fr\/wp-content\/uploads\/2026\/01\/dna-2116cssbd.jpg\"\/><\/p>\n<p id=\"caption-attachment-337789\" class=\"wp-caption-text\">Bart et Charles sont incapable de se mettre d\u2019accord<\/p>\n<p>Les coups de feu ont fait crever la voiture et en plus, elle fume depuis le moteur. Le village est \u00e0 plus de 10 kilom\u00e8tres, elles d\u00e9cident de passer par un sentier via la for\u00eat pour ne pas se faire rep\u00e9rer. Il n\u2019y a toujours pas de r\u00e9seau. Sur la voiture, il y a <strong>une balise GPS pos\u00e9e par Basile<\/strong>\u2026 il sait donc o\u00f9 elles se trouvent. Il avait tout pr\u00e9vu.<\/p>\n<p>Bart arrive au Spoon, Charles est avec l\u2019architecte pour discuter. Bart veut qu\u2019il se concerte avec lui : il se sent un peu pris au d\u00e9pourvu. Bart lance \u00e0 Charles \u00ab\u00a0je vais pas te laisser faire n\u2019importe quoi\u00a0\u00bb.<br \/>Alors que Basile se pr\u00e9pare \u00e0 partir avec son arme, Martin et Alex d\u00e9barquent\u2026 ils disent qu\u2019ils viennent chercher les filles. Basile dit qu\u2019elles sont parties il y a 20 min et qu\u2019il leur a conseill\u00e9 d\u2019aller voir une vue. <strong>Basile leur montre une fausse direction sur une carte<\/strong> : Martin et Alex repartent illico, Basile a le champ libre. Basile part dans sa direction avec sa moto et son arme.<\/p>\n<p>&#13;<br \/>\n<br \/>&#13;<\/p>\n<p>Karim se confie \u00e0 Georges sur sa derni\u00e8re entrevue avec Emilie : il avoue qu\u2019<strong>elle lui pla\u00eet de plus en plus<\/strong>. Ils s\u2019entra\u00eenent tous les deux au \u00ab\u00a0regard passion\u00a0\u00bb. Karim a d\u00e9cid\u00e9 d\u2019amener une nouvelle fois Emilie au stand de tirs : elle veut le voir en action.<\/p>\n<p><img loading=\"lazy\" decoding=\"async\" aria-describedby=\"caption-attachment-337791\" src=\"data:image\/svg+xml,%3Csvg%20xmlns=\" http:=\"\" alt=\"karim et emilie \" width=\"1200\" height=\"620\" class=\"size-full wp-image-337791\" data-lazy- data-lazy- data-lazy-src=\"https:\/\/www.europesays.com\/fr\/wp-content\/uploads\/2026\/01\/dna-2116cssbsd.jpg\"\/><\/p>\n<p id=\"caption-attachment-337791\" class=\"wp-caption-text\">Karim et Emilie s\u2019\u00e9clatent au stan de tirs<\/p>\n<p>Charles dit qu\u2019il faudra <strong>fermer le Spoon pendant 2 mois<\/strong> si le projet est valid\u00e9. Bart dit que ce n\u2019est pas possible, Charles dit qu\u2019on a la tr\u00e9sorerie. Bart ne veut pas, ils vont perdre leur client\u00e8le d\u2019habitu\u00e9s. <strong>Bart p\u00e8te les plombs au bar devant les clients<\/strong>\u2026 Charles jubile. Bart voit Audrey qui met un nouveau caf\u00e9 dans la machine \u00e0 caf\u00e9. C\u2019est Charles qui lui a demand\u00e9, mais Bart n\u2019avait pas valid\u00e9. Bart est saoul\u00e9, Charles les cumule\u2026 il ne veut pas de son caf\u00e9 \u00ab\u00a0barista\u00a0\u00bb de luxe.<br \/><img loading=\"lazy\" decoding=\"async\" aria-describedby=\"caption-attachment-337797\" src=\"data:image\/svg+xml,%3Csvg%20xmlns=\" http:=\"\" alt=\"maud dna \" width=\"1200\" height=\"615\" class=\"size-full wp-image-337797\" data-lazy- data-lazy- data-lazy-src=\"https:\/\/www.europesays.com\/fr\/wp-content\/uploads\/2026\/01\/dna-2116cssSqsbsxd.jpg\"\/><\/p>\n<p id=\"caption-attachment-337797\" class=\"wp-caption-text\">Maud s\u2019est d\u00e9boit\u00e9e l\u2019\u00e9paule \u2026 Chlo\u00e9 fait une manipulation pour la soulager<\/p>\n<p>Rapha\u00eblle, Chlo\u00e9, Maud et Judith sont toujours dans la for\u00eat. <strong>Maud tr\u00e9buche et se d\u00e9bo\u00eete l\u2019\u00e9paule<\/strong>. Chlo\u00e9 pense qu\u2019elle peut la remettre en place m\u00eame si elle ne l\u2019a jamais fait. Maud demande \u00e0 Chlo\u00e9 de lui faire la manipulation car elle n\u2019en peut plus. Rapha\u00eblle a peur, elle redoute le pire pour sa fille sans anesth\u00e9sie. <strong>Chlo\u00e9 r\u00e9ussit<\/strong>, Maud dit que \u00e7a va beaucoup mieux.<br \/><img loading=\"lazy\" decoding=\"async\" aria-describedby=\"caption-attachment-337799\" src=\"data:image\/svg+xml,%3Csvg%20xmlns=\" http:=\"\" alt=\"Martin et Alex  dna \" width=\"1200\" height=\"627\" class=\"size-full wp-image-337799\" data-lazy- data-lazy- data-lazy-src=\"https:\/\/www.europesays.com\/fr\/wp-content\/uploads\/2026\/01\/dna-2116cssSsbsxd.jpg\"\/><\/p>\n<p id=\"caption-attachment-337799\" class=\"wp-caption-text\">Martin et Alex se rendent compte qu\u2019ils se sont fait pi\u00e9ger<\/p>\n<p>Demain nous appartient 12 janvier 2026 : Martin et Alex d\u00e9jouent le pi\u00e8ge<\/p>\n<p>Martin et Alex se retrouvent au point de vue, ils se rendent compte qu\u2019il n\u2019y a pas la voiture des filles. <strong>Martin comprend que le proprio les a balad\u00e9s pour gagner du temps<\/strong>. Ils repartent en vitesse au refuge et trouvent une balle par terre. <strong>Judith a du r\u00e9seau<\/strong>, elle d\u00e9cide d\u2019appeler Alex pour envoyer sa position.<\/p>\n<p>Damien a analys\u00e9 le fichier audio d\u2019Aragon23, il dit \u00e0 Sara qu\u2019il a vu des bruits parasites autour. Il s\u2019est enregistr\u00e9 lui-m\u00eame en train d\u2019\u00e9couter la musique. Damien gagne encore un cookie de Sara.<br \/>Apr\u00e8s le stand de tirs, Karim et Emilie sont all\u00e9s boire un verre\u2026 ensuite, il la ram\u00e8ne. Il y a un moment o\u00f9 il aurait pu y avoir un bisou, mais <strong>elle lui fait la bise<\/strong>.<\/p>\n<p><img loading=\"lazy\" decoding=\"async\" aria-describedby=\"caption-attachment-337793\" src=\"data:image\/svg+xml,%3Csvg%20xmlns=\" http:=\"\" alt=\"Karim et Emilie dna \" width=\"1200\" height=\"598\" class=\"size-full wp-image-337793\" data-lazy- data-lazy- data-lazy-src=\"https:\/\/www.europesays.com\/fr\/wp-content\/uploads\/2026\/01\/dna-2116cssSbsd.jpg\"\/><\/p>\n<p id=\"caption-attachment-337793\" class=\"wp-caption-text\">Karim et Emilie pas de bisou \u00e0 la fin de la soir\u00e9e<\/p>\n<p>&#13;<br \/>\n<br \/><img loading=\"lazy\" decoding=\"async\" aria-describedby=\"caption-attachment-337781\" src=\"data:image\/svg+xml,%3Csvg%20xmlns=\" http:=\"\" alt=\"Georges et Karim  dna \" width=\"1200\" height=\"599\" class=\"size-full wp-image-337781\" data-lazy- data-lazy- data-lazy-src=\"https:\/\/www.europesays.com\/fr\/wp-content\/uploads\/2026\/01\/dna-2116cb.jpg\"\/><\/p>\n<p id=\"caption-attachment-337781\" class=\"wp-caption-text\">Georges et Karim s\u2019entra\u00eenent au regard de lover<\/p>\n<p>Charles se confie \u00e0 Victor, il lui dit qu\u2019il n\u2019en peut plus de Bart. Victor conseille \u00e0 Charles de marquer son territoire au lieu de fuir au moindre prise de bec. Victor estime que Bart est un sentimental, <strong>il doit jouer sur le point faible de Bart : son staff<\/strong>.<br \/>Les filles attendent Martin et Alex dans la for\u00eat en pleine nuit. C\u2019est enfin <strong>l\u2019heure des retrouvailles<\/strong>. Tout le monde est sain et sauf\u2026une moto est pass\u00e9 juste avant, Basile est-il tout proche ? Des tirs vont-ils avoir lieu ?<br \/><img loading=\"lazy\" decoding=\"async\" aria-describedby=\"caption-attachment-337795\" src=\"data:image\/svg+xml,%3Csvg%20xmlns=\" http:=\"\" alt=\"Karim et Emilie \" width=\"1200\" height=\"598\" class=\"size-full wp-image-337795\" data-lazy- data-lazy- data-lazy-src=\"https:\/\/www.europesays.com\/fr\/wp-content\/uploads\/2026\/01\/dna-2116cssSbsxd.jpg\"\/><\/p>\n<p id=\"caption-attachment-337795\" class=\"wp-caption-text\">Karim et Emiliese retrouvent\u2026le danger r\u00f4de toujours<\/p>\n<p>Qui vous \u00e9nerve le plus en ce moment dans DNA ?<\/p>\n<ul>\n<li>Basile et ses mensonges<\/li>\n<li>Charles et ses d\u00e9cisions au Spoon<\/li>\n<li>Karim et ses h\u00e9sitations avec Emilie<\/li>\n<\/ul>\n<p>&#13;<br \/>\n        \ud83d\udcfa Demain nous appartient \u2013 Intrigue \u00ab\u00a0L&rsquo;escapade\u00a0\u00bb&#13;<br \/>\n        \u25cf En cours&#13;\n    <\/p>\n<p> \ud83d\udd1c Restez connect\u00e9s ! Le <strong>r\u00e9sum\u00e9 Demain nous appartient du 13 janvier 2026<\/strong> avec l\u2019\u00e9pisode 2116 arrive sur Nouveaut\u00e9s T\u00e9l\u00e9.<\/p>\n<p>Que pensez-vous du nouvel \u00e9pisode de Demain nous appartient ? R\u00e9agissez en commentaire ! \ud83d\udcac Commentez les \u00e9pisodes sur <strong><a href=\"https:\/\/www.nouveautes-tele.com\/51124-forum-demain-nous-appartient-tf1.html\" target=\"_blank\" rel=\"noopener\"> le forum de Demain nous appartient<\/a><\/strong> chaque jour.<\/p>\n<p>&#13;<br \/>\n&#13;<\/p>\n<p>Suivez  les <a href=\"https:\/\/www.nouveautes-tele.com\/61084-audience-demain-nous-appartient-tf1-du-lundi-au-vendredi.html\" target=\"_blank\" rel=\"noopener\"><strong>audiences DNA<\/strong><\/a> du lundi au vendredi. <\/p>\n<p>Fan de Demain nous appartient ? les s\u00e9ries \u00e0 ne pas manquer <\/p>\n<p>Si vous \u00eates accro \u00e0 Demain nous appartient, voici les s\u00e9ries qui vont s\u00fbrement devenir vos prochains coups de c\u0153ur !<\/p>\n<p><a href=\"https:\/\/www.nouveautes-tele.com\/118986-nouveau-feuilleton-sur-tf1.html\" target=\"_blank\" rel=\"noopener\"><strong>Ici tout commence<\/strong><\/a> \u00e0 18h30, l\u2019univers culinaire de TF1 avec Benjamin Baroche. <a href=\"https:\/\/www.nouveautes-tele.com\/86457-grand-soleil-le-guide-complet-du-feuilleton-france-2-rentree-2018.html\" target=\"_blank\" rel=\"noopener\"><strong>Un si grand soleil<\/strong><\/a> avec Yvon Back \u00e0 20h45 juste avant le prime-time sur France 3. <a href=\"https:\/\/www.nouveautes-tele.com\/38439-plus-belle-la-vie-le-guide-des-resumes-et-spoilers.html\" target=\"_blank\" rel=\"noopener\"><strong>Plus belle la vie sur TF1<\/strong><\/a> \u00e0 14h avec St\u00e9phane Henon\u2026 et la vie est encore plus belle !<\/p>\n<p>                          <img loading=\"lazy\" decoding=\"async\" width=\"512\" height=\"512\" src=\"data:image\/svg+xml,%3Csvg%20xmlns=\" http:=\"\" alt=\"Logo de Nouveaut\u00e9 t\u00e9l\u00e9\" data-lazy-src=\"https:\/\/www.europesays.com\/fr\/wp-content\/uploads\/2025\/06\/nt-logo.png\"\/><\/p>\n<p>\t\t\t  Isabelle Corteilles<\/p>\n<p>Titou, fondatrice de Nouveaut\u00e9s T\u00e9l\u00e9 en 2014, passionn\u00e9e de m\u00e9dias et incollable sur l\u2019actualit\u00e9 des s\u00e9ries t\u00e9l\u00e9. De la g\u00e9n\u00e9ration Dawson\u2019s Creek et Sous le Soleil, je navigue aujourd\u2019hui entre le Spoon de DNA, les marais salants d\u2019ITC, le Mistral de PBLV et les Sauvages d\u2019Un Si Grand Soleil, pour ne rien rater des derni\u00e8res intrigues et des indiscr\u00e9tions.<\/p>\n","protected":false},"excerpt":{"rendered":"Martin et Alex en alerte pour retrouver les filles Tout ce qu\u2019il faut savoir sur l\u2019\u00e9pisode 2116 de&hellip;\n","protected":false},"author":2,"featured_media":651295,"comment_status":"","ping_status":"","sticky":false,"template":"","format":"standard","meta":{"footnotes":""},"categories":[1356],"tags":[58,59,1011,27,252,1364],"class_list":{"0":"post-651294","1":"post","2":"type-post","3":"status-publish","4":"format-standard","5":"has-post-thumbnail","7":"category-television","8":"tag-divertissement","9":"tag-entertainment","10":"tag-fr","11":"tag-france","12":"tag-television","13":"tag-tv"},"share_on_mastodon":{"url":"https:\/\/pubeurope.com\/@fr\/115864275799844505","error":""},"_links":{"self":[{"href":"https:\/\/www.europesays.com\/fr\/wp-json\/wp\/v2\/posts\/651294","targetHints":{"allow":["GET"]}}],"collection":[{"href":"https:\/\/www.europesays.com\/fr\/wp-json\/wp\/v2\/posts"}],"about":[{"href":"https:\/\/www.europesays.com\/fr\/wp-json\/wp\/v2\/types\/post"}],"author":[{"embeddable":true,"href":"https:\/\/www.europesays.com\/fr\/wp-json\/wp\/v2\/users\/2"}],"replies":[{"embeddable":true,"href":"https:\/\/www.europesays.com\/fr\/wp-json\/wp\/v2\/comments?post=651294"}],"version-history":[{"count":0,"href":"https:\/\/www.europesays.com\/fr\/wp-json\/wp\/v2\/posts\/651294\/revisions"}],"wp:featuredmedia":[{"embeddable":true,"href":"https:\/\/www.europesays.com\/fr\/wp-json\/wp\/v2\/media\/651295"}],"wp:attachment":[{"href":"https:\/\/www.europesays.com\/fr\/wp-json\/wp\/v2\/media?parent=651294"}],"wp:term":[{"taxonomy":"category","embeddable":true,"href":"https:\/\/www.europesays.com\/fr\/wp-json\/wp\/v2\/categories?post=651294"},{"taxonomy":"post_tag","embeddable":true,"href":"https:\/\/www.europesays.com\/fr\/wp-json\/wp\/v2\/tags?post=651294"}],"curies":[{"name":"wp","href":"https:\/\/api.w.org\/{rel}","templated":true}]}}