{"id":651300,"date":"2026-01-09T08:50:10","date_gmt":"2026-01-09T08:50:10","guid":{"rendered":"https:\/\/www.europesays.com\/fr\/651300\/"},"modified":"2026-01-09T08:50:10","modified_gmt":"2026-01-09T08:50:10","slug":"ces-maladies-invisibles-et-incomprises","status":"publish","type":"post","link":"https:\/\/www.europesays.com\/fr\/651300\/","title":{"rendered":"ces maladies invisibles et incomprises"},"content":{"rendered":"<p>Des douleurs silencieuses qui bouleversent tout\u00a0: la vie personnelle, le couple, le travail,\u00a0etc. <a href=\"https:\/\/www.ledauphine.com\/societe\/2024\/06\/09\/isere-montrevel-camille-laurent-livre-le-recit-de-son-aventure-nordique\" target=\"_blank\" rel=\"noopener\">Camille Laurent<\/a> va raconter son quotidien, le mercredi 14\u00a0janvier, sur France 2, lors de la diffusion de l\u2019\u00e9mission \u00c7a commence aujourd\u2019hui , avec Faustine Bollaert. Le th\u00e8me\u00a0: les <a href=\"https:\/\/www.ledauphine.com\/magazine-lifestyle\/2025\/11\/19\/elle-vit-avec-la-fibromyalgie-une-maladie-invisible-aux-douleurs-reelles-c-est-handicapant?at_content=photo&amp;at_term=ledauphinelibere&amp;at_campaign=Facebook&amp;at_medium=Social&amp;at_source=nonli\" target=\"_blank\" rel=\"noopener\">maladies invisibles<\/a>. La jeune femme de 32\u00a0ans r\u00e9pond \u00e0 un appel \u00e0 t\u00e9moins fin novembre\u00a02025. Quelques heures apr\u00e8s, elle prend le TGV pour la premi\u00e8re fois pour Paris avec Max, son border collie de 10\u00a0ans qui l\u2019accompagne dans ses exp\u00e9ditions. Lui, souffre d\u2019une spondylarthrose. \u00ab\u00a0On fait la paire.\u00a0\u00bb<\/p>\n<p>Face cam\u00e9ra, elle se livre sur sa polyarthrite rhumato\u00efde qui l\u2019accompagne depuis ses 16 ans. La moiti\u00e9 de sa vie&#8230;.<\/p>\n","protected":false},"excerpt":{"rendered":"Des douleurs silencieuses qui bouleversent tout\u00a0: la vie personnelle, le couple, le travail,\u00a0etc. Camille Laurent va raconter son&hellip;\n","protected":false},"author":2,"featured_media":651301,"comment_status":"","ping_status":"","sticky":false,"template":"","format":"standard","meta":{"footnotes":""},"categories":[10],"tags":[12919,13047,115,112,113,116,111,114,1011,27,72,108,6225,9597,75554,25816,71,106,104,1584],"class_list":{"0":"post-651300","1":"post","2":"type-post","3":"status-publish","4":"format-standard","5":"has-post-thumbnail","7":"category-sante","8":"tag-bourgoin-jallieu","9":"tag-bourgoin-jallieu-bassin","10":"tag-edition-bourgoin-jallieu-nord-dauphine","11":"tag-edition-grenoble-agglomeration","12":"tag-edition-gresivaudan-oisans","13":"tag-edition-la-tour-du-pin-nord-dauphine","14":"tag-edition-vienne-roussillon","15":"tag-edition-voiron-saint-marcellin","16":"tag-fr","17":"tag-france","18":"tag-health","19":"tag-isere","20":"tag-la-matinale","21":"tag-meylan","22":"tag-montrevel","23":"tag-ruy","24":"tag-sante","25":"tag-selection-de-la-redaction-38","26":"tag-societe","27":"tag-vienne"},"share_on_mastodon":{"url":"https:\/\/pubeurope.com\/@fr\/115864287928897157","error":""},"_links":{"self":[{"href":"https:\/\/www.europesays.com\/fr\/wp-json\/wp\/v2\/posts\/651300","targetHints":{"allow":["GET"]}}],"collection":[{"href":"https:\/\/www.europesays.com\/fr\/wp-json\/wp\/v2\/posts"}],"about":[{"href":"https:\/\/www.europesays.com\/fr\/wp-json\/wp\/v2\/types\/post"}],"author":[{"embeddable":true,"href":"https:\/\/www.europesays.com\/fr\/wp-json\/wp\/v2\/users\/2"}],"replies":[{"embeddable":true,"href":"https:\/\/www.europesays.com\/fr\/wp-json\/wp\/v2\/comments?post=651300"}],"version-history":[{"count":0,"href":"https:\/\/www.europesays.com\/fr\/wp-json\/wp\/v2\/posts\/651300\/revisions"}],"wp:featuredmedia":[{"embeddable":true,"href":"https:\/\/www.europesays.com\/fr\/wp-json\/wp\/v2\/media\/651301"}],"wp:attachment":[{"href":"https:\/\/www.europesays.com\/fr\/wp-json\/wp\/v2\/media?parent=651300"}],"wp:term":[{"taxonomy":"category","embeddable":true,"href":"https:\/\/www.europesays.com\/fr\/wp-json\/wp\/v2\/categories?post=651300"},{"taxonomy":"post_tag","embeddable":true,"href":"https:\/\/www.europesays.com\/fr\/wp-json\/wp\/v2\/tags?post=651300"}],"curies":[{"name":"wp","href":"https:\/\/api.w.org\/{rel}","templated":true}]}}