{"id":651315,"date":"2026-01-09T08:58:10","date_gmt":"2026-01-09T08:58:10","guid":{"rendered":"https:\/\/www.europesays.com\/fr\/651315\/"},"modified":"2026-01-09T08:58:10","modified_gmt":"2026-01-09T08:58:10","slug":"nos-idees-sorties-du-week-end-des-16-17-et-18-janvier-2026-dans-la-loire","status":"publish","type":"post","link":"https:\/\/www.europesays.com\/fr\/651315\/","title":{"rendered":"Nos id\u00e9es sorties du week-end des 16, 17 et 18 janvier 2026 dans la Loire"},"content":{"rendered":"<p class=\"is-style-chapo\">Voici la s\u00e9lection de la r\u00e9daction de\u00a0If Saint-Etienne\u00a0pour se\u00a0<a href=\"https:\/\/www.if-saint-etienne.fr\/culture-loisirs\" target=\"_blank\" rel=\"noreferrer noopener\">divertir<\/a>\u00a0et s\u2019amuser dans la Loire le week-end prochain, soit les 16, 17 et 18 janvier. Une liste d\u2019\u00e9v\u00e9nements, s\u00e9lectionn\u00e9s de mani\u00e8re ind\u00e9pendante et, bien entendu, non-exhaustive.<\/p>\n<p><img loading=\"lazy\" decoding=\"async\" width=\"1024\" height=\"576\" src=\"https:\/\/www.europesays.com\/fr\/wp-content\/uploads\/2026\/01\/horse-7937478_1280-2-1024x576.jpg\" alt=\"\" class=\"wp-image-81542\"  \/>Image par\u00a0Sandra Cammann\u00a0de\u00a0Pixabay.<\/p>\n<p>1 \u2013 Les Poly\u2019Sons, au-del\u00e0 du week-end bien entendu <\/p>\n<p><a href=\"https:\/\/www.if-saint-etienne.fr\/tag\/terrenoire\" target=\"_blank\" rel=\"noreferrer noopener\">Terrenoire<\/a> pour ouvrir bal d\u00e8s jeudi 15 janvier, Sniper si on vise le samedi 17 puis, successivement jusqu\u2019\u00e0 fin janvier, \u00ab\u00a0Kl\u00f4\u00a0\u00bb Pelgag\u00a0\u00bb + \u00ab\u00a0Marie Jay\u00a0\u00bb, des \u00ab\u00a0Sorci\u00e8res comme les autres\u00a0\u00bb, la Chorale des Poly\u2019Sons, \u00ab\u00a0Rose\u00a0\u00bb, \u00ab\u00a0Melba\u00a0\u00bb, Thomas Fersen (le 24 janvier), \u00ab\u00a0Diva Syndicat\u00a0\u00bb, \u00ab\u00a0David Lafore\u00a0\u00bb + \u00ab\u00a0Guilhem Valay\u00e9\u00a0\u00bb, la Grande Sophie (30 janvier) et enfin, les \u00ab\u00a0Croquants\u00a0\u00bb et \u00ab\u00a0Debout sur Le Zinc\u00a0\u00bb : c\u2019est la progra de cette \u00e9dition 2026 du festival des <a href=\"https:\/\/www.theatredespenitents.fr\/polysons-24-25\/\" target=\"_blank\" rel=\"noopener\">Poly\u2019Sons<\/a> au Th\u00e9\u00e2tre des P\u00e9nitents de Montbrison.<\/p>\n<p>2 \u2013 Zeist de s\u00e9rie 100 % locale<\/p>\n<p>Un jeune collectif d\u2019artistes st\u00e9phanois, \u00ab\u00a0Zeist\u00a0\u00bb, a \u00e9crit et r\u00e9alis\u00e9 une s\u00e9rie de fiction de 7 \u00e9pisodes intitul\u00e9e Tisane Club. L\u2019histoire d\u2019amis r\u00e9alisant une \u00e9mission t\u00e9l\u00e9 sur les ph\u00e9nom\u00e8nes paranormaux durant les seventies. A Saint-Etienne, le M\u00e9li\u00e8s <a href=\"https:\/\/www.lemelies.com\/evenement\/tisane-club\/\" target=\"_blank\" rel=\"noopener\">St-Fran\u00e7ois<\/a> diffuse des \u00e9pisodes samedi 17 janvier \u00e0 partir de 18\u00a0h\u00a045. Le tout agr\u00e9ment\u00e9 d\u2019une soir\u00e9e avec buvette et concert.\u00a0<\/p>\n<p><strong>Tarif\u00a0: 5\u00a0\u20ac. <\/strong><a href=\"https:\/\/www.billetweb.fr\/soiree-tisane-club\" target=\"_blank\" rel=\"noopener\"><strong>Billets par l\u00e0<\/strong><\/a><strong>.<\/strong><\/p>\n<p>3 \u2013 Triomphe envers les Jules<\/p>\n<p>A Saint-Etienne, le Caf\u00e9-Th\u00e9\u00e2tre La <a href=\"https:\/\/www.comedietriomphe.fr\/events\/adopte-un-jules-com-5\/\" target=\"_blank\" rel=\"noopener\">Com\u00e9die Triomphe<\/a> propose ce week-end l\u00e0 \u2013 vendredi 16, \u00e0 21 h ; samedi 17, 19 h \u00e0 et dimanche 18, \u00e0 18 h \u2013 Adopte un Jules.com . \u00ab\u00a0Une com\u00e9die l\u00e9g\u00e8re pour les filles et les gar\u00e7ons qui ont de l\u2019humour !\u00a0\u00bb, sign\u00e9e Elisa Valentin et Andr\u00e9 Gaston.<\/p>\n<p>4 \u2013 Une raclette ? Oui mais soyons \u00e0 cheval !<\/p>\n<p>Sous r\u00e9serve de conditions m\u00e9t\u00e9o favorables, c\u2019est bel et bien une \u00ab\u00a0Rando raclette \u00e0 cheval\u00a0\u00bb que propose pour les cavaliers d\u00e9butants <a href=\"https:\/\/beltie-ranch.com\/\" target=\"_blank\" rel=\"noopener\">Beltie Ranch<\/a> \u00e0 Essertines-en-Ch\u00e2telneuf samedi 17 \u00e0 9 h 30 (retour \u00e0 17 h). Oui : pied \u00e0 terre et au chaud pour le repas : il ne s\u2019agit pas jouer aux Huns version fromag\u00e8re\u2026<\/p>\n<p><strong>Attention : 100 \u20ac, tout compris par adulte. R\u00e9s. : 06 99 46 81 91.<\/strong><\/p>\n<p>5 \u2013 Elodie Poux au Scarab\u00e9e<\/p>\n<p>Comment passe-t-on d\u2019animatrice p\u00e9riscolaire \u00e0 humoriste ? A cette question, tr\u00e8s souvent pos\u00e9e, Elodie Poux a voulu r\u00e9pondre de la plus belle des mani\u00e8res : avec un spectacle, en l\u2019occurrence Le Syndrome du papillon.\u00a0<\/p>\n<p><strong>Vendredi 16 janvier \u00e0 20 h au <\/strong><a href=\"https:\/\/www.if-saint-etienne.fr\/culture-loisirs\/loire.fr\/jcms\/86027_DBEvenement\/fr\/elodie-poux-le-syndrome-du-papillon\" target=\"_blank\" rel=\"noopener\"><strong>Scarab\u00e9e<\/strong><\/a><strong> de Riorges.<\/strong><\/p>\n","protected":false},"excerpt":{"rendered":"Voici la s\u00e9lection de la r\u00e9daction de\u00a0If Saint-Etienne\u00a0pour se\u00a0divertir\u00a0et s\u2019amuser dans la Loire le week-end prochain, soit les&hellip;\n","protected":false},"author":2,"featured_media":651316,"comment_status":"","ping_status":"","sticky":false,"template":"","format":"standard","meta":{"footnotes":""},"categories":[9653],"tags":[74358,44451,75555,1111,11,2430,1777,674,14012,1011,27,14429,12,21919,75556,25,4001],"class_list":{"0":"post-651315","1":"post","2":"type-post","3":"status-publish","4":"format-standard","5":"has-post-thumbnail","7":"category-saint-etienne","8":"tag-activite-originale-loire","9":"tag-activites-famille-loire","10":"tag-activites-insolites-loire","11":"tag-actu","12":"tag-actualites","13":"tag-auvergne-rhone-alpes","14":"tag-eu","15":"tag-europe","16":"tag-festif","17":"tag-fr","18":"tag-france","19":"tag-idees-sorties-loire","20":"tag-news","21":"tag-ou-sortir","22":"tag-ou-sortir-saint-etienne","23":"tag-republique-francaise","24":"tag-saint-etienne"},"share_on_mastodon":{"url":"https:\/\/pubeurope.com\/@fr\/115864319188894760","error":""},"_links":{"self":[{"href":"https:\/\/www.europesays.com\/fr\/wp-json\/wp\/v2\/posts\/651315","targetHints":{"allow":["GET"]}}],"collection":[{"href":"https:\/\/www.europesays.com\/fr\/wp-json\/wp\/v2\/posts"}],"about":[{"href":"https:\/\/www.europesays.com\/fr\/wp-json\/wp\/v2\/types\/post"}],"author":[{"embeddable":true,"href":"https:\/\/www.europesays.com\/fr\/wp-json\/wp\/v2\/users\/2"}],"replies":[{"embeddable":true,"href":"https:\/\/www.europesays.com\/fr\/wp-json\/wp\/v2\/comments?post=651315"}],"version-history":[{"count":0,"href":"https:\/\/www.europesays.com\/fr\/wp-json\/wp\/v2\/posts\/651315\/revisions"}],"wp:featuredmedia":[{"embeddable":true,"href":"https:\/\/www.europesays.com\/fr\/wp-json\/wp\/v2\/media\/651316"}],"wp:attachment":[{"href":"https:\/\/www.europesays.com\/fr\/wp-json\/wp\/v2\/media?parent=651315"}],"wp:term":[{"taxonomy":"category","embeddable":true,"href":"https:\/\/www.europesays.com\/fr\/wp-json\/wp\/v2\/categories?post=651315"},{"taxonomy":"post_tag","embeddable":true,"href":"https:\/\/www.europesays.com\/fr\/wp-json\/wp\/v2\/tags?post=651315"}],"curies":[{"name":"wp","href":"https:\/\/api.w.org\/{rel}","templated":true}]}}