{"id":651317,"date":"2026-01-09T08:59:10","date_gmt":"2026-01-09T08:59:10","guid":{"rendered":"https:\/\/www.europesays.com\/fr\/651317\/"},"modified":"2026-01-09T08:59:10","modified_gmt":"2026-01-09T08:59:10","slug":"mercato-a-saint-etienne-un-retour-gratuit-prend-forme","status":"publish","type":"post","link":"https:\/\/www.europesays.com\/fr\/651317\/","title":{"rendered":"Mercato : \u00c0 Saint-\u00c9tienne, un retour gratuit prend forme"},"content":{"rendered":"<p>\t\t\tAfficher les titres Masquer les titres <\/p>\n<p><strong>\u00c0 la mi-saison, l\u2019<a href=\"https:\/\/mediafoot.net\/clubs\/saint-etienne\/\" target=\"_blank\" rel=\"noopener\">AS Saint-\u00c9tienne<\/a> avance, mais sans marge. Quatri\u00e8mes de Ligue 2, les Verts restent au contact des places de mont\u00e9e, tout en sentant la pression de leurs poursuivants. Dans ce contexte tendu, la direction st\u00e9phanoise s\u2019active pour ajuster l\u2019effectif d\u00e8s cet hiver. Et une piste aussi symbolique qu\u2019inattendue commence \u00e0 faire parler dans le Forez.<\/strong><\/p>\n<p>Une mont\u00e9e encore loin d\u2019\u00eatre acquise<\/p>\n<p>Si l\u2019<a href=\"https:\/\/mediafoot.net\/s\/asse\/\" target=\"_blank\" rel=\"noopener\">ASSE<\/a> conserve des ambitions claires de retour en <a href=\"https:\/\/mediafoot.net\/competition\/ligue-1-2025-2026\/\" data-type=\"link\" data-id=\"https:\/\/mediafoot.net\/competition\/ligue-1-2025-2026\/\" target=\"_blank\" rel=\"noopener\">Ligue 1<\/a>, le bilan de la premi\u00e8re moiti\u00e9 de saison n\u2019a rien d\u2019un long fleuve tranquille. <strong>Devanc\u00e9s par Troyes, Reims et le Red Star<\/strong>, les St\u00e9phanois savent que la moindre erreur pourrait co\u00fbter cher dans une Ligue 2 particuli\u00e8rement dense.<\/p>\n<p>Ivan Gazidis et Kilmer Sport Ventures en sont conscients. Le club ne devrait pas rester immobile durant ce mercato hivernal, avec l\u2019id\u00e9e d\u2019apporter des ajustements cibl\u00e9s plut\u00f4t que de bouleverser l\u2019\u00e9quilibre g\u00e9n\u00e9ral. Une piste offensive, <a href=\"https:\/\/mediafoot.net\/mercato-asse-une-revelation-de-ligue-2-approchee-par-les-verts-pour-dynamiser-lentrejeu\/\" target=\"_blank\" rel=\"noopener\">menant notamment \u00e0 Enzo Bardeli<\/a>, reste \u00e0 l\u2019\u00e9tude, mais c\u2019est surtout derri\u00e8re que les priorit\u00e9s se dessinent.<\/p>\n<p>Le secteur d\u00e9fensif au c\u0153ur des r\u00e9flexions<\/p>\n<p>La d\u00e9fense st\u00e9phanoise a parfois montr\u00e9 des signes de fragilit\u00e9, notamment dans la gestion des temps faibles. Pour Eirik Horneland, renforcer l\u2019axe appara\u00eet comme un levier essentiel afin de s\u00e9curiser les matchs serr\u00e9s, fr\u00e9quents en Ligue 2. C\u2019est dans ce contexte qu\u2019un nom bien connu du public de Geoffroy-Guichard refait surface. Celui d\u2019un joueur pass\u00e9 par le club, aujourd\u2019hui libre ou sur le point de l\u2019\u00eatre, et dont l\u2019exp\u00e9rience pourrait peser lourd dans la course \u00e0 la mont\u00e9e.<\/p>\n<p>Kurt Zouma, une opportunit\u00e9\u2026 \u00e0 double tranchant<\/p>\n<p><strong>L\u2019hypoth\u00e8se Kurt Zouma intrigue<\/strong>. L\u2019ancien d\u00e9fenseur central st\u00e9phanois, aujourd\u2019hui \u00e2g\u00e9 de 31 ans, devrait tr\u00e8s prochainement se retrouver libre de tout contrat. En cause, une situation contractuelle d\u00e9licate en Roumanie, o\u00f9 son club actuel, <strong>le CFR Cluj, n\u2019aurait pas honor\u00e9 ses engagements financiers sur les derniers mois<\/strong>.<\/p>\n<p><a class=\"related-article simple\" href=\"https:\/\/mediafoot.net\/mercato-nantes-deux-dossiers-tres-ambitieux-etudies-en-coulisses\/\" target=\"_blank\" rel=\"noopener\">MercatoMercato Nantes : Deux dossiers tr\u00e8s ambitieux \u00e9tudi\u00e9s en coulisses<\/a><\/p>\n<p>Sportivement, le profil interpelle. International fran\u00e7ais, rompu aux exigences du tr\u00e8s haut niveau, Zouma apporterait un v\u00e9cu rare pour un vestiaire de Ligue 2. Leadership, impact physique, gestion des moments cl\u00e9s : autant d\u2019atouts qui pourraient faire la diff\u00e9rence dans un sprint final souvent impitoyable.<\/p>\n<p>Les zones d\u2019ombre du dossier<\/p>\n<p>Mais ce dossier est loin d\u2019\u00eatre simple. D\u2019abord sur le plan physique. Apr\u00e8s plusieurs saisons marqu\u00e9es par des p\u00e9pins et une utilisation irr\u00e9guli\u00e8re, l\u2019\u00e9tat de forme r\u00e9el du joueur interroge. Ensuite, et surtout, sur le plan salarial. M\u00eame libre, Kurt Zouma reste un joueur au statut \u00e9lev\u00e9, avec des exigences potentiellement incompatibles avec la grille st\u00e9phanoise. La question se pose donc : un tel pari est-il coh\u00e9rent avec la strat\u00e9gie de Gazidis ? Rien n\u2019indique \u00e0 ce stade que l\u2019ASSE soit pr\u00eate \u00e0 d\u00e9s\u00e9quilibrer son mod\u00e8le \u00e9conomique, m\u00eame pour un joueur \u00e0 0\u20ac.<\/p>\n<p>Un signal fort\u2026 ou une simple piste ?<\/p>\n<p>Si cette option venait \u00e0 se concr\u00e9tiser, elle enverrait un message clair au championnat : Saint-\u00c9tienne veut monter, et vite. Mais l\u2019hypoth\u00e8se reste conditionn\u00e9e \u00e0 de nombreux param\u00e8tres, bien loin d\u2019un simple feu vert administratif. Pour l\u2019instant, le dossier demeure \u00e0 l\u2019\u00e9tat de r\u00e9flexion avanc\u00e9e, sans certitude. Mais dans un mercato o\u00f9 chaque opportunit\u00e9 compte, l\u2019ASSE pourrait bien surprendre. Et rappeler que, m\u00eame en Ligue 2, son nom continue d\u2019attirer des profils inattendus.<\/p>\n","protected":false},"excerpt":{"rendered":"Afficher les titres Masquer les titres \u00c0 la mi-saison, l\u2019AS Saint-\u00c9tienne avance, mais sans marge. Quatri\u00e8mes de Ligue&hellip;\n","protected":false},"author":2,"featured_media":651318,"comment_status":"","ping_status":"","sticky":false,"template":"","format":"standard","meta":{"footnotes":""},"categories":[9653],"tags":[1111,11,2430,1777,674,1011,27,12,25,4001],"class_list":{"0":"post-651317","1":"post","2":"type-post","3":"status-publish","4":"format-standard","5":"has-post-thumbnail","7":"category-saint-etienne","8":"tag-actu","9":"tag-actualites","10":"tag-auvergne-rhone-alpes","11":"tag-eu","12":"tag-europe","13":"tag-fr","14":"tag-france","15":"tag-news","16":"tag-republique-francaise","17":"tag-saint-etienne"},"share_on_mastodon":{"url":"https:\/\/pubeurope.com\/@fr\/115864322970012520","error":""},"_links":{"self":[{"href":"https:\/\/www.europesays.com\/fr\/wp-json\/wp\/v2\/posts\/651317","targetHints":{"allow":["GET"]}}],"collection":[{"href":"https:\/\/www.europesays.com\/fr\/wp-json\/wp\/v2\/posts"}],"about":[{"href":"https:\/\/www.europesays.com\/fr\/wp-json\/wp\/v2\/types\/post"}],"author":[{"embeddable":true,"href":"https:\/\/www.europesays.com\/fr\/wp-json\/wp\/v2\/users\/2"}],"replies":[{"embeddable":true,"href":"https:\/\/www.europesays.com\/fr\/wp-json\/wp\/v2\/comments?post=651317"}],"version-history":[{"count":0,"href":"https:\/\/www.europesays.com\/fr\/wp-json\/wp\/v2\/posts\/651317\/revisions"}],"wp:featuredmedia":[{"embeddable":true,"href":"https:\/\/www.europesays.com\/fr\/wp-json\/wp\/v2\/media\/651318"}],"wp:attachment":[{"href":"https:\/\/www.europesays.com\/fr\/wp-json\/wp\/v2\/media?parent=651317"}],"wp:term":[{"taxonomy":"category","embeddable":true,"href":"https:\/\/www.europesays.com\/fr\/wp-json\/wp\/v2\/categories?post=651317"},{"taxonomy":"post_tag","embeddable":true,"href":"https:\/\/www.europesays.com\/fr\/wp-json\/wp\/v2\/tags?post=651317"}],"curies":[{"name":"wp","href":"https:\/\/api.w.org\/{rel}","templated":true}]}}